{"id":27646,"date":"2023-05-28T19:20:45","date_gmt":"2023-05-28T17:20:45","guid":{"rendered":"http:\/\/info.sadowne.pl\/?p=27646"},"modified":"2023-05-28T19:22:43","modified_gmt":"2023-05-28T17:22:43","slug":"swieto-powiatu-wegrowskiego-ma-sie-ku-koncowi","status":"publish","type":"post","link":"https:\/\/info.sadowne.pl\/?p=27646","title":{"rendered":"\u015awi\u0119to Powiatu W\u0119growskiego ma si\u0119 ku ko\u0144cowi!"},"content":{"rendered":"<p><strong><a href=\"http:\/\/info.sadowne.pl\/wp-content\/uploads\/2023\/05\/2023.05.28.1-scaled.jpg\" target=\"_blank\" rel=\"noopener\"><img loading=\"lazy\" decoding=\"async\" class=\"alignleft wp-image-27647 size-thumbnail\" src=\"http:\/\/info.sadowne.pl\/wp-content\/uploads\/2023\/05\/2023.05.28.1-180x130.jpg\" alt=\"\" width=\"180\" height=\"130\" \/><\/a>Jeszcze tylko popo\u0142udniowy koncert Zespo\u0142u \u201eBayera\u201d oraz Zespo\u0142u \u201eAmbitus\u201d i Dni Powiatu W\u0119growskiego zako\u0144cz\u0105 si\u0119.<\/strong><!--more--><\/p>\n<p>28 maja na Rynku Mariackim w W\u0119growie zaprezentowa\u0142 si\u0119 Powiat W\u0119growski festynem promuj\u0105cym turystyk\u0119 Doliny Liwca. Wsp\u00f3\u0142organizatorem festynu by\u0142 Samorz\u0105d Wojew\u00f3dztwa Mazowieckiego, a patronatem obj\u0119\u0142a go Senator RP p. Maria Koc.<\/p>\n<p>Na zaproszenie Starosty W\u0119growskiego p. Ewy Besztak i Przewodnicz\u0105cego Rady Powiatu p. Leszka Redosza odpowiedzia\u0142o wiele firm turystycznych, instytucji oraz k\u00f3\u0142 gospody\u0144 wiejskich, kt\u00f3re zawita\u0142y na Rynek Mariacki ze swoimi stoiskami (szkoda tylko, \u017ce dla wszystkich zainteresowanych promocj\u0105 powiatu w\u0119growskiego zabrak\u0142o tam miejsca).<\/p>\n<p>Opr\u00f3cz wspomnianych stoisk, na uczestnik\u00f3w pikniku czeka\u0142o wiele atrakcji, w tym wyst\u0119py m\u0142odych artyst\u00f3w, ekologiczny teatrzyk i warsztaty, konkursy, dmucha\u0144ce, a dla smakoszy \u2013 lokalne potrawy.<\/p>\n<p>Podczas pikniku wr\u0119czono te\u017c wszystkim ko\u0142om gospody\u0144 wiejskich z terenu powiatu czeki w wysoko\u015bci 8 \u2013 9 tys. z\u0142., jako pomoc finansow\u0105 na dzia\u0142alno\u015b\u0107 statutow\u0105 przyznan\u0105 przez Agencj\u0119 Restrukturyzacji i Modernizacji Rolnictwa, dofinansowan\u0105 ze \u015brodk\u00f3w bud\u017cetu pa\u0144stwa. Czeki na \u0142\u0105czn\u0105 kwot\u0119 555 tys. z\u0142. wr\u0119czali: senator Maria Koc, pose\u0142 Maciej G\u00f3rski, pose\u0142 Daniel Milewski i Starosta W\u0119growski Ewa Besztak.<\/p>\n<p>Na w\u0119growskiej scenie pojawili si\u0119 te\u017c przedstawiciele sadowie\u0144skich k\u00f3\u0142 gospody\u0144 wiejskich. Odebrane przez nich czeki zostan\u0105 wkr\u00f3tce spo\u017cytkowane na cele w\u0142asne k\u00f3\u0142. Obejrzyjmy relacj\u0119 z tego wydarzenia.<\/p>\n<p><span style=\"color: #0000ff;\"><a style=\"color: #0000ff;\" href=\"https:\/\/photos.app.goo.gl\/pqEJLRML1N3vKMVa9\" target=\"_blank\" rel=\"noopener\"><strong>Zdj\u0119cia w galerii Google&gt;&gt;&gt;<\/strong><\/a><\/span><\/p>\n<p><strong>Tekst\/foto: <\/strong>S\u0142awek Chyli\u0144ski<\/p>\n","protected":false},"excerpt":{"rendered":"<p>Jeszcze tylko popo\u0142udniowy koncert Zespo\u0142u \u201eBayera\u201d oraz Zespo\u0142u \u201eAmbitus\u201d i Dni Powiatu W\u0119growskiego zako\u0144cz\u0105 si\u0119.<\/p>\n","protected":false},"author":1,"featured_media":0,"comment_status":"closed","ping_status":"closed","sticky":false,"template":"","format":"standard","meta":{"footnotes":""},"categories":[5,1,2495],"tags":[3788,3194,198],"class_list":["post-27646","post","type-post","status-publish","format-standard","hentry","category-newsy","category-inne","category-nasi-sasiedzi","tag-dni-powiatu-wegrowskiego","tag-kola-gospodyn-wiejskich","tag-starostwo-powiatowe-w-wegrowie"],"views":1796,"_links":{"self":[{"href":"https:\/\/info.sadowne.pl\/index.php?rest_route=\/wp\/v2\/posts\/27646","targetHints":{"allow":["GET"]}}],"collection":[{"href":"https:\/\/info.sadowne.pl\/index.php?rest_route=\/wp\/v2\/posts"}],"about":[{"href":"https:\/\/info.sadowne.pl\/index.php?rest_route=\/wp\/v2\/types\/post"}],"author":[{"embeddable":true,"href":"https:\/\/info.sadowne.pl\/index.php?rest_route=\/wp\/v2\/users\/1"}],"replies":[{"embeddable":true,"href":"https:\/\/info.sadowne.pl\/index.php?rest_route=%2Fwp%2Fv2%2Fcomments&post=27646"}],"version-history":[{"count":2,"href":"https:\/\/info.sadowne.pl\/index.php?rest_route=\/wp\/v2\/posts\/27646\/revisions"}],"predecessor-version":[{"id":27649,"href":"https:\/\/info.sadowne.pl\/index.php?rest_route=\/wp\/v2\/posts\/27646\/revisions\/27649"}],"wp:attachment":[{"href":"https:\/\/info.sadowne.pl\/index.php?rest_route=%2Fwp%2Fv2%2Fmedia&parent=27646"}],"wp:term":[{"taxonomy":"category","embeddable":true,"href":"https:\/\/info.sadowne.pl\/index.php?rest_route=%2Fwp%2Fv2%2Fcategories&post=27646"},{"taxonomy":"post_tag","embeddable":true,"href":"https:\/\/info.sadowne.pl\/index.php?rest_route=%2Fwp%2Fv2%2Ftags&post=27646"}],"curies":[{"name":"wp","href":"https:\/\/api.w.org\/{rel}","templated":true}]}}