{"id":27653,"date":"2023-05-30T21:05:40","date_gmt":"2023-05-30T19:05:40","guid":{"rendered":"http:\/\/info.sadowne.pl\/?p=27653"},"modified":"2023-05-30T21:05:40","modified_gmt":"2023-05-30T19:05:40","slug":"ks-biskup-odwiedzil-zsp-w-sadownem","status":"publish","type":"post","link":"https:\/\/info.sadowne.pl\/?p=27653","title":{"rendered":"Ks. Biskup odwiedzi\u0142 ZSP w Sadownem"},"content":{"rendered":"<p><strong><a href=\"http:\/\/info.sadowne.pl\/wp-content\/uploads\/2023\/05\/2023.05.30.1-scaled.jpg\" target=\"_blank\" rel=\"noopener\"><img loading=\"lazy\" decoding=\"async\" class=\"alignleft wp-image-27654 size-thumbnail\" src=\"http:\/\/info.sadowne.pl\/wp-content\/uploads\/2023\/05\/2023.05.30.1-180x130.jpg\" alt=\"\" width=\"180\" height=\"130\" \/><\/a>Od trzech dni w Parafii \u015bw. Jana Chrzciciela w Sadownem trwa wizytacja kanoniczna ks. bpa Piotra Sawczuka \u2013 Biskupa Drohiczy\u0144skiego. 30 maja odwiedzi\u0142 r\u00f3wnie\u017c Zesp\u00f3\u0142 Szk\u00f3\u0142 Ponadpodstawowych w Sadownem.<\/strong><!--more--><\/p>\n<p>Zgodnie z prawem kanonicznym \u201eBiskup diecezjalny poprzez swoj\u0105 pos\u0142ug\u0119 utwierdza lud wierny w wierze, nadziei i mi\u0142o\u015bci. Biskup realizuje te cele w szczeg\u00f3lnym wymiarze w ramach wizytacji kanonicznej. Biskup ma obowi\u0105zek przeprowadzi\u0107 tak\u0105 wizytacj\u0119 zgodnie z norm\u0105 prawn\u0105 Kodeksu Prawa Kanonicznego, raz na pi\u0119\u0107 lat, osobi\u015bcie lub przez swojego biskupa pomocniczego\u201d (por. kan. 396 \u2013 397 KPK).<\/p>\n<p>Taka wizytacja kanoniczna sadowie\u0144skiej Parafii rozpocz\u0119\u0142a si\u0119 w niedziel\u0119 28 maja 2023 roku &#8211; ks. bp Piotr Sawczuk spotka\u0142 si\u0119 z parafianami w sadowie\u0144skim ko\u015bciele i kaplicy w Mrozowej Woli. W dniu 30 maja odby\u0142a si\u0119 msza w kaplicy w Ko\u0142odzi\u0105\u017cu i spotkanie z nauczycielami oraz uczniami NSP w Ko\u0142odzi\u0105\u017cu, Szko\u0142y Podstawowej i Przedszkola w Sadownem, a tak\u017ce Zespo\u0142u Szk\u00f3\u0142 Ponadpodstawowych w Sadownem. W ostatnim dniu wizytacji, 31 maja,\u00a0 takie spotkania odb\u0119d\u0105 si\u0119 w kaplicy w Zarzetce oraz Szkole Podstawowej w Grabinach, Centrum Rehabilitacji w Sadolesiu oraz Urz\u0119dzie Gminy w Sadownem. Wizytacj\u0119 zako\u0144czy popo\u0142udniowa msza i bierzmowanie w sadowie\u0144skim ko\u015bciele parafialnym.<\/p>\n<p>Zaraz po po\u0142udniu 30 maja ks. bp Piotr Sawczuk przyby\u0142 do Zespo\u0142u Szk\u00f3\u0142 Ponadpodstawowych w Sadownem. Zosta\u0142 powitany ju\u017c w wej\u015bciu do budynku, a na korytarzu przeszed\u0142 przez powitalny szpaler uczni\u00f3w w strojach z epoki, cz\u0142onk\u00f3w Zespo\u0142u Ta\u0144ca Ludowego ORKAN, dzia\u0142aj\u0105cego przy ZSP w Sadownem.<\/p>\n<p>Ks. biskup Sawczuk oficjalnie zosta\u0142 powitany w sali gimnastycznej, gdzie czekali na Niego uczniowie, nauczyciele ZSP oraz zaproszeni go\u015bcie. Asyst\u0119 ks. biskupa sprawowali ksi\u0119\u017ca przybyli wraz z Nim z Drohiczyna: ks. Marcin Go\u0142\u0119biewski \u2013 dyrektor Centrum Informacji Diecezji Drohiczy\u0144skiej i jednocze\u015bnie rzecznik prasowy Diecezji oraz ks. Marcin Szymanik \u2013 sekretarz i kapelan Biskupa Drohiczy\u0144skiego (obydwaj s\u0105 absolwentami naszego Liceum Og\u00f3lnokszta\u0142c\u0105cego), a tak\u017ce ksi\u0119\u017ca z sadowie\u0144skiej parafii: ks. proboszcz Antoni Kunicki, ks. kanonik Stanis\u0142aw Wojciechowski, ks. Piotr P\u0119dzich i ks. Krzysztof Rzepczy\u0144ski.<\/p>\n<p>Po wprowadzeniu sztandaru Szko\u0142y i od\u015bpiewaniu hymnu pa\u0144stwowego, g\u0142os zabra\u0142 dyrektor ZSP Sadowne p. S\u0142awomir Ryszawa, witaj\u0105c ks. biskupa i przyby\u0142ych go\u015bci. Do powitania przy\u0142\u0105czy\u0142 si\u0119 w swoim wyst\u0105pieniu Wicestarosta W\u0119growski p. Marek Renik, opowiadaj\u0105c troch\u0119 o historii szko\u0142y, a troch\u0119 o jej absolwentach.<\/p>\n<p>Nast\u0119pnie g\u0142os oddano szkolnej m\u0142odzie\u017cy, kt\u00f3ra zaprezentowa\u0142a akademi\u0119 z okazji 160. rocznicy wybuchu Powstania Styczniowego. Monta\u017c s\u0142owno \u2013 muzyczny, \u201eokraszony\u201d ta\u0144cem szkolnego zespo\u0142u i prezentacj\u0105 multimedialn\u0105, m\u0142odzi arty\u015bci przygotowali pod okiem swoich nauczycieli pp.: Janusza Sternickiego, Beaty Bodzon, Kamila Kie\u0142ka oraz Miros\u0142awy Renik i Marty Osman, kt\u00f3re prowadz\u0105 szkolny Zesp\u00f3\u0142 Ta\u0144ca Ludowego ORKAN. To by\u0142a\u2026 \u015bwietnie przygotowana tematyczna akademia. Brawa dla uczni\u00f3w i ich wychowawc\u00f3w.<\/p>\n<p>Po akademii jeszcze kilka s\u0142\u00f3w do go\u015bci oraz m\u0142odzie\u017cy &#8211; podsumowanie ks. bpa Piotra Sawczuka &#8211; o walce o wolno\u015b\u0107 narodu polskiego, tradycjach i znaczeniu wiary chrze\u015bcija\u0144skiej. R\u00f3wnie\u017c o Parafii Sadowne i absolwentach naszej szko\u0142y \u015bredniej. Reasumuj\u0105c, jak stwierdzi\u0142 bp Sawczuk, okazuje si\u0119, \u017ce podczas tego spotkania\u2026 tylko on nie jest absolwentem \u015bwietnej, sadowie\u0144skiej szko\u0142y \u015bredniej.<\/p>\n<p>Ju\u017c ca\u0142kowicie na koniec \u2013 wsp\u00f3lne zdj\u0119cie, rozmowy \u201ew kuluarach\u201d i wspania\u0142y obiad w wykonaniu uczni\u00f3w Technikum \u017bywienia i Us\u0142ug Gastronomicznych w Sadownem, oczywi\u015bcie pod okiem niezast\u0105pionych wychowawczy\u0144: p. Marii Dobies i p. Magdaleny Figo\u0144. Wszystko by\u0142o smaczne, pe\u0142na profeska!<\/p>\n<p><span style=\"color: #0000ff;\"><a style=\"color: #0000ff;\" href=\"https:\/\/photos.app.goo.gl\/wdnW4uMrZXG1WuDt7\" target=\"_blank\" rel=\"noopener\"><strong>Zdj\u0119cia w galerii Google&gt;&gt;&gt;<\/strong><\/a><\/span><\/p>\n<p><strong>Tekst\/foto:<\/strong> S\u0142awek Chyli\u0144ski<\/p>\n","protected":false},"excerpt":{"rendered":"<p>Od trzech dni w Parafii \u015bw. Jana Chrzciciela w Sadownem trwa wizytacja kanoniczna ks. bpa Piotra Sawczuka \u2013 Biskupa Drohiczy\u0144skiego. 30 maja odwiedzi\u0142 r\u00f3wnie\u017c Zesp\u00f3\u0142 Szk\u00f3\u0142 Ponadpodstawowych w Sadownem.<\/p>\n","protected":false},"author":1,"featured_media":0,"comment_status":"closed","ping_status":"closed","sticky":false,"template":"","format":"standard","meta":{"footnotes":""},"categories":[5,1752,85],"tags":[3979,3980,3197],"class_list":["post-27653","post","type-post","status-publish","format-standard","hentry","category-newsy","category-edukacja","category-zsp","tag-ks-bp-piotr-sawczuk","tag-wizytacja-kanoniczna-parafii-sadowne","tag-zespol-szkol-ponadpodstawowych-w-sadownem"],"views":2019,"_links":{"self":[{"href":"https:\/\/info.sadowne.pl\/index.php?rest_route=\/wp\/v2\/posts\/27653","targetHints":{"allow":["GET"]}}],"collection":[{"href":"https:\/\/info.sadowne.pl\/index.php?rest_route=\/wp\/v2\/posts"}],"about":[{"href":"https:\/\/info.sadowne.pl\/index.php?rest_route=\/wp\/v2\/types\/post"}],"author":[{"embeddable":true,"href":"https:\/\/info.sadowne.pl\/index.php?rest_route=\/wp\/v2\/users\/1"}],"replies":[{"embeddable":true,"href":"https:\/\/info.sadowne.pl\/index.php?rest_route=%2Fwp%2Fv2%2Fcomments&post=27653"}],"version-history":[{"count":1,"href":"https:\/\/info.sadowne.pl\/index.php?rest_route=\/wp\/v2\/posts\/27653\/revisions"}],"predecessor-version":[{"id":27655,"href":"https:\/\/info.sadowne.pl\/index.php?rest_route=\/wp\/v2\/posts\/27653\/revisions\/27655"}],"wp:attachment":[{"href":"https:\/\/info.sadowne.pl\/index.php?rest_route=%2Fwp%2Fv2%2Fmedia&parent=27653"}],"wp:term":[{"taxonomy":"category","embeddable":true,"href":"https:\/\/info.sadowne.pl\/index.php?rest_route=%2Fwp%2Fv2%2Fcategories&post=27653"},{"taxonomy":"post_tag","embeddable":true,"href":"https:\/\/info.sadowne.pl\/index.php?rest_route=%2Fwp%2Fv2%2Ftags&post=27653"}],"curies":[{"name":"wp","href":"https:\/\/api.w.org\/{rel}","templated":true}]}}