{"id":27656,"date":"2023-05-31T12:36:18","date_gmt":"2023-05-31T10:36:18","guid":{"rendered":"http:\/\/info.sadowne.pl\/?p=27656"},"modified":"2023-05-31T12:36:18","modified_gmt":"2023-05-31T10:36:18","slug":"kronika-strazacka-22-28-05-2023","status":"publish","type":"post","link":"https:\/\/info.sadowne.pl\/?p=27656","title":{"rendered":"Kronika stra\u017cacka 22 \u2013 28.05.2023"},"content":{"rendered":"<p><strong><a href=\"http:\/\/info.sadowne.pl\/wp-content\/uploads\/2013\/07\/straz3.jpg\"><img loading=\"lazy\" decoding=\"async\" class=\"alignleft size-thumbnail wp-image-2625\" src=\"http:\/\/info.sadowne.pl\/wp-content\/uploads\/2013\/07\/straz3-180x130.jpg\" alt=\"\" width=\"180\" height=\"130\" \/><\/a>W<\/strong><strong> okresie<\/strong><strong> 22 &#8211; 28.05.2023 na<\/strong><strong> terenie<\/strong><strong> powiatu<\/strong><strong> w\u0119growskiego<\/strong><strong> zanotowano: <\/strong><strong>12 zdarze\u0144,<\/strong><strong> przy<\/strong><strong> kt\u00f3rych<\/strong><strong> interweniowa\u0142y<\/strong><strong> jednostki<\/strong><strong> ochrony<\/strong><strong> przeciwpo\u017carowej, w tym:<\/strong><strong> 6 po\u017car\u00f3w, 6 miejscowych zagro\u017ce\u0144.<\/strong><!--more--><\/p>\n<p><strong>22.05.2023 \u2013 \u0141och\u00f3w \u2013 po\u017car <\/strong><strong>\u015bci\u00f3\u0142ki w lesie<\/strong><strong>.<\/strong><strong>\u00a0<\/strong><\/p>\n<p>Do SKKP w W\u0119growie wp\u0142yn\u0119\u0142a formatka o tre\u015bci: &#8222;PALI SI\u0118 \u015a\u0106I\u00d3LKA W LESIE OD ULICY FABRYCZNEJ DO BACZEK DOJEZDZAJAC DO SZOSY NA G\u00d3RCE SI\u0118 PALI WIDAC ZADYMIENIE&#8221;. Do po\u017caru zosta\u0142y zadysponowane 2 zast\u0119py: JRG posterunek oraz pobliskie OSP \u0141och\u00f3w Fabryczny. Po\u017car na powierzchni oko\u0142o 25 ar\u00f3w. Pali\u0142a si\u0119 \u015bci\u00f3\u0142ka w lesie sosnowym. Dzia\u0142ania zast\u0119p\u00f3w polega\u0142y na zabezpieczeniu miejsca zdarzenia oraz podaniu dw\u00f3ch pr\u0105d\u00f3w wody w natarciu na pal\u0105cy si\u0119 \u015bci\u00f3\u0142k\u0119. Prowadzone dzia\u0142ania doprowadzi\u0142y do lokalizacji po\u017caru, nast\u0119pnie przelano pogorzelisko wod\u0105 doprowadzaj\u0105c do ugaszenia po\u017caru. Na tym dzia\u0142ania zast\u0119p\u00f3w zako\u0144czono.<\/p>\n<p>W dzia\u0142aniach ratowniczych udzia\u0142 bra\u0142o: 2 zast\u0119py, 9 ratownik\u00f3w.<\/p>\n<p><strong>23.05.2023 <\/strong>\u2013<strong> Wygl\u0119d\u00f3wek, gm. Wierzbno \u2013 <\/strong><strong>zderzenie 2 pojazd\u00f3w.<\/strong><\/p>\n<p>Po doje\u017adzie na miejsce zdarzenia zast\u0119pu OSP Wierzbno, KDR po przeprowadzonym rozpoznaniu stwierdzi\u0142, \u017ce na drodze powiatowej (przed Wygl\u0119d\u00f3wkiem od strony Jan\u00f3wka) dosz\u0142o do zdarzenia drogowego z udzia\u0142em samochodu osobowego i ci\u0105gnika rolniczego. Droga by\u0142a cz\u0119\u015bciowo przejezdna, pojazdy sta\u0142y na jednym pasie ruchu, jad\u0105cy sami powychodzili z pojazd\u00f3w, jedna osoba zg\u0142asza\u0142a dolegliwo\u015bci. Dzia\u0142ania zast\u0119pu OSP polega\u0142y na: udzieleniu poszkodowanej osobie kwalifikowanej pierwszej pomocy, zabezpieczeniu i oznakowaniu miejsca zdarzenia, od\u0142\u0105czeniu akumulatora. W mi\u0119dzyczasie dojecha\u0142y zast\u0119py OSP Gr\u0119bk\u00f3w i JRG W\u0119gr\u00f3w, kt\u00f3rego dow\u00f3dca przej\u0105\u0142 kierowanie dzia\u0142aniami ratowniczymi. Na miejsce przyby\u0142a karetka ZRM, kt\u00f3ry zaj\u0105\u0142 si\u0119 osob\u0105 poszkodowan\u0105. Po odje\u017adzie z miejsca zdarzenia ZRM z poszkodowan\u0105 osob\u0105 do szpitala, przekazano miejsce zdarzenia Policji i cz\u0119\u015b\u0107 zast\u0119p\u00f3w wr\u00f3ci\u0142a do bazy. Na miejscu pozosta\u0142 OSP Wierzbno na pro\u015bb\u0119 Policji w celu pomocy w zabezpieczeniu ruchu drogowego podczas dzia\u0142a\u0144 dochodzeniowych.<\/p>\n<p>W dzia\u0142aniach ratowniczych udzia\u0142 bra\u0142o: 3 zast\u0119py, 16 ratownik\u00f3w.<\/p>\n<p><strong>27.05.2023 <\/strong>\u2013<strong> Paplin, gm. Korytnica \u2013 samoch\u00f3d osobowy w rowie.<\/strong><\/p>\n<p>Po doje\u017adzie na miejsce zdarzenia zast\u0119pu OSP Borzychy, stra\u017cacy stwierdzili, \u017ce na DK-62 dosz\u0142o do zdarzenia drogowego z udzia\u0142em samochodu osobowego. Droga by\u0142a przejezdna, samoch\u00f3d osobowy znajdowa\u0142 si\u0119 w rowie przy drodze (poza pasem drogowym), 2 jad\u0105ce osoby same powychodzi\u0142y z pojazdu, jedna osoba by\u0142a poszkodowana. Dzia\u0142ania zast\u0119pu OSP polega\u0142y na zabezpieczeniu i oznakowaniu miejsca zdarzenia oraz udzieleniu poszkodowanej kobiecie kwalifikowanej pierwszej pomocy. ZRM przetransportowa\u0142 kobiet\u0119 do szpitala. W dzia\u0142aniach ratowniczych udzia\u0142 bra\u0142o: 3 zast\u0119py, 17 ratownik\u00f3w.<\/p>\n<p><strong>KP PSP W\u0119gr\u00f3w<\/strong><\/p>\n","protected":false},"excerpt":{"rendered":"<p>W okresie 22 &#8211; 28.05.2023 na terenie powiatu w\u0119growskiego zanotowano: 12 zdarze\u0144, przy kt\u00f3rych interweniowa\u0142y jednostki ochrony przeciwpo\u017carowej, w tym: 6 po\u017car\u00f3w, 6 miejscowych zagro\u017ce\u0144.<\/p>\n","protected":false},"author":1,"featured_media":0,"comment_status":"closed","ping_status":"closed","sticky":false,"template":"","format":"standard","meta":{"footnotes":""},"categories":[5,4,267],"tags":[491,643],"class_list":["post-27656","post","type-post","status-publish","format-standard","hentry","category-newsy","category-policja-straz-pozarna-pogotowie-ratunkowe","category-straz-pozarna-policja-straz-pozarna-pogotowie-ratunkowe","tag-komenda-powiatowa-panstwowej-strazy-pozarnej-w-wegrowie","tag-kronika-strazacka"],"views":1624,"_links":{"self":[{"href":"https:\/\/info.sadowne.pl\/index.php?rest_route=\/wp\/v2\/posts\/27656","targetHints":{"allow":["GET"]}}],"collection":[{"href":"https:\/\/info.sadowne.pl\/index.php?rest_route=\/wp\/v2\/posts"}],"about":[{"href":"https:\/\/info.sadowne.pl\/index.php?rest_route=\/wp\/v2\/types\/post"}],"author":[{"embeddable":true,"href":"https:\/\/info.sadowne.pl\/index.php?rest_route=\/wp\/v2\/users\/1"}],"replies":[{"embeddable":true,"href":"https:\/\/info.sadowne.pl\/index.php?rest_route=%2Fwp%2Fv2%2Fcomments&post=27656"}],"version-history":[{"count":1,"href":"https:\/\/info.sadowne.pl\/index.php?rest_route=\/wp\/v2\/posts\/27656\/revisions"}],"predecessor-version":[{"id":27657,"href":"https:\/\/info.sadowne.pl\/index.php?rest_route=\/wp\/v2\/posts\/27656\/revisions\/27657"}],"wp:attachment":[{"href":"https:\/\/info.sadowne.pl\/index.php?rest_route=%2Fwp%2Fv2%2Fmedia&parent=27656"}],"wp:term":[{"taxonomy":"category","embeddable":true,"href":"https:\/\/info.sadowne.pl\/index.php?rest_route=%2Fwp%2Fv2%2Fcategories&post=27656"},{"taxonomy":"post_tag","embeddable":true,"href":"https:\/\/info.sadowne.pl\/index.php?rest_route=%2Fwp%2Fv2%2Ftags&post=27656"}],"curies":[{"name":"wp","href":"https:\/\/api.w.org\/{rel}","templated":true}]}}