{"id":27663,"date":"2023-05-31T16:11:49","date_gmt":"2023-05-31T14:11:49","guid":{"rendered":"http:\/\/info.sadowne.pl\/?p=27663"},"modified":"2023-05-31T16:11:49","modified_gmt":"2023-05-31T14:11:49","slug":"wszystko-lezy-w-dloniach-bozych","status":"publish","type":"post","link":"https:\/\/info.sadowne.pl\/?p=27663","title":{"rendered":"\u201eWszystko le\u017cy w d\u0142oniach Bo\u017cych\u201d"},"content":{"rendered":"<p><strong><a href=\"http:\/\/info.sadowne.pl\/wp-content\/uploads\/2023\/05\/2023.05.31.1.jpg\" target=\"_blank\" rel=\"noopener\"><img loading=\"lazy\" decoding=\"async\" class=\"alignleft wp-image-27664 size-thumbnail\" src=\"http:\/\/info.sadowne.pl\/wp-content\/uploads\/2023\/05\/2023.05.31.1-180x130.jpg\" alt=\"\" width=\"180\" height=\"130\" \/><\/a>&#8211; s\u0142owa b\u0142. ks. Edwarda Grzyma\u0142y, patrona Szko\u0142y Podstawowej w Sadownem, sta\u0142y si\u0119 my\u015bl\u0105 przewodni\u0105 spotkania szkolnej spo\u0142eczno\u015bci z Ksi\u0119dzem Biskupem Diecezji Drohiczy\u0144skiej.<\/strong><!--more--><\/p>\n<p>W dniach 28, 30 i 31 maja 2023 r. ma miejsce wizytacja kanoniczna Biskupa Drohiczy\u0144skiego Ksi\u0119dza Piotra Sawczuka w naszej parafii \u2013 \u015bw. Jana Chrzciciela w Sadownem. W ramach tej wizytacji Ksi\u0105dz Biskup 30 maja o godzinie 11.30 przyby\u0142 do Szko\u0142y Podstawowej w Sadownem, aby spotka\u0107 si\u0119 z uczniami, nauczycielami i innymi pracownikami szko\u0142y. Na spotkanie to przyby\u0142y tak\u017ce dzieci z przedszkola.<\/p>\n<p>Ksi\u0105dz Biskup zosta\u0142 powitany radosnym \u015bpiewem pie\u015bni: <em>Oto jest dzie\u0144<\/em>. Nast\u0119pnie g\u0142os zabra\u0142a dyrektor szko\u0142y \u2013 p. Ma\u0142gorzata Koro\u015b, kt\u00f3ra serdecznie przywita\u0142a wszystkich przyby\u0142ych go\u015bci: Ks. Biskupa Piotra Sawczuka, jego sekretarza ks. Marcina Szymanika, ks. Marcina Go\u0142\u0119biewskiego, ks. Proboszcza Antoniego Kunickiego, w\u00f3jta gminy \u2013 p. Waldemara Cyrana, ks. Kanonika Stanis\u0142awa Wojciechowskiego, ks. Krzysztofa Rzepczy\u0144skiego, przedstawicieli Rady Rodzic\u00f3w, wszystkich nauczycieli, pracownik\u00f3w szko\u0142y i oczywi\u015bcie uczni\u00f3w.<\/p>\n<p>W dalszej cz\u0119\u015bci swego wyst\u0105pienia p. dyrektor przedstawi\u0142a histori\u0119 naszej szko\u0142y, wspomnia\u0142a o warto\u015bciach, jakimi kieruje si\u0119 plac\u00f3wka w wychowaniu m\u0142odego pokolenia, przytoczy\u0142a s\u0142owa Jana Paw\u0142a II: <em>,,Pierwsz\u0105 rzecz\u0105 musi by\u0107 zawsze dobro dziecka. Ono musi si\u0119 czu\u0107 kochane, ale musi te\u017c czu\u0107 si\u0119 bezpiecznie. Wiedzie\u0107, co mo\u017ce, a czego nie wolno mu robi\u0107.\u201d<\/em><em> Przes\u0142ania te stanowi\u0105 motto Programu Wychowawczo \u2013 Profilaktycznego szko\u0142y. N<\/em>admieni\u0142a tak\u017ce o wsp\u00f3\u0142pracy szko\u0142y z parafi\u0105. Okaza\u0142a wdzi\u0119czno\u015b\u0107 Ks. Biskupowi za dar spotkania. \u017byczy\u0142a wielu \u0142ask w pracy duszpasterskiej, poprosi\u0142a o b\u0142ogos\u0142awie\u0144stwo dla spo\u0142eczno\u015bci szkolnej.<\/p>\n<p>Swoj\u0105 rado\u015b\u0107 z odwiedzin Ksi\u0119dza Biskupa wyrazili tak\u017ce przedstawiciele rodzic\u00f3w. W imieniu przedszkolak\u00f3w dostojnego Go\u015bcia powita\u0142y: Zuzia i Karolinka wr\u0119czaj\u0105c s\u0142odkie serce i bukiet kwiat\u00f3w. Uczniowie naszej szko\u0142y w kr\u00f3tkiej cz\u0119\u015bci artystycznej, s\u0142owem m\u00f3wionym i \u015bpiewanym, ukazali posta\u0107 b\u0142ogos\u0142awionego ks. Edwarda Grzyma\u0142y, patrona naszej szko\u0142y.<\/p>\n<p>Ks. Biskup w swoim wyst\u0105pieniu nawi\u0105za\u0142 do przedstawienia uczni\u00f3w. Opowiedzia\u0142 histori\u0119 obozu w Dachau, gdzie w\u0142a\u015bnie 10 sierpnia 1942r. zosta\u0142 zagazowany ks. Edward. Nast\u0119pnie dokona\u0142 wpisu do kroniki szkolnej i udzieli\u0142 wszystkim zebranym pasterskiego b\u0142ogos\u0142awie\u0144stwa.<\/p>\n<p>Spotkanie zako\u0144czy\u0142o si\u0119 wsp\u00f3lnym zdj\u0119ciem. Odwiedziny Ksi\u0119dza Biskupa wszyscy odebrali, jako wyraz troski o jak najlepsze wychowanie dzieci i m\u0142odzie\u017cy w duchu warto\u015bci chrze\u015bcija\u0144skich. By\u0142o to niezwykle wzruszaj\u0105ce wydarzenie w \u017cyciu naszej szko\u0142y. Mamy nadziej\u0119, \u017ce wizyta Ksi\u0119dza Biskupa zapisze si\u0119 nie tylko na stronach kroniki naszej szko\u0142y, ale tak\u017ce w naszych sercach i w pami\u0119ci, jako niezwyk\u0142a wizyta.<\/p>\n<p><strong>Ewa Rowicka<\/strong><\/p>\n<p><strong>Zdj\u0119cia na stronie <span style=\"color: #0000ff;\"><a style=\"color: #0000ff;\" href=\"https:\/\/spsadowne.pl\/spotkanie-z\/\" target=\"_blank\" rel=\"noopener\">https:\/\/spsadowne.pl\/spotkanie-z\/<\/a><\/span><\/strong><\/p>\n","protected":false},"excerpt":{"rendered":"<p>&#8211; s\u0142owa b\u0142. ks. Edwarda Grzyma\u0142y, patrona Szko\u0142y Podstawowej w Sadownem, sta\u0142y si\u0119 my\u015bl\u0105 przewodni\u0105 spotkania szkolnej spo\u0142eczno\u015bci z Ksi\u0119dzem Biskupem Diecezji Drohiczy\u0144skiej.<\/p>\n","protected":false},"author":1,"featured_media":0,"comment_status":"closed","ping_status":"closed","sticky":false,"template":"","format":"standard","meta":{"footnotes":""},"categories":[5,1752,84],"tags":[3979,16,3981,3980],"class_list":["post-27663","post","type-post","status-publish","format-standard","hentry","category-newsy","category-edukacja","category-szkola-podstawowa-im-cz-wycecha","tag-ks-bp-piotr-sawczuk","tag-szkola-podstawowa-w-sadownem","tag-wizyta-biskupa-w-szkole-podstawowej-w-sadownem","tag-wizytacja-kanoniczna-parafii-sadowne"],"views":2045,"_links":{"self":[{"href":"https:\/\/info.sadowne.pl\/index.php?rest_route=\/wp\/v2\/posts\/27663","targetHints":{"allow":["GET"]}}],"collection":[{"href":"https:\/\/info.sadowne.pl\/index.php?rest_route=\/wp\/v2\/posts"}],"about":[{"href":"https:\/\/info.sadowne.pl\/index.php?rest_route=\/wp\/v2\/types\/post"}],"author":[{"embeddable":true,"href":"https:\/\/info.sadowne.pl\/index.php?rest_route=\/wp\/v2\/users\/1"}],"replies":[{"embeddable":true,"href":"https:\/\/info.sadowne.pl\/index.php?rest_route=%2Fwp%2Fv2%2Fcomments&post=27663"}],"version-history":[{"count":1,"href":"https:\/\/info.sadowne.pl\/index.php?rest_route=\/wp\/v2\/posts\/27663\/revisions"}],"predecessor-version":[{"id":27665,"href":"https:\/\/info.sadowne.pl\/index.php?rest_route=\/wp\/v2\/posts\/27663\/revisions\/27665"}],"wp:attachment":[{"href":"https:\/\/info.sadowne.pl\/index.php?rest_route=%2Fwp%2Fv2%2Fmedia&parent=27663"}],"wp:term":[{"taxonomy":"category","embeddable":true,"href":"https:\/\/info.sadowne.pl\/index.php?rest_route=%2Fwp%2Fv2%2Fcategories&post=27663"},{"taxonomy":"post_tag","embeddable":true,"href":"https:\/\/info.sadowne.pl\/index.php?rest_route=%2Fwp%2Fv2%2Ftags&post=27663"}],"curies":[{"name":"wp","href":"https:\/\/api.w.org\/{rel}","templated":true}]}}