{"id":27679,"date":"2023-06-03T23:32:54","date_gmt":"2023-06-03T21:32:54","guid":{"rendered":"http:\/\/info.sadowne.pl\/?p=27679"},"modified":"2023-06-22T17:15:50","modified_gmt":"2023-06-22T15:15:50","slug":"dzisiaj-serce-mazowsza-bilo-w-sadownem","status":"publish","type":"post","link":"https:\/\/info.sadowne.pl\/?p=27679","title":{"rendered":"Koncert Zespo\u0142u &#8222;Mazowsze&#8221;!"},"content":{"rendered":"<p><a href=\"http:\/\/info.sadowne.pl\/wp-content\/uploads\/2023\/06\/2023.06.03.1.jpg\" target=\"_blank\" rel=\"noopener\"><img loading=\"lazy\" decoding=\"async\" class=\"alignleft wp-image-27680 size-thumbnail\" src=\"http:\/\/info.sadowne.pl\/wp-content\/uploads\/2023\/06\/2023.06.03.1-180x130.jpg\" alt=\"\" width=\"180\" height=\"130\" \/><\/a><\/p>\n<p><strong>Wsp\u00f3lny wyst\u0119p: 50 lat dzia\u0142alno\u015bci \u2013 Zesp\u00f3\u0142 \u015apiewaczy \u201eSadowianki\u201d i 75 lat dzia\u0142alno\u015bci &#8211; Pa\u0144stwowy Zesp\u00f3\u0142 Ludowy Pie\u015bni i Ta\u0144ca \u201eMazowsze\u201d. Zespo\u0142y da\u0142y koncert 3 czerwca w Sadownem.<\/strong><!--more--><\/p>\n<p>Imprez\u0119, koncert na placu przy hali sportowej w Sadownem poprowadzi\u0142 p. Marcin Gr\u0119da \u2013 Zast\u0119pca W\u00f3jta Gminy Sadowne, a go\u015bci powitali jej organizatorzy: p. El\u017cbieta Lanc \u2013 Cz\u0142onek Zarz\u0105du Wojew\u00f3dztwa Mazowieckiego, p. Waldemar Cyran \u2013 W\u00f3jt Gminy Sadowne i (chwil\u0119 p\u00f3\u017aniej) p. Jacek Boniecki \u2013 Dyrektor PZLPiT \u201eMazowsze\u201d.<\/p>\n<p>50 lat, to szmat czasu \u2013 m\u00f3wimy oczywi\u015bcie o jubileuszu Zespo\u0142u \u015apiewaczego \u201eSadowianki\u201d. Miejscowi to doceniaj\u0105, a Zesp\u00f3\u0142 nie tylko lokalnie rozs\u0142awia i promuje Ziemi\u0119 Sadowie\u0144sk\u0105. Jego zas\u0142ugi s\u0105 niepodwa\u017calne. St\u0105d pozytywne opinie i nagrody. Cz\u0142onk\u00f3w Zespo\u0142u poproszono na scen\u0119, gdzie otrzymali wyr\u00f3\u017cnienia od organizator\u00f3w tego spotkania za swoj\u0105 aktywno\u015b\u0107 w sferze kultury. Do nagradzaj\u0105cych do\u0142\u0105czy\u0142 p. Marek Renik \u2013 Wicestarosta W\u0119growski. Z r\u0105k p. Elzbiety Lanc \u201eSadowianki\u201d otrzyma\u0142y specjalne, grawerowane podzi\u0119kowanie Zarz\u0105du Wojew\u00f3dztwa Mazowieckiego (przypomnijmy, \u017ce medal pami\u0105tkowy \u201ePro Masovia\u201d Zesp\u00f3\u0142 otrzyma\u0142 od Marsza\u0142ka Wojew\u00f3dztwa Mazowieckiego w 2019 roku, natomiast p. Waldemar Cyran przygotowa\u0142 dla cz\u0142onk\u00f3w Zespo\u0142u r\u00f3wnie\u017c grawerowane gratulacje i indywidualne podzi\u0119kowania.<\/p>\n<p>Nast\u0119pnie jako pierwszy na scenie zaprezentowa\u0142 sw\u00f3j repertuar Zesp\u00f3\u0142 \u015apiewaczy SADOWIANKI, obchodz\u0105cy w tym roku \u201eZ\u0142ote Gody\u201d \u2013 Zesp\u00f3\u0142 powsta\u0142 w 1973 roku przy \u00f3wczesnym Kole Gospody\u0144 Wiejskich dzia\u0142aj\u0105cym w Sadownem.<\/p>\n<p>W latach 80-tych Zesp\u00f3\u0142 przy KGW w Sadownem bra\u0142 udzia\u0142 w licznych Wojew\u00f3dzkich Przegl\u0105dach Kultury Ludowej, gdzie wykonywa\u0142 piosenki ludowe podlaskie (r\u00f3wnie\u017c o tematyce wojskowej, czy te\u017c pogrzebowej), zajmuj\u0105c czo\u0142owe miejsca lub zdobywaj\u0105c wyr\u00f3\u017cnienia za autentyczno\u015b\u0107 wykonania.<\/p>\n<p>Ko\u0142o Gospody\u0144 Wiejskich w Sadownem przesta\u0142o istnie\u0107, ale Zesp\u00f3\u0142 \u015apiewaczy pozosta\u0142. SADOWIANKI nadal \u015bpiewaj\u0105, a przy\u015bwieca im ci\u0105gle ta sama my\u015bl przewodnia: ,,Jak umiemy, tak \u015bpiewamy, z piosnk\u0105 rado\u015b\u0107 zostawiamy.\u201d Repertuar zespo\u0142u stanowi\u0105 przede wszystkim tradycyjne piosenki ludowe, ale r\u00f3wnie\u017c jest miejsce na piosenki religijne i kol\u0119dy (Jase\u0142ka), poezj\u0119 klasyczn\u0105 opart\u0105 na uczuciach, w\u0142asnych prze\u017cyciach i doznaniach, poezj\u0119 ludow\u0105, czy komedi\u0119 i dowcip zwi\u0105zany z dawn\u0105 polsk\u0105 tradycj\u0105 (Zapusty).<\/p>\n<p>SADOWIANKI zapraszane s\u0105 do r\u00f3\u017cnych miejscowo\u015bci na festyny, do\u017cynki, przegl\u0105dy artystyczne, imprezy okoliczno\u015bciowe, spotkania z m\u0142odzie\u017c\u0105 szkoln\u0105, kombatantami, jubilatami, itp.<\/p>\n<p>Kierownikiem Zespo\u0142u SADOWIANKI jest pani Krystyna Wetoszka, kt\u00f3ra pe\u0142ni t\u0119 funkcj\u0119 od 1987 roku. Zespo\u0142owi akompaniuje akordeonista \u2013 pan Andrzej Olton. Nad w\u0142a\u015bciwym brzmieniem piosenek i doborem repertuaru stosownie do okoliczno\u015bci czuwa pani Barbara Wr\u00f3bel.<\/p>\n<p>Po wyst\u0119pie \u201eSadowianek\u201d na scen\u0119 wkroczy\u0142 Pa\u0144stwowy Zesp\u00f3\u0142 Ludowy Pie\u015bni i Ta\u0144ca \u201eMazowsze\u201d.<\/p>\n<p>\u201eMazowsze\u201d to jeden z najwi\u0119kszych na \u015bwiecie zespo\u0142\u00f3w artystycznych, kt\u00f3ry od blisko 75 lat prezentuje stylizacj\u0119 polskiego folkloru w postaci widowiska muzycznego zawieraj\u0105cego elementy muzyki i ta\u0144ca. Motywy ludowe oraz charakterystyczne dla danych region\u00f3w figury taneczne stanowi\u0105 podstaw\u0119 budowania poszczeg\u00f3lnych suit ze zgrabnie skomponowan\u0105 choreograficzn\u0105 opowie\u015bci\u0105. Nazwa wywodzi si\u0119 od centralnego regionu Polski \u2013 Mazowsza, jednak repertuar zespo\u0142u szybko rozszerzy\u0142 si\u0119 o folklor innych region\u00f3w. \u201eMazowsze\u201d sta\u0142o si\u0119 fenomenem i zyska\u0142o tytu\u0142 Ambasadora Kultury Polskiej. Tym razem, 3 czerwca Zesp\u00f3\u0142 \u2018Mazowsze\u201d przyjecha\u0142 z koncertem do Sadownego.<\/p>\n<p>Koncert p.t. \u201eKalejdoskop Barw Polski\u201d:<\/p>\n<p>&#8211; Dyrygent &#8211; Jacek Boniecki<\/p>\n<p>&#8211; Przygotowanie baletu &#8211; Zofia Czechlewska<\/p>\n<p>&#8211; Przygotowanie ch\u00f3ru &#8211; Miros\u0142aw Ziomek<\/p>\n<p>&#8211; Miejsce wydarzenia \u2013 Sadowne, ul. Ko\u015bciuszki 74 (parking przy hali sportowej)<\/p>\n<p>Nie zna \u201eMazowsza\u201d, kto nie widzia\u0142 koncertu <em>Kalejdoskop Barw Polski.<\/em> To nie tylko flagowy koncert, ale tak\u017ce kwintesencja dzia\u0142alno\u015bci Zespo\u0142u. Nic tak jak <em>Kalejdoskop Barw Polski<\/em> nie oddaje istoty \u201eMazowsza\u201d. Koncert, trwaj\u0105cy z regu\u0142y oko\u0142o 2,5 godziny, to wyb\u00f3r pie\u015bni i ta\u0144c\u00f3w pochodz\u0105cych z r\u00f3\u017cnych zak\u0105tk\u00f3w Polski. Prezentuj\u0105 one folklor wsi i miasteczek, ale cz\u0119sto s\u0105 to ta\u0144ce narodowe, kt\u00f3re \u201eMazowsze\u201d tak\u017ce ma w swoim repertuarze. Podczas koncertu widzowie mog\u0105 wraz z artystami \u201eMazowsza\u201d przemierzy\u0107 ca\u0142\u0105 Polsk\u0119. Pozna\u0107 nie tylko charakterystyczne dla poszczeg\u00f3lnych region\u00f3w ta\u0144ce, przy\u015bpiewki i muzyk\u0119, ale r\u00f3wnie\u017c przyjrze\u0107 si\u0119 pi\u0119knie wykonanym i zdobionym kostiumom, kt\u00f3re ciesz\u0105 oko. To w\u0142a\u015bnie kostiumy dope\u0142niaj\u0105 ca\u0142o\u015bci obrazu \u201eMazowsza\u201d nie tylko w <em>Kalejdoskopie Barw Polski,<\/em> ale w ka\u017cdym programie zespo\u0142u. W czasie tego koncertu widzowie mog\u0105 w\u0119drowa\u0107 wraz z zespo\u0142em przez ca\u0142\u0105 Polsk\u0119. Od Kaszub, poprzez Kujawy, Zielon\u0105 G\u00f3r\u0119, region Mazowsza, Lubelszczyzn\u0119, a\u017c po g\u00f3ry i \u015al\u0105sk. Z pewno\u015bci\u0105 wielu zachwyci si\u0119 krakowiakiem czy oberkiem, wspania\u0142ymi choreografiami mistrza mazowsza\u0144skiego parkietu \u2013 Witolda Zapa\u0142y czy innych tw\u00f3rc\u00f3w jedynych w swoim rodzaju uk\u0142ad\u00f3w tanecznych. I wielu zapadn\u0105 na zawsze w pami\u0119\u0107 s\u0142owa mazowsza\u0144skich hit\u00f3w, jak <em>Kuku\u0142eczka, Cyt, cyt, Furman czy Ej, przelecia\u0142 ptaszek<\/em>. A to wszystko okraszone fantastyczn\u0105 gr\u0105 orkiestry \u201eMazowsza\u201d pod batut\u0105 dyrektora Jacka Bonieckiego. Warto zasmakowa\u0107 <em>Kalejdoskopu Barw Polski<\/em> i dotkn\u0105\u0107 tego, co w \u201eMazowszu\u201d jedyne w swoim rodzaju \u2013 polskiej kultury i polskiego folkloru w wersji dla ka\u017cdego widza. Tego wymagaj\u0105cego i wykszta\u0142conego oraz tego, kt\u00f3ry z polsk\u0105 muzyk\u0105 i kultur\u0105 styka si\u0119 po raz pierwszy.<\/p>\n<p>To wszystko prawda. Nie uwierzy tylko w to ten, kt\u00f3ry nie bra\u0142 udzia\u0142u w tak donios\u0142ym, niepowtarzalnym wydarzeniu. Jeste\u015bmy pewni, jak podkre\u015bla\u0142 kilkakrotnie p. Dyrektor Boniecki, \u017ce \u201edzisiaj serce Mazowsza bi\u0142o w Sadownem\u201d.<\/p>\n<p><span style=\"color: #0000ff;\"><a style=\"color: #0000ff;\" href=\"https:\/\/photos.app.goo.gl\/Vda1yv5Wmiv7TdCBA\" target=\"_blank\" rel=\"noopener\"><strong>Zdj\u0119cia w galerii Google&gt;&gt;&gt;<\/strong><\/a><\/span><\/p>\n<p><strong>Tekst\/foto:<\/strong> S\u0142awek Chyli\u0144ski<\/p>\n<p><strong>\u0179r\u00f3d\u0142o:<\/strong> <a href=\"https:\/\/mazowsze.waw.pl\/wydarzenia\/sadowne-kalejdoskop-barw-polski\" target=\"_blank\" rel=\"noopener\">https:\/\/mazowsze.waw.pl\/wydarzenia\/sadowne-kalejdoskop-barw-polski<\/a><\/p>\n","protected":false},"excerpt":{"rendered":"<p>Wsp\u00f3lny wyst\u0119p: 50 lat dzia\u0142alno\u015bci \u2013 Zesp\u00f3\u0142 \u015apiewaczy \u201eSadowianki\u201d i 75 lat dzia\u0142alno\u015bci &#8211; Pa\u0144stwowy Zesp\u00f3\u0142 Ludowy Pie\u015bni i Ta\u0144ca \u201eMazowsze\u201d. Zespo\u0142y da\u0142y koncert 3 czerwca w Sadownem.<\/p>\n","protected":false},"author":1,"featured_media":0,"comment_status":"closed","ping_status":"closed","sticky":false,"template":"","format":"standard","meta":{"footnotes":""},"categories":[5,91,6],"tags":[3952,169,3984,3966,960],"class_list":["post-27679","post","type-post","status-publish","format-standard","hentry","category-newsy","category-gminny-osrodek-kultury","category-kultura-rozrywka-edukacja","tag-50-lecie-zespolu-spiewaczego-sadowianki","tag-gminny-osrodek-kultury-w-sadownem","tag-koncert-mazowsza-w-sadownem","tag-panstwowy-zespol-ludowy-piesni-i-tanca-mazowsze","tag-zespol-spiewaczy-sadowianki"],"views":2633,"_links":{"self":[{"href":"https:\/\/info.sadowne.pl\/index.php?rest_route=\/wp\/v2\/posts\/27679","targetHints":{"allow":["GET"]}}],"collection":[{"href":"https:\/\/info.sadowne.pl\/index.php?rest_route=\/wp\/v2\/posts"}],"about":[{"href":"https:\/\/info.sadowne.pl\/index.php?rest_route=\/wp\/v2\/types\/post"}],"author":[{"embeddable":true,"href":"https:\/\/info.sadowne.pl\/index.php?rest_route=\/wp\/v2\/users\/1"}],"replies":[{"embeddable":true,"href":"https:\/\/info.sadowne.pl\/index.php?rest_route=%2Fwp%2Fv2%2Fcomments&post=27679"}],"version-history":[{"count":3,"href":"https:\/\/info.sadowne.pl\/index.php?rest_route=\/wp\/v2\/posts\/27679\/revisions"}],"predecessor-version":[{"id":27768,"href":"https:\/\/info.sadowne.pl\/index.php?rest_route=\/wp\/v2\/posts\/27679\/revisions\/27768"}],"wp:attachment":[{"href":"https:\/\/info.sadowne.pl\/index.php?rest_route=%2Fwp%2Fv2%2Fmedia&parent=27679"}],"wp:term":[{"taxonomy":"category","embeddable":true,"href":"https:\/\/info.sadowne.pl\/index.php?rest_route=%2Fwp%2Fv2%2Fcategories&post=27679"},{"taxonomy":"post_tag","embeddable":true,"href":"https:\/\/info.sadowne.pl\/index.php?rest_route=%2Fwp%2Fv2%2Ftags&post=27679"}],"curies":[{"name":"wp","href":"https:\/\/api.w.org\/{rel}","templated":true}]}}