{"id":27682,"date":"2023-06-04T22:13:00","date_gmt":"2023-06-04T20:13:00","guid":{"rendered":"http:\/\/info.sadowne.pl\/?p=27682"},"modified":"2023-06-04T22:16:29","modified_gmt":"2023-06-04T20:16:29","slug":"piknik-rodzinny-2023","status":"publish","type":"post","link":"https:\/\/info.sadowne.pl\/?p=27682","title":{"rendered":"Piknik Rodzinny 2023 w Sadownem"},"content":{"rendered":"<p><a href=\"http:\/\/info.sadowne.pl\/wp-content\/uploads\/2023\/06\/2023.06.04.1.jpg\" target=\"_blank\" rel=\"noopener\"><img loading=\"lazy\" decoding=\"async\" class=\"alignleft wp-image-27683 size-thumbnail\" src=\"http:\/\/info.sadowne.pl\/wp-content\/uploads\/2023\/06\/2023.06.04.1-180x130.jpg\" alt=\"\" width=\"180\" height=\"130\" \/><\/a><\/p>\n<p><strong>Ju\u017c od kilku lat na pocz\u0105tku czerwca w Sadownem odbywa si\u0119 Piknik Rodzinny po\u0142\u0105czony z Dniem Dziecka. Tym razem gminna impreza odby\u0142a si\u0119 4 czerwca.<\/strong><!--more--><\/p>\n<p>W niedzielne popo\u0142udnie na placu przy hali sportowej w Sadownem odby\u0142 si\u0119 Piknik Rodzinny. Jest to impreza, kt\u00f3ra organizowana jest w miejsce Dnia Dziecka z atrakcjami nie tylko dla dzieci, ale dla ca\u0142ych rodzin. Organizatorami tej imprezy byli: Gmina Sadowne, Gminny O\u015brodek Kultury w Sadownem, Gminna Komisja Rozwi\u0105zywania Problem\u00f3w Alkoholowych w Sadownem i Stowarzyszenie na Rzecz Rozwoju Gminy Sadowne, natomiast partnerami: Gminna Biblioteka Publiczna w Sadownem, Ochotnicza Stra\u017c Po\u017carna w Sadownem i 123 Dru\u017cyna Harcerska \u201eW\u0142\u00f3czykije\u201d w Sadownem.<\/p>\n<p>Jak zawsze, uczestnicy mogli liczy\u0107 m.in. na ciep\u0142e danie (tym razem hot dogi), lody, wat\u0119 cukrow\u0105, popcorn, malowanie twarzy, weso\u0142e miasteczko, gry i zabawy zr\u0119czno\u015bciowe\u2026 a tak\u017ce zapoznanie si\u0119 ze sprz\u0119tem po\u017carniczym i r\u00f3\u017cnymi dzia\u0142aniami stra\u017cy na miejscach zdarze\u0144 \u2013 prezentacj\u0119 przygotowali druhowie z OSP Sadowne, kt\u00f3rzy r\u00f3wnie\u017c wsp\u00f3\u0142dzia\u0142ali z organizatorami w przygotowaniu i zabezpieczeniu Pikniku. Zainteresowani mogli te\u017c zwiedzi\u0107 Muzeum Ziemi Sadowie\u0144skiej.<\/p>\n<p>R\u00f3wnolegle z Piknikiem odbywa\u0142 si\u0119 bieg dla dzieci \u201eBiegam, bo lubi\u0119\u201d w r\u00f3\u017cnych kategoriach wiekowych, kt\u00f3rych uczestnicy otrzymywali ju\u017c na mecie medale pami\u0105tkowe z r\u0105k Zast\u0119pcy W\u00f3jta Gminy Sadowne p. Marcina Gr\u0119dy i p. Sebastiana Kowalczyka \u2013 Wiceprezesa Klubu Sportowego \u201eWicher\u201d Sadowne. Najlepsi otrzymali statuetki, kt\u00f3re wr\u0119czyli podczas podsumowania biegu pp.: Waldemar Cyran \u2013 W\u00f3jt Gminy Sadowne, Ewa Pi\u00f3rkowska \u2013 Dyrektor GOK w Sadownem i Sebastian Kowalczyk.<\/p>\n<p><strong>Wyniki biegu:<\/strong><\/p>\n<p><strong>Dziewcz\u0119ta 2015\/16<\/strong><\/p>\n<p>I miejsce \u2013 Marcelina Gr\u0119da<\/p>\n<p>II miejsce \u2013 Klara Rostek<\/p>\n<p>III miejsce \u2013 Iga Biernat<\/p>\n<p><strong>Dziewcz\u0119ta 2013\/14<\/strong><\/p>\n<p>I miejsce \u2013 Milena Szymanik<\/p>\n<p>II miejsce \u2013 Agata K\u0105dziela<\/p>\n<p>III miejsce \u2013 R\u00f3\u017ca Gr\u0119da<\/p>\n<p><strong>Dziewcz\u0119ta 2011\/12<\/strong><\/p>\n<p>I miejsce \u2013 Natalia Bia\u0142ek<\/p>\n<p>II miejsce \u2013 Gabriela Gasto\u0142<\/p>\n<p>III miejsce \u2013 Maja Ksi\u0105\u017cek<\/p>\n<p><strong>Ch\u0142opcy 2017 i m\u0142.<\/strong><\/p>\n<p>I miejsce \u2013 Aleksander Czaczkowski<\/p>\n<p>II miejsce \u2013 Mieszko Szczube\u0142ek<\/p>\n<p>III miejsce \u2013 Kuba Karczmarczyk<\/p>\n<p><strong>Ch\u0142opcy 2015\/16<\/strong><\/p>\n<p>I miejsce \u2013 Szymon Kowalski<\/p>\n<p>II miejsce \u2013 Filip Krasuski<\/p>\n<p>III miejsce \u2013 Mi\u0142osz Szczube\u0142ek<\/p>\n<p><strong>Ch\u0142opcy 2013\/14<\/strong><\/p>\n<p>I miejsce \u2013 Wojciech \u015alusarz<\/p>\n<p>II miejsce \u2013 Wojciech Karczmarczyk<\/p>\n<p>III miejsce \u2013 Marcel Cholewi\u0144ski<\/p>\n<p><strong>Ch\u0142opcy 2011\/12<\/strong><\/p>\n<p>I miejsce \u2013 Wiktor Gajewski<\/p>\n<p>II miejsce \u2013 Dawid Czaczkowski<\/p>\n<p>III miejsce \u2013 Dominik Gajewski<\/p>\n<p>Nast\u0119pnie wr\u0119czono dyplomy i nagrody zwyci\u0119zcom konkursu plastycznego, kt\u00f3ry z okazji Og\u00f3lnopolskiego Tygodnia Bibliotek og\u0142osi\u0142a Gminna Biblioteka Publiczna w Sadownem.<\/p>\n<p><strong>Lista os\u00f3b nagrodzonych:<\/strong><\/p>\n<p><strong>Przedszkole<\/strong><\/p>\n<p>Wyr\u00f3\u017cnienie: Lena Ksi\u0105\u017cek<\/p>\n<p><strong>Kategoria 5- 10 lat<\/strong><\/p>\n<p>I miejsce: Daria Gasto\u0142<\/p>\n<p>II miejsce: Filip Suski<\/p>\n<p>III miejsce: Mi\u0142osz Szczube\u0142ek<\/p>\n<p>Wyr\u00f3\u017cnienie: Aleksandra Krasnod\u0119bska<\/p>\n<p><strong>Kategoria 11-15 lat<\/strong><\/p>\n<p>I miejsce: Aleksandra K\u0105dziela<\/p>\n<p>II miejsce: Justyna Zawistowska<\/p>\n<p>III miejsce: Szymon Zawistowski<\/p>\n<p>Wyr\u00f3\u017cnienie: Kinga Brzostek<\/p>\n<p>W tym samym czasie rywalizowali ze sob\u0105 r\u00f3wnie\u017c uczestnicy Spartakiady Rodzinnej. W kilku nietypowych konkurencjach startowa\u0142o 5 rodzinnych dru\u017cyn. Po podsumowaniu punkt\u00f3w z gry terenowej, rywalizacji w konkurencjach: jazda na nartach, gra w siatk\u00f3wk\u0119 balonem nape\u0142nionym wod\u0105 i strza\u0142y do bramki pi\u0142k\u0105 no\u017cn\u0105, okaza\u0142o si\u0119, \u017ce \u201eSpartakiad\u0119 Rodzinn\u0105 2023\u201d wygra\u0142a rodzina Rostk\u00f3w, na drugim miejscu znalaz\u0142a si\u0119 rodzina Danaj\u00f3w, a na trzecim rodzina Witowskich. Wyr\u00f3\u017cnienia otrzyma\u0142y rodziny: Garwoli\u0144scy\/Bia\u0142ek i Szymanikowie. Najlepsi otrzymali puchary, a wszyscy nagrody rzeczowe.<\/p>\n<p>Piknik trwa\u0142 do godziny 20.00 i jak zwykle\u2026 pozostawia wszystkim uczestnikom mi\u0142e wspomnienia. Brawa dla organizator\u00f3w i sponsor\u00f3w, kt\u00f3rzy stan\u0119li na wysoko\u015bci zadania, przygotowuj\u0105c dzie\u0144 zabawy i rado\u015bci dla naszych dzieci, ale te\u017c i dla doros\u0142ych, kt\u00f3rzy r\u00f3wnie\u017c \u015bwietnie si\u0119 bawili.<\/p>\n<p><span style=\"color: #0000ff;\"><a style=\"color: #0000ff;\" href=\"https:\/\/photos.app.goo.gl\/Aw6YbmxzHLx3ht9a9\" target=\"_blank\" rel=\"noopener\"><strong>Zdj\u0119cia w galerii Google&gt;&gt;&gt;<\/strong><\/a><\/span><\/p>\n<p><strong>Tekst:<\/strong> S\u0142awek Chyli\u0144ski<\/p>\n","protected":false},"excerpt":{"rendered":"<p>Ju\u017c od kilku lat na pocz\u0105tku czerwca w Sadownem odbywa si\u0119 Piknik Rodzinny po\u0142\u0105czony z Dniem Dziecka. Tym razem gminna impreza odby\u0142a si\u0119 4 czerwca.<\/p>\n","protected":false},"author":1,"featured_media":0,"comment_status":"closed","ping_status":"closed","sticky":false,"template":"","format":"standard","meta":{"footnotes":""},"categories":[5,91,6],"tags":[125,169,3985,3088],"class_list":["post-27682","post","type-post","status-publish","format-standard","hentry","category-newsy","category-gminny-osrodek-kultury","category-kultura-rozrywka-edukacja","tag-gminna-komisja-rozwiazywania-problemow-alkoholowych-w-sadownem","tag-gminny-osrodek-kultury-w-sadownem","tag-piknik-rodzinny-2023-w-sadownem","tag-stowarzyszenie-na-rzecz-rozwoju-gminy-sadowne"],"views":2619,"_links":{"self":[{"href":"https:\/\/info.sadowne.pl\/index.php?rest_route=\/wp\/v2\/posts\/27682","targetHints":{"allow":["GET"]}}],"collection":[{"href":"https:\/\/info.sadowne.pl\/index.php?rest_route=\/wp\/v2\/posts"}],"about":[{"href":"https:\/\/info.sadowne.pl\/index.php?rest_route=\/wp\/v2\/types\/post"}],"author":[{"embeddable":true,"href":"https:\/\/info.sadowne.pl\/index.php?rest_route=\/wp\/v2\/users\/1"}],"replies":[{"embeddable":true,"href":"https:\/\/info.sadowne.pl\/index.php?rest_route=%2Fwp%2Fv2%2Fcomments&post=27682"}],"version-history":[{"count":2,"href":"https:\/\/info.sadowne.pl\/index.php?rest_route=\/wp\/v2\/posts\/27682\/revisions"}],"predecessor-version":[{"id":27685,"href":"https:\/\/info.sadowne.pl\/index.php?rest_route=\/wp\/v2\/posts\/27682\/revisions\/27685"}],"wp:attachment":[{"href":"https:\/\/info.sadowne.pl\/index.php?rest_route=%2Fwp%2Fv2%2Fmedia&parent=27682"}],"wp:term":[{"taxonomy":"category","embeddable":true,"href":"https:\/\/info.sadowne.pl\/index.php?rest_route=%2Fwp%2Fv2%2Fcategories&post=27682"},{"taxonomy":"post_tag","embeddable":true,"href":"https:\/\/info.sadowne.pl\/index.php?rest_route=%2Fwp%2Fv2%2Ftags&post=27682"}],"curies":[{"name":"wp","href":"https:\/\/api.w.org\/{rel}","templated":true}]}}