{"id":27686,"date":"2023-06-06T11:21:05","date_gmt":"2023-06-06T09:21:05","guid":{"rendered":"http:\/\/info.sadowne.pl\/?p=27686"},"modified":"2023-06-06T11:21:05","modified_gmt":"2023-06-06T09:21:05","slug":"kronika-strazacka-29-05-04-06-2023","status":"publish","type":"post","link":"https:\/\/info.sadowne.pl\/?p=27686","title":{"rendered":"Kronika stra\u017cacka 29.05 \u2013 04.06.2023"},"content":{"rendered":"<p><strong><a href=\"http:\/\/info.sadowne.pl\/wp-content\/uploads\/2023\/06\/straz3-scaled.jpg\" target=\"_blank\" rel=\"noopener\"><img loading=\"lazy\" decoding=\"async\" class=\"alignleft wp-image-27687 size-thumbnail\" src=\"http:\/\/info.sadowne.pl\/wp-content\/uploads\/2023\/06\/straz3-180x130.jpg\" alt=\"\" width=\"180\" height=\"130\" \/><\/a>W<\/strong><strong> okresie<\/strong><strong> od<\/strong><strong> 29.05 &#8211; 04.06.2023 na<\/strong><strong> terenie<\/strong><strong> powiatu<\/strong><strong> w\u0119growskiego<\/strong><strong> zanotowano: <\/strong><strong>15 zdarze\u0144,<\/strong><strong> przy<\/strong><strong> kt\u00f3rych<\/strong><strong> interweniowa\u0142y<\/strong><strong> jednostki<\/strong><strong> ochrony<\/strong><strong> przeciwpo\u017carowej, w tym:<\/strong> <strong>8 po\u017car\u00f3w, \u00a07 miejscowe zagro\u017cenia.<\/strong><!--more--><\/p>\n<p><strong>29.05.2023 \u2013 Trzebucza, gm. Gr\u0119bk\u00f3w \u2013 po\u017car lasu.<\/strong><\/p>\n<p>Po doje\u017adzie na miejsce zdarzenia zast\u0119pu OSP Gr\u0119bk\u00f3w, stra\u017cacy stwierdzili, \u017ce po\u017carem obj\u0119ta jest \u015bci\u00f3\u0142ka w lesie sosnowym, o powierzchni ok. 3 ar\u00f3w. Dzia\u0142ania zast\u0119pu polega\u0142y na zabezpieczeniu miejsca zdarzenia i podaniu dw\u00f3ch pr\u0105d\u00f3w wody w natarciu na po\u017car, co doprowadzi\u0142o do jego lokalizacji. W trakcie tych dzia\u0142a\u0144 na miejsce dotar\u0142y kolejne zast\u0119py OSP Grebk\u00f3w, Le\u015bnog\u00f3ra oraz zast\u0119p JRG W\u0119gr\u00f3w, kt\u00f3re wspar\u0142y prowadzone dzia\u0142ania. Dalsze dzia\u0142ania polega\u0142y na systematycznym przelewaniu pogorzeliska, co doprowadzi\u0142o do ugaszenia po\u017caru. Na tym dzia\u0142ania zako\u0144czono. W DZIA\u0141ANIACH RATOWNICZYCH UDZIA\u0141 BRA\u0141O: 4 zast\u0119py, 22 ratownik\u00f3w.<strong>\u00a0<\/strong><\/p>\n<p><strong>31.05.2023 <\/strong>\u2013 <strong>Rabiany, gm. Korytnica \u2013 po\u017car ci\u0105gnika.<\/strong><\/p>\n<p>Do zdarzenia zosta\u0142y zadysponowane 3 zast\u0119py OSP i zast\u0119p JRG W\u0119gr\u00f3w. Dzia\u0142ania pierwszego zast\u0119pu OSP Rabiany polega\u0142y na podaniu jednego pr\u0105du wody na po\u017car. Na miejsce przybywa\u0142y kolejne zast\u0119py, kt\u00f3re wspar\u0142y dzia\u0142ania. Dzia\u0142ania zast\u0119p\u00f3w doprowadzi\u0142y do lokalizacji, a w efekcie do ugaszenia po\u017caru. W dzia\u0142aniach ratowniczych udzia\u0142 bra\u0142o: 4 zast\u0119py PSP, 15 ratownik\u00f3w.<\/p>\n<p><strong>31.05.2023 <\/strong>\u2013<strong> Kalinowiec. gm. \u0141och\u00f3w \u2013 po\u017car budynku pustostanu.<\/strong><\/p>\n<p>Po dotarciu na miejsce zdarzenia pierwszej jednostki stra\u017cy po\u017carnej po\u017carem obj\u0119ty by\u0142 ca\u0142y dom. Wed\u0142ug zgromadzonych mieszka\u0144c\u00f3w wsi nikogo nie ma w \u015brodku (pustostan od kilku lat), ale zerwana napowietrzna linia energetyczna jest ca\u0142y czas pod napi\u0119ciem. Dzia\u0142ania zast\u0119p\u00f3w polega\u0142y na zabezpieczeniu miejsca zdarzenia, podaniu 4 pr\u0105d\u00f3w wody w natarciu co doprowadzi\u0142o do lokalizacji, a nast\u0119pnie ugaszenia po\u017caru domu. Na miejsce przyby\u0142o pogotowie energetyczne w celu odci\u0119cia zasilania przewodu, kt\u00f3ry le\u017ca\u0142 na ziemi. Dalsze dzia\u0142ania zast\u0119p\u00f3w polega\u0142y na rozbi\u00f3rce obiektu w celu wykonania dost\u0119pu do ostatnich zarzewi ognia. Pogorzelisko starannie przelano wod\u0105. Na tym dzia\u0142ania zako\u0144czono. W dzia\u0142aniach ratowniczych udzia\u0142 bra\u0142o: 5 zast\u0119p\u00f3w, 23 ratownik\u00f3w.<\/p>\n<p><strong>02.06.2023 <\/strong>\u2013 <strong>Szaruty, gm. Liw \u2013 wypadek drogowy.<\/strong><\/p>\n<p>WYPADEK NA SKRZY\u017bOWANIU SZARUTY Z DROG\u0104 NR 696, ZDERZENIE 2 POJAZD\u00d3W OSOBOWYCH, 1 OSOBA POTRZEBUJE KARETKI,PRZYTOMNA&#8221;. Na miejsce zdarzenia zosta\u0142y zadysponowane zast\u0119py JRG W\u0119gr\u00f3w i OSP Ruchna. W zdarzeniu bra\u0142y udzia\u0142 dwa samochody osobowe i s\u0105 dwie osoby poszkodowane, droga wojew\u00f3dzka przejezdna natomiast zablokowana jest droga w kierunku Ruchny. Dzia\u0142ania zast\u0119p\u00f3w polega\u0142y na zabezpieczeniu miejsca zdarzenia, udzieleniu pomocy medycznej osobom poszkodowanym. W miedzy czasie stra\u017cacy kierowali ruchem drogowym oraz zabezpieczyli pojazdy od\u0142\u0105czaj\u0105c akumulatory. Nast\u0119pnie przekazano poszkodowanych ZRM. Miejsca zdarzenia przekazano policji. W dzia\u0142aniach ratowniczych udzia\u0142 bra\u0142o: 3 zast\u0119py, 11 ratownik\u00f3w.<\/p>\n<p><strong>04.06.2023 <\/strong>\u2013<strong>\u0141azy, gm. \u0141och\u00f3w \u2013 po\u017car budynku gospodarczego.<\/strong><\/p>\n<p>Po dotarciu na miejsce zdarzenia zast\u0119pu OSP Gwizda\u0142y stra\u017cacy stwierdzili, \u017ce pali si\u0119 drewniany budynek gospodarczy pokryty eternitem, zagro\u017cone s\u0105siednie budynki oraz las. Dzia\u0142ania zast\u0119pu OSP polega\u0142y na zabezpieczeniu miejsca zdarzenia, od\u0142\u0105czeniu napi\u0119cia i podaniu dw\u00f3ch pr\u0105d\u00f3w wody (w natarciu na budynek i w obronie na s\u0105siedni las). Nast\u0119pne przybywaj\u0105ce jednostki poda\u0142y kolejne pr\u0105dy wody w obronie i natarciu co przyczyni\u0142o si\u0119 do lokalizacji po\u017caru. W dalszej kolejno\u015bci dokonano drobnych prac rozbi\u00f3rkowych nadpalonych element\u00f3w budynku oraz usuni\u0119to z budynku sk\u0142adowane tam nadpalone materia\u0142y budowlane i przelano je wod\u0105. Po tym dzia\u0142ania zako\u0144czono i zast\u0119py powr\u00f3ci\u0142y do baz. W dzia\u0142aniach ratowniczych udzia\u0142 bra\u0142o: 5 zast\u0119p\u00f3w, 25 ratownik\u00f3w.<\/p>\n<p><strong>KP PSP W\u0119gr\u00f3w<\/strong><\/p>\n","protected":false},"excerpt":{"rendered":"<p>W okresie od 29.05 &#8211; 04.06.2023 na terenie powiatu w\u0119growskiego zanotowano: 15 zdarze\u0144, przy kt\u00f3rych interweniowa\u0142y jednostki ochrony przeciwpo\u017carowej, w tym: 8 po\u017car\u00f3w, \u00a07 miejscowe zagro\u017cenia.<\/p>\n","protected":false},"author":1,"featured_media":0,"comment_status":"closed","ping_status":"closed","sticky":false,"template":"","format":"standard","meta":{"footnotes":""},"categories":[5,4,267],"tags":[491,643],"class_list":["post-27686","post","type-post","status-publish","format-standard","hentry","category-newsy","category-policja-straz-pozarna-pogotowie-ratunkowe","category-straz-pozarna-policja-straz-pozarna-pogotowie-ratunkowe","tag-komenda-powiatowa-panstwowej-strazy-pozarnej-w-wegrowie","tag-kronika-strazacka"],"views":1598,"_links":{"self":[{"href":"https:\/\/info.sadowne.pl\/index.php?rest_route=\/wp\/v2\/posts\/27686","targetHints":{"allow":["GET"]}}],"collection":[{"href":"https:\/\/info.sadowne.pl\/index.php?rest_route=\/wp\/v2\/posts"}],"about":[{"href":"https:\/\/info.sadowne.pl\/index.php?rest_route=\/wp\/v2\/types\/post"}],"author":[{"embeddable":true,"href":"https:\/\/info.sadowne.pl\/index.php?rest_route=\/wp\/v2\/users\/1"}],"replies":[{"embeddable":true,"href":"https:\/\/info.sadowne.pl\/index.php?rest_route=%2Fwp%2Fv2%2Fcomments&post=27686"}],"version-history":[{"count":1,"href":"https:\/\/info.sadowne.pl\/index.php?rest_route=\/wp\/v2\/posts\/27686\/revisions"}],"predecessor-version":[{"id":27688,"href":"https:\/\/info.sadowne.pl\/index.php?rest_route=\/wp\/v2\/posts\/27686\/revisions\/27688"}],"wp:attachment":[{"href":"https:\/\/info.sadowne.pl\/index.php?rest_route=%2Fwp%2Fv2%2Fmedia&parent=27686"}],"wp:term":[{"taxonomy":"category","embeddable":true,"href":"https:\/\/info.sadowne.pl\/index.php?rest_route=%2Fwp%2Fv2%2Fcategories&post=27686"},{"taxonomy":"post_tag","embeddable":true,"href":"https:\/\/info.sadowne.pl\/index.php?rest_route=%2Fwp%2Fv2%2Ftags&post=27686"}],"curies":[{"name":"wp","href":"https:\/\/api.w.org\/{rel}","templated":true}]}}