{"id":27695,"date":"2023-06-07T17:50:51","date_gmt":"2023-06-07T15:50:51","guid":{"rendered":"http:\/\/info.sadowne.pl\/?p=27695"},"modified":"2023-06-07T17:50:51","modified_gmt":"2023-06-07T15:50:51","slug":"zlote-gody-2023-w-sadownem","status":"publish","type":"post","link":"https:\/\/info.sadowne.pl\/?p=27695","title":{"rendered":"\u201eZ\u0142ote Gody\u201d 2023 w Sadownem"},"content":{"rendered":"<p><a href=\"http:\/\/info.sadowne.pl\/wp-content\/uploads\/2023\/06\/2023.06.07.1.jpg\" target=\"_blank\" rel=\"noopener\"><img loading=\"lazy\" decoding=\"async\" class=\"alignleft wp-image-27696 size-thumbnail\" src=\"http:\/\/info.sadowne.pl\/wp-content\/uploads\/2023\/06\/2023.06.07.1-180x130.jpg\" alt=\"\" width=\"180\" height=\"130\" \/><\/a><\/p>\n<p><strong>7 czerwca 2023 roku 19 par ma\u0142\u017ce\u0144skich z terenu gminy Sadowne uroczy\u015bcie obchodzi\u0142o tzw. \u201eZ\u0142ote Gody\u201d.<\/strong><!--more--><\/p>\n<p>Ma\u0142\u017conkom, kt\u00f3rzy mog\u0105 pochwali\u0107 si\u0119 ponad pi\u0119\u0107dziesi\u0119cioletnim \u201esta\u017cem\u201d w ma\u0142\u017ce\u0144stwie, Prezydent RP przyznaje medale \u201eZa d\u0142ugoletnie po\u017cycie ma\u0142\u017ce\u0144skie\u201d. W bie\u017c\u0105cym roku na uroczysto\u015b\u0107 wr\u0119czenia takich medali zaproszonych zosta\u0142o 19 par ma\u0142\u017ce\u0144skich z gminy Sadowne \u2013 szkoda, \u017ce jedna z par nie mog\u0142a wzi\u0105\u0107 udzia\u0142 w tej uroczysto\u015bci. A Jubilatami byli:<\/p>\n<ol>\n<li><strong>Pa\u0144stwo Helena i Ryszard Decyk<\/strong><\/li>\n<li><strong>Pa\u0144stwo Anna i Edward D\u0119bkowscy<\/strong><\/li>\n<li><strong>Pa\u0144stwo Jadwiga i Jan Gasto\u0142<\/strong><\/li>\n<li><strong>Pa\u0144stwo Alicja i Tadeusz Gozdur<\/strong><\/li>\n<li><strong>Pa\u0144stwo Barbara i Stanis\u0142aw Kacprzyk<\/strong><\/li>\n<li><strong>Pa\u0144stwo Marianna i Tadeusz Kalbarczyk<\/strong><\/li>\n<li><strong>Pa\u0144stwo Helena i Janusz K\u0105dziela<\/strong><\/li>\n<li><strong>Pa\u0144stwo Zofia i Eugeniusz Komorowscy<\/strong><\/li>\n<li><strong>Pa\u0144stwo Marianna i Zdzis\u0142aw Kr\u00f3l<\/strong><\/li>\n<li><strong>Pa\u0144stwo Krystyna i Stanis\u0142aw Kukwa<\/strong><\/li>\n<li><strong>Pa\u0144stwo Celina i Kalikst Ojdana<\/strong><\/li>\n<li><strong>Pa\u0144stwo Danuta i Jan Parys<\/strong><\/li>\n<li><strong>Pa\u0144stwo Teresa i Augustyn Rydzewscy<\/strong><\/li>\n<li><strong>Pa\u0144stwo W\u0142adys\u0142awa i Zygmunt Sito<\/strong><\/li>\n<li><strong>Pa\u0144stwo Jadwiga i Jerzy Stefaniak<\/strong><\/li>\n<li><strong>Pa\u0144stwo Jadwiga i Edward Szymanik<\/strong><\/li>\n<li><strong>Pa\u0144stwo Zofia i Jan Warda<\/strong><\/li>\n<li><strong>Pa\u0144stwo Alina i Eugeniusz Wielgat<\/strong><\/li>\n<li><strong>Pa\u0144stwo Cecylia i Boles\u0142aw Zawadzcy<\/strong><\/li>\n<\/ol>\n<p>Uroczysto\u015b\u0107 specjalnie dla naszych Jubilat\u00f3w przygotowa\u0142 miejscowy Urz\u0105d Stanu Cywilnego, a poprzedzi\u0142a j\u0105 msza \u015bw. w Ich intencji, odprawiona w miejscowym ko\u015bciele parafialnym.<\/p>\n<p>Podczas uroczystego spotkania w Restauracji <em>Za\u015bcianek<\/em> w Sadownem Jubilaci zostali przyj\u0119ci \u00a0marszem weselnym w wykonaniu p. Andrzeja Oltona oraz lampk\u0105 szampana. Nast\u0119pnie, po oficjalnym powitaniu, w imieniu Prezydenta RP Andrzeja Dudy parom ma\u0142\u017ce\u0144skim medale wr\u0119czyli: W\u00f3jt Gminy Sadowne p. Waldemar Cyran z ma\u0142\u017conk\u0105 Katarzyn\u0105, Zast\u0119pca W\u00f3jta p. Marcin Gr\u0119da, Przewodnicz\u0105cy Rady Gminy Sadowne p. Tomasz Szymanik, Kierownik USC w Sadownem p. Renata Urbankowska i Proboszcz Parafii pw. \u015bw. Jana Chrzciciela w Sadownem ks. Antoni Kunicki.<\/p>\n<p>W imieniu Jubilat\u00f3w za przygotowanie uroczysto\u015bci podzi\u0119kowa\u0142a p. Marianna Kalbarczyk.<\/p>\n<p>W tak uroczystej chwili Jubilatom towarzyszyli te\u017c najbli\u017csi, a opraw\u0119 muzyczn\u0105 przygotowa\u0142 niezast\u0105piony Zesp\u00f3\u0142 \u015apiewaczy \u201eSadowianki\u201d. Po dekoracji oczywi\u015bcie nie oby\u0142o si\u0119 bez \u017cycze\u0144, lampki szampana, s\u0142odkiego pocz\u0119stunku i oczywi\u015bcie\u2026 specjalnie przygotowanego na t\u0119 okoliczno\u015b\u0107 tortu.<\/p>\n<p>Przy\u0142\u0105czam si\u0119 do Gratulacji i \u017cycz\u0119 Jubilatom wszystkiego dobrego na kolejne, wsp\u00f3lne lata.<\/p>\n<p><span style=\"color: #0000ff;\"><a style=\"color: #0000ff;\" href=\"https:\/\/photos.app.goo.gl\/aoCpf7v45e1ueZyN9\" target=\"_blank\" rel=\"noopener\"><strong>Zdj\u0119cia w galerii Google&gt;&gt;&gt;<\/strong><strong>\u00a0<\/strong><\/a><\/span><\/p>\n<p><strong>Tekst\/foto:<\/strong> S\u0142awek Chyli\u0144ski<\/p>\n","protected":false},"excerpt":{"rendered":"<p>7 czerwca 2023 roku 19 par ma\u0142\u017ce\u0144skich z terenu gminy Sadowne uroczy\u015bcie obchodzi\u0142o tzw. \u201eZ\u0142ote Gody\u201d.<\/p>\n","protected":false},"author":1,"featured_media":0,"comment_status":"closed","ping_status":"closed","sticky":false,"template":"","format":"standard","meta":{"footnotes":""},"categories":[5,41],"tags":[3135,3987],"class_list":["post-27695","post","type-post","status-publish","format-standard","hentry","category-newsy","category-wiesci-gminne","tag-urzad-stanu-cywilnego-w-sadownem","tag-zlote-gody-2023-w-sadownem"],"views":2806,"_links":{"self":[{"href":"https:\/\/info.sadowne.pl\/index.php?rest_route=\/wp\/v2\/posts\/27695","targetHints":{"allow":["GET"]}}],"collection":[{"href":"https:\/\/info.sadowne.pl\/index.php?rest_route=\/wp\/v2\/posts"}],"about":[{"href":"https:\/\/info.sadowne.pl\/index.php?rest_route=\/wp\/v2\/types\/post"}],"author":[{"embeddable":true,"href":"https:\/\/info.sadowne.pl\/index.php?rest_route=\/wp\/v2\/users\/1"}],"replies":[{"embeddable":true,"href":"https:\/\/info.sadowne.pl\/index.php?rest_route=%2Fwp%2Fv2%2Fcomments&post=27695"}],"version-history":[{"count":1,"href":"https:\/\/info.sadowne.pl\/index.php?rest_route=\/wp\/v2\/posts\/27695\/revisions"}],"predecessor-version":[{"id":27697,"href":"https:\/\/info.sadowne.pl\/index.php?rest_route=\/wp\/v2\/posts\/27695\/revisions\/27697"}],"wp:attachment":[{"href":"https:\/\/info.sadowne.pl\/index.php?rest_route=%2Fwp%2Fv2%2Fmedia&parent=27695"}],"wp:term":[{"taxonomy":"category","embeddable":true,"href":"https:\/\/info.sadowne.pl\/index.php?rest_route=%2Fwp%2Fv2%2Fcategories&post=27695"},{"taxonomy":"post_tag","embeddable":true,"href":"https:\/\/info.sadowne.pl\/index.php?rest_route=%2Fwp%2Fv2%2Ftags&post=27695"}],"curies":[{"name":"wp","href":"https:\/\/api.w.org\/{rel}","templated":true}]}}