{"id":27720,"date":"2023-06-12T20:34:48","date_gmt":"2023-06-12T18:34:48","guid":{"rendered":"http:\/\/info.sadowne.pl\/?p=27720"},"modified":"2023-06-12T20:34:48","modified_gmt":"2023-06-12T18:34:48","slug":"kronika-strazacka-05-11-06-2023","status":"publish","type":"post","link":"https:\/\/info.sadowne.pl\/?p=27720","title":{"rendered":"Kronika stra\u017cacka 05 \u2013 11.06.2023"},"content":{"rendered":"<p><strong><a href=\"http:\/\/info.sadowne.pl\/wp-content\/uploads\/2023\/06\/straz3-scaled.jpg\"><img loading=\"lazy\" decoding=\"async\" class=\"alignleft wp-image-27687 size-thumbnail\" src=\"http:\/\/info.sadowne.pl\/wp-content\/uploads\/2023\/06\/straz3-180x130.jpg\" alt=\"\" width=\"180\" height=\"130\" \/><\/a>W<\/strong><strong> okresie<\/strong><strong> 05 &#8211; 11.06.2023 na<\/strong><strong> terenie<\/strong><strong> powiatu<\/strong><strong> w\u0119growskiego<\/strong><strong> zanotowano: <\/strong><strong>20 zdarze\u0144,<\/strong><strong> przy<\/strong><strong> kt\u00f3rych<\/strong><strong> interweniowa\u0142y<\/strong><strong> jednostki<\/strong><strong> ochrony<\/strong><strong> przeciwpo\u017carowej, w tym:<\/strong><strong> 11 po\u017car\u00f3w, \u00a09 miejscowych zagro\u017ce\u0144.<\/strong><!--more--><\/p>\n<p><strong>05.06.2023 \u2013 W\u0119gr\u00f3w \u2013 zderzenie motocykla z samochodem osobowym.<\/strong><strong>\u00a0<\/strong><\/p>\n<p>Na DK62 dosz\u0142o do zdarzenia drogowego (motocyklista najecha\u0142 na ty\u0142 samochodu marki BMW). W wyniku zdarzenia kieruj\u0105cy motocyklem dozna\u0142 obra\u017ce\u0144 cia\u0142a (podejrzenie z\u0142amania lewej goleni), natomiast kieruj\u0105cy samochodem osobowym nie odni\u00f3s\u0142 \u017cadnych obra\u017ce\u0144. R\u00f3wnocze\u015bnie z zast\u0119pami JRG PSP na miejsce dotar\u0142 ZRM, kt\u00f3ry zaj\u0105\u0142 si\u0119 osob\u0105 poszkodowan\u0105. Dzia\u0142ania zast\u0119p\u00f3w polega\u0142y na zabezpieczeniu miejsca zdarzenia oraz pomocy ZRM w medycznych dzia\u0142aniach ratowniczych. Na miejsce zdarzenia zadysponowano r\u00f3wnie\u017c zast\u0119p OSP do wsparcia czynno\u015bci prowadzonych przez policj\u0119. Miejsce zdarzenia i pojazdy przekazano protoko\u0142em policji, na tym dzia\u0142ania zako\u0144czono.<\/p>\n<p>W dzia\u0142aniach ratowniczych udzia\u0142 bra\u0142o: 3 zast\u0119py, 9 ratownik\u00f3w.<strong>\u00a0<\/strong><\/p>\n<p><strong>05.06.2023 <\/strong>\u2013 <strong>Jugi, gm. Korytnica \u2013 <\/strong><strong>po\u017car budynku mieszkalno-gospodarczego<\/strong><strong>.<\/strong><\/p>\n<p>Po doje\u017adzie na miejsce zdarzenia zast\u0119pu OSP Rabiany, stra\u017cacy \u00a0stwierdzili, \u017ce po\u017carem obj\u0119ty jest dwukondygnacyjny budynek mieszkalno &#8211; gospodarczy murowany, kryty blach\u0105 i eternitem. Po\u017carem obj\u0119ta by\u0142a w ca\u0142o\u015bci druga kondygnacja budynku, a tak\u017ce dobudowana wiata gospodarcza. W bezpo\u015bredniej odleg\u0142o\u015bci od budynku obj\u0119tego po\u017carem znajdowa\u0142a si\u0119 drewniana stodo\u0142a. Na terenie dzia\u0142a\u0144 znajdowa\u0142y si\u0119 zwierz\u0119ta gospodarcze (krowy, konie, ptactwo), kt\u00f3re zosta\u0142y ewakuowane ze strefy zagro\u017cenia przez w\u0142a\u015bciciela przed przybyciem stra\u017cy po\u017carnej. W wyniku zdarzenia \u017cadna z os\u00f3b zamieszkuj\u0105cych obiekt nie odnios\u0142a obra\u017ce\u0144. Po przybyciu na miejsce zadysponowanych si\u0142 i \u015brodk\u00f3w dzia\u0142ania polega\u0142y na podaniu 5 pr\u0105d\u00f3w wody na po\u017car i jednego pr\u0105du wody w obronie zagro\u017conej stodo\u0142y. Dzia\u0142ania te doprowadzi\u0142y do lokalizacji po\u017caru. Dalsze czynno\u015bci polega\u0142y na systematycznym przelewaniu i wyrzucaniu na zewn\u0105trz pal\u0105cych si\u0119 element\u00f3w konstrukcyjnych budynku, wyposa\u017cenia a tak\u017ce sk\u0142adowanego siana. Doprowadzi\u0142o to do ugaszenia po\u017caru. Nie obj\u0119t\u0105 bezpo\u015brednio po\u017carem cz\u0119\u015b\u0107 mieszkaln\u0105 budynku na parterze sprawdzono pod k\u0105tem zagro\u017ce\u0144 za pomoc\u0105 miernika wielogazowego (wynik pomiaru negatywny). Miejsce zdarzenia przekazano protoko\u0142em zamieszkuj\u0105cej tam matce w\u0142a\u015bciciela budynku, na tym dzia\u0142ania zako\u0144czono.<\/p>\n<p>W dzia\u0142aniach ratowniczych udzia\u0142 bra\u0142o: 6 zast\u0119p\u00f3w, 26 ratownik\u00f3w.<\/p>\n<p><strong>09.06.2023 <\/strong>\u2013<strong> Laski, gm. \u0141och\u00f3w \u2013 po\u017car \u015bci\u00f3\u0142ki w lesie.<\/strong><\/p>\n<p>Dy\u017curny KP PSP zadysponowa\u0142 zast\u0119p Posterunek Ostr\u00f3wek z JRG W\u0119gr\u00f3w oraz pobliskie OSP Laski, OSP \u0141och\u00f3w i OSP Budziska. Na miejscu stra\u017cacy stwierdzili, \u017ce pali si\u0119 \u015bci\u00f3\u0142ka le\u015bna o powierzchni ok. 10 ar\u00f3w. Dzia\u0142ania zast\u0119p\u00f3w polega\u0142y na zabezpieczeniu miejsca zdarzenia oraz podaniu czterech pr\u0105d\u00f3w wody na front po\u017caru, co doprowadzi\u0142o do lokalizacji, nast\u0119pne przelewanie \u015bci\u00f3\u0142ki doprowadzi\u0142o do ugaszenia po\u017caru. Na tym dzia\u0142ania zako\u0144czono zast\u0119py powr\u00f3ci\u0142y do bazy.<\/p>\n<p>W dzia\u0142aniach ratowniczych udzia\u0142 bra\u0142o: 5 zast\u0119p\u00f3w, 25 ratownik\u00f3w.<\/p>\n<p><strong>10.06.2023 <\/strong>\u2013<strong> W\u0119gr\u00f3w, ul. J. Go\u0142\u0119biewskiego \u2013 po\u017car hali magazynowo &#8211; produkcyjnej.<\/strong><\/p>\n<p>Do zdarzenia w pierwszej kolejno\u015bci zadysponowano 2 zast\u0119py JRG PSP W\u0119gr\u00f3w. SKKP zadysponowa\u0142o kolejne zast\u0119py OSP (W\u0119gr\u00f3w, Liw, Ruchna) i podno\u015bnik SH-25D. Po doje\u017adzie na miejsce zdarzenia i przeprowadzeniu wst\u0119pnego rozpoznania KDR JRG stwierdzi\u0142, \u017ce pali si\u0119 hala magazynowo &#8211; produkcyjna murowana z dachem z p\u0142yty warstwowej o wymiarach oko\u0142o 12m x 50m &#8211; po\u017car rozwini\u0119ty, druga zagro\u017cona wykonana z p\u0142yty warstwowej o wymiarach oko\u0142o 12m x 28m (pod wp\u0142ywem temperatury topi\u0105 si\u0119 plastikowe elementy wyko\u0144czenia dachu, elewacji i drzwi). Ponadto pal\u0105 si\u0119 p\u0142yty i akcesoria meblowe sk\u0142adowane w przestrzeni pomi\u0119dzy halami, pomi\u0119dzy halami znajduje si\u0119 zadaszenie, budynek biurowy jest przyleg\u0142y do pal\u0105cej si\u0119 hali.<\/p>\n<p>Dzia\u0142ania zast\u0119p\u00f3w PSP i OSP w pierwszej fazie dzia\u0142a\u0144 polega\u0142y na zabezpieczeniu miejsca zdarzenia, od\u0142\u0105czeniu zasilania energetycznego od obiekt\u00f3w obj\u0119tych po\u017carem i podaniu dw\u00f3ch pr\u0105d\u00f3w ga\u015bniczych (jednego w natarciu na pal\u0105cy si\u0119 obiekt oraz p\u0142on\u0105ce materia\u0142y sk\u0142adowane pomi\u0119dzy halami oraz drugiego pr\u0105du ga\u015bniczego w obronie drugiej hali). Kolejne przyby\u0142e na miejsce zast\u0119py OSP poda\u0142y kolejne dwa pr\u0105dy wody w dzia\u0142aniach po\u0142\u0105czonych. W trakcie prowadzenia dzia\u0142a\u0144 ga\u015bniczych u\u017cyto aparat\u00f3w ochrony uk\u0142adu oddechowego.<\/p>\n<p>Stra\u017cacy ewakuowali z p\u0142on\u0105cego budynku psa oraz mienie (2 sprawne w\u00f3zki wid\u0142owe z butlami gazowymi, kt\u00f3re wyjecha\u0142y na w\u0142asnych ko\u0142ach). Z pal\u0105cej si\u0119 hali wyniesiono sze\u015b\u0107 butli gaz propan-butan 11kg, kt\u00f3re nie by\u0142y obj\u0119te dzia\u0142aniem ognia. R\u00f3wnocze\u015bnie zakr\u0119cono zbiornik zewn\u0119trzny na gaz propan butan o pojemno\u015bci oko\u0142o 5m3, znajduj\u0105cy si\u0119 w bezpo\u015brednim s\u0105siedztwie zagro\u017conego budynku.<\/p>\n<p>Dzia\u0142ania te doprowadzi\u0142y do lokalizacji po\u017caru. Przyst\u0105piono do drobnych prac rozbi\u00f3rkowych i dogaszania zarzewi ognia w hali oraz materia\u0142\u00f3w zgromadzonych przy hali.<\/p>\n<p>Po zako\u0144czeniu dzia\u0142a\u0144 ga\u015bniczych przy u\u017cyciu przyrz\u0105d\u00f3w pomiarowych sprawdzono obiekty pod k\u0105tem obecno\u015bci substancji niebezpiecznych (nie stwierdzono obecno\u015bci szkodliwych gaz\u00f3w) oraz u\u017cyto kamery termowizyjnej w celu wykrycia i dogaszenia ukrytych zarzewi ognia. Dzia\u0142ania te doprowadzi\u0142y do ostatecznego ugaszenia po\u017caru. Miejsce zdarzenia przekazano protoko\u0142em w\u0142a\u015bcicielowi, na tym dzia\u0142ania zako\u0144czono.<\/p>\n<p>W dzia\u0142aniach ratowniczych udzia\u0142 bra\u0142o: 15 zast\u0119p\u00f3w, 61 ratownik\u00f3w.<\/p>\n<p><strong>11.06.2023 \u2013 W\u0119gr\u00f3w \u2013 plama oleju.<\/strong><\/p>\n<p>Przyby\u0142e na miejsce zast\u0119py PSP i OSP stwierdzi\u0142y, i\u017c w dw\u00f3ch lokalizacjach, na dw\u00f3ch rondach znajduje si\u0119 plama substancji ropopochodnej. Na pierwszym rondzie na DW 673 w kierunku miejscowo\u015bci Liw znajduj\u0119 si\u0119 50 m plama oleju, natomiast na rondzie ul. Traugutta\u00a0 przy DW 673 i DK 62 plama substancji ropopochodnej rozla\u0142a si\u0119 na d\u0142ugo\u015b\u0107 oko\u0142o 100m. Dzia\u0142ania zast\u0119p\u00f3w polega\u0142y na zabezpieczeniu miejsca zdarzenia, u\u017cyciu \u015brodka SINTAN i sorbentu bezpo\u015brednio na plam\u0119, nast\u0119pnie sp\u0142ukano jezdni\u0119 dwoma pr\u0105dami wody.<\/p>\n<p>Na tym dzia\u0142ania zako\u0144czono zast\u0119py wr\u00f3ci\u0142y do bazy. O zdarzeniu poinformowano zarz\u0105dc\u00f3w dr\u00f3g Wojew\u00f3dzkich i Krajowych.<\/p>\n<p>W dzia\u0142aniach ratowniczych udzia\u0142 bra\u0142o: 3 zast\u0119py, 14 ratownik\u00f3w.<\/p>\n<p><strong>KP PSP W\u0119gr\u00f3w<\/strong><\/p>\n","protected":false},"excerpt":{"rendered":"<p>W okresie 05 &#8211; 11.06.2023 na terenie powiatu w\u0119growskiego zanotowano: 20 zdarze\u0144, przy kt\u00f3rych interweniowa\u0142y jednostki ochrony przeciwpo\u017carowej, w tym: 11 po\u017car\u00f3w, \u00a09 miejscowych zagro\u017ce\u0144.<\/p>\n","protected":false},"author":1,"featured_media":0,"comment_status":"closed","ping_status":"closed","sticky":false,"template":"","format":"standard","meta":{"footnotes":""},"categories":[5,4,267],"tags":[491,643],"class_list":["post-27720","post","type-post","status-publish","format-standard","hentry","category-newsy","category-policja-straz-pozarna-pogotowie-ratunkowe","category-straz-pozarna-policja-straz-pozarna-pogotowie-ratunkowe","tag-komenda-powiatowa-panstwowej-strazy-pozarnej-w-wegrowie","tag-kronika-strazacka"],"views":1575,"_links":{"self":[{"href":"https:\/\/info.sadowne.pl\/index.php?rest_route=\/wp\/v2\/posts\/27720","targetHints":{"allow":["GET"]}}],"collection":[{"href":"https:\/\/info.sadowne.pl\/index.php?rest_route=\/wp\/v2\/posts"}],"about":[{"href":"https:\/\/info.sadowne.pl\/index.php?rest_route=\/wp\/v2\/types\/post"}],"author":[{"embeddable":true,"href":"https:\/\/info.sadowne.pl\/index.php?rest_route=\/wp\/v2\/users\/1"}],"replies":[{"embeddable":true,"href":"https:\/\/info.sadowne.pl\/index.php?rest_route=%2Fwp%2Fv2%2Fcomments&post=27720"}],"version-history":[{"count":1,"href":"https:\/\/info.sadowne.pl\/index.php?rest_route=\/wp\/v2\/posts\/27720\/revisions"}],"predecessor-version":[{"id":27721,"href":"https:\/\/info.sadowne.pl\/index.php?rest_route=\/wp\/v2\/posts\/27720\/revisions\/27721"}],"wp:attachment":[{"href":"https:\/\/info.sadowne.pl\/index.php?rest_route=%2Fwp%2Fv2%2Fmedia&parent=27720"}],"wp:term":[{"taxonomy":"category","embeddable":true,"href":"https:\/\/info.sadowne.pl\/index.php?rest_route=%2Fwp%2Fv2%2Fcategories&post=27720"},{"taxonomy":"post_tag","embeddable":true,"href":"https:\/\/info.sadowne.pl\/index.php?rest_route=%2Fwp%2Fv2%2Ftags&post=27720"}],"curies":[{"name":"wp","href":"https:\/\/api.w.org\/{rel}","templated":true}]}}