{"id":27729,"date":"2023-06-15T11:08:17","date_gmt":"2023-06-15T09:08:17","guid":{"rendered":"http:\/\/info.sadowne.pl\/?p=27729"},"modified":"2023-06-15T11:08:17","modified_gmt":"2023-06-15T09:08:17","slug":"160-lat-poczty-w-malkini-gornej-1863-2023","status":"publish","type":"post","link":"https:\/\/info.sadowne.pl\/?p=27729","title":{"rendered":"160 LAT POCZTY W MA\u0141KINI G\u00d3RNEJ (1863-2023)"},"content":{"rendered":"<p><strong><a href=\"http:\/\/info.sadowne.pl\/wp-content\/uploads\/2023\/06\/Brok130.jpg\" target=\"_blank\" rel=\"noopener\"><img loading=\"lazy\" decoding=\"async\" class=\"alignleft wp-image-27730 size-thumbnail\" src=\"http:\/\/info.sadowne.pl\/wp-content\/uploads\/2023\/06\/Brok130-180x130.jpg\" alt=\"\" width=\"180\" height=\"130\" \/><\/a>Poczta w Ma\u0142kini G\u00f3rnej powsta\u0142a w okresie wielkich przemian spo\u0142eczno-gospodarczych i zawirowa\u0144 politycznych w Kr\u00f3lestwie Polskim. <\/strong><!--more--><\/p>\n<p>Funkcjonuj\u0105cy dotychczas system pocztowy realizowany by\u0142 przy pomocy zaprz\u0119g\u00f3w konnych oraz pos\u0142a\u0144c\u00f3w pieszych i konnych w oparciu o sie\u0107 \u201etrakt\u00f3w g\u0142\u00f3wnych pocztowych\u201d, przebiegaj\u0105cych po drogach bitych (utwardzonych) i administrowanych przez poczt\u0119 oraz p\u0142atnych dla innych u\u017cytkownik\u00f3w. Dy\u017curowali przy nich tzw. konduktorzy, kt\u00f3rzy sprawdzali przeje\u017cd\u017caj\u0105ce pojazdy i pobierali od nieuprawnionych stosowne op\u0142aty.<\/p>\n<p>Z traktami pocztowymi \u0142\u0105czy\u0142a si\u0119 ca\u0142a sie\u0107 \u201edr\u00f3g pocztowych\u201d o ni\u017cszym standardzie nawierzchni. Na traktach i drogach pocztowych pobudowane by\u0142y stacje pocztowe w standardowej odleg\u0142o\u015bci 20 wiorst jedna od drugiej (oko\u0142o 20 km.), chocia\u017c zdarza\u0142y si\u0119 kr\u00f3tsze i d\u0142u\u017csze odcinki si\u0119gaj\u0105ce nawet do 30 wiorst. Na stacjach pocztowych podr\u00f3\u017cni w \u015bcis\u0142e okre\u015blonym czasie spo\u017cywali posi\u0142ki i odpoczywali. G\u0142\u00f3wn\u0105 cz\u0119\u015bci\u0105 ka\u017cdej stacji by\u0142y jej cz\u0119\u015bci techniczne czyli \u201epoczthalterie\u201d. Ka\u017cda z nich zgodnie z okre\u015blonym etatem utrzymywa\u0142a w gotowo\u015bci liczb\u0119 koni pocztowych w celu wymiany zm\u0119czonych w przeje\u017cd\u017caj\u0105cym poje\u017adzie pocztowym.<\/p>\n<p>Sprawdzano r\u00f3wnie\u017c stan techniczny pojazd\u00f3w i m.in. smarowano osie (odp\u0142atnie dla pojazd\u00f3w prywatnych). Na terenie powiatu ostrowskiego stacje i poczhalterie funkcjonowa\u0142y w Budach Dybkach i Ostrowie \u0141om\u017cy\u0144skim oraz w Czy\u017cewie i Nurze. W dobie Powstania Styczniowego funkcjonowa\u0142o w Kr\u00f3lestwie Polskim 111 takich trakt\u00f3w i dr\u00f3g pocztowych (plus dwa kolejowe). Powstaj\u0105ce linie kolejowe stanowi\u0142y pocz\u0105tkowo cz\u0119\u015b\u0107 sk\u0142adow\u0105 i uzupe\u0142nienie tego systemu.<\/p>\n<p><strong>Wi\u0119cej na stronie <span style=\"color: #0000ff;\"><a style=\"color: #0000ff;\" href=\"https:\/\/madzelan.cba.pl\/160-lat-poczty-w-malkini-gornej-1863-2023\/\" target=\"_blank\" rel=\"noopener\">https:\/\/madzelan.cba.pl\/160-lat-poczty-w-malkini-gornej-1863-2023\/<\/a><\/span><\/strong><\/p>\n","protected":false},"excerpt":{"rendered":"<p>Poczta w Ma\u0142kini G\u00f3rnej powsta\u0142a w okresie wielkich przemian spo\u0142eczno-gospodarczych i zawirowa\u0144 politycznych w Kr\u00f3lestwie Polskim.<\/p>\n","protected":false},"author":1,"featured_media":0,"comment_status":"closed","ping_status":"closed","sticky":false,"template":"","format":"standard","meta":{"footnotes":""},"categories":[5,3436,31],"tags":[101,3004,2956],"class_list":["post-27729","post","type-post","status-publish","format-standard","hentry","category-newsy","category-opowiesci-historie-legendy-brokowskie-i-nie-tylko","category-historia-gminy","tag-historia-gminy-sadowne","tag-jerzy-madzelan","tag-opowiesci-historie-legendy-brokowskie-i-nie-tylko"],"views":1690,"_links":{"self":[{"href":"https:\/\/info.sadowne.pl\/index.php?rest_route=\/wp\/v2\/posts\/27729","targetHints":{"allow":["GET"]}}],"collection":[{"href":"https:\/\/info.sadowne.pl\/index.php?rest_route=\/wp\/v2\/posts"}],"about":[{"href":"https:\/\/info.sadowne.pl\/index.php?rest_route=\/wp\/v2\/types\/post"}],"author":[{"embeddable":true,"href":"https:\/\/info.sadowne.pl\/index.php?rest_route=\/wp\/v2\/users\/1"}],"replies":[{"embeddable":true,"href":"https:\/\/info.sadowne.pl\/index.php?rest_route=%2Fwp%2Fv2%2Fcomments&post=27729"}],"version-history":[{"count":1,"href":"https:\/\/info.sadowne.pl\/index.php?rest_route=\/wp\/v2\/posts\/27729\/revisions"}],"predecessor-version":[{"id":27731,"href":"https:\/\/info.sadowne.pl\/index.php?rest_route=\/wp\/v2\/posts\/27729\/revisions\/27731"}],"wp:attachment":[{"href":"https:\/\/info.sadowne.pl\/index.php?rest_route=%2Fwp%2Fv2%2Fmedia&parent=27729"}],"wp:term":[{"taxonomy":"category","embeddable":true,"href":"https:\/\/info.sadowne.pl\/index.php?rest_route=%2Fwp%2Fv2%2Fcategories&post=27729"},{"taxonomy":"post_tag","embeddable":true,"href":"https:\/\/info.sadowne.pl\/index.php?rest_route=%2Fwp%2Fv2%2Ftags&post=27729"}],"curies":[{"name":"wp","href":"https:\/\/api.w.org\/{rel}","templated":true}]}}