{"id":27744,"date":"2023-06-16T16:24:21","date_gmt":"2023-06-16T14:24:21","guid":{"rendered":"http:\/\/info.sadowne.pl\/?p=27744"},"modified":"2023-12-07T15:41:10","modified_gmt":"2023-12-07T14:41:10","slug":"w-sojkowku-rozmawiano-o-przemocy-domowej","status":"publish","type":"post","link":"https:\/\/info.sadowne.pl\/?p=27744","title":{"rendered":"W Sojk\u00f3wku rozmawiano o przemocy domowej"},"content":{"rendered":"<p><strong><a href=\"http:\/\/info.sadowne.pl\/wp-content\/uploads\/2023\/06\/2023.06.16-7.jpg\"><img loading=\"lazy\" decoding=\"async\" class=\"alignleft size-thumbnail wp-image-27751\" src=\"http:\/\/info.sadowne.pl\/wp-content\/uploads\/2023\/06\/2023.06.16-7-180x130.jpg\" alt=\"\" width=\"180\" height=\"130\" \/><\/a>16 czerwca o godz. 10 w \u015bwietlicy wiejskiej w Sojk\u00f3wku odby\u0142o si\u0119 spotkanie informacyjne na temat przemocy domowej oraz cyberprzest\u0119pczo\u015bci. <\/strong><!--more--><\/p>\n<p>By\u0142o ono elementem zadania: ,,Przeciwdzia\u0142anie przyczynom przest\u0119pczo\u015bci na terenie gminy Sadowne&#8221;, kt\u00f3re zosta\u0142o sfinansowane \u017ce \u015brodk\u00f3w Funduszu Sprawiedliwo\u015bci, kt\u00f3rego dysponentem jest Minister Sprawiedliwo\u015bci. Fundusz Sprawiedliwo\u015bci rozporz\u0105dza pieni\u0119dzmi, kt\u00f3re s\u0105dy zas\u0105dzaj\u0105 od sprawc\u00f3w przest\u0119pstw. \u015arodki te maj\u0105 czyni\u0107 dobro . Maj\u0105 wspomaga\u0107 pokrzywdzonych wskutek przest\u0119pstw i w wypadkach. Maj\u0105 s\u0142u\u017cy\u0107 r\u00f3wnie\u017c ich zapobieganiu. Cieszymy si\u0119, \u017ce dostrze\u017cono, i\u017c taka organizacja jak Ko\u0142o Gospody\u0144 Wiejskich mo\u017ce przyczyni\u0107 si\u0119 do tego typu dzia\u0142a\u0144.<\/p>\n<p>Zorganizowanie akcji informacyjnej nale\u017ca\u0142o do Ko\u0142a Gospody\u0144 Wiejskich w Sojk\u00f3wku, natomiast z\u0142o\u017cenie wniosku oraz zakup ekspresu do kawy i wystawki pod s\u0142odki bufet by\u0142o zadaniem Gminy Sadowne. Sprz\u0119t zosta\u0142 nam przekazany umow\u0105 darowizny w dniu 15 czerwca 2023 r.<\/p>\n<p>Przeprowadzeniem akcji informacyjnej na temat przemocy domowej i cyberprzest\u0119pczo\u015bci zaj\u0105\u0142 si\u0119 pan aspirant sztabowy Waldemar Siwiecki z Komisariatu Policji w \u0141ochowie, b\u0119d\u0105cy r\u00f3wnie\u017c dzielnicowym na terenie gminy Sadowne.<\/p>\n<p>Bardzo dzi\u0119kuj\u0119 mieszka\u0144com gminy Sadowne za liczne przybycie, paniom z Ko\u0142a Gospody\u0144 Wiejskich z Sojk\u00f3wka i nie tylko dzi\u0119kuj\u0119\u00a0 za zaanga\u017cowanie w przygotowanie wydarzenia oraz za upieczenie przepysznych ciast.<\/p>\n<p><strong>Renata D\u0119bkowska<\/strong><\/p>\n\n\t\t<style type=\"text\/css\">\n\t\t\t#gallery-1 {\n\t\t\t\tmargin: auto;\n\t\t\t}\n\t\t\t#gallery-1 .gallery-item {\n\t\t\t\tfloat: left;\n\t\t\t\tmargin-top: 10px;\n\t\t\t\ttext-align: center;\n\t\t\t\twidth: 33%;\n\t\t\t}\n\t\t\t#gallery-1 img {\n\t\t\t\tborder: 2px solid #cfcfcf;\n\t\t\t}\n\t\t\t#gallery-1 .gallery-caption {\n\t\t\t\tmargin-left: 0;\n\t\t\t}\n\t\t\t\/* see gallery_shortcode() in wp-includes\/media.php *\/\n\t\t<\/style>\n\t\t<div id='gallery-1' class='gallery galleryid-27744 gallery-columns-3 gallery-size-thumbnail'><dl class='gallery-item'>\n\t\t\t<dt class='gallery-icon portrait'>\n\t\t\t\t<a href='https:\/\/info.sadowne.pl\/?attachment_id=27745'><img loading=\"lazy\" decoding=\"async\" width=\"180\" height=\"130\" src=\"https:\/\/info.sadowne.pl\/wp-content\/uploads\/2023\/06\/2023.06.16-1-180x130.jpg\" class=\"attachment-thumbnail size-thumbnail\" alt=\"\" \/><\/a>\n\t\t\t<\/dt><\/dl><dl class='gallery-item'>\n\t\t\t<dt class='gallery-icon portrait'>\n\t\t\t\t<a href='https:\/\/info.sadowne.pl\/?attachment_id=27746'><img loading=\"lazy\" decoding=\"async\" width=\"180\" height=\"130\" src=\"https:\/\/info.sadowne.pl\/wp-content\/uploads\/2023\/06\/2023.06.16-2-180x130.jpg\" class=\"attachment-thumbnail size-thumbnail\" alt=\"\" \/><\/a>\n\t\t\t<\/dt><\/dl><dl class='gallery-item'>\n\t\t\t<dt class='gallery-icon portrait'>\n\t\t\t\t<a href='https:\/\/info.sadowne.pl\/?attachment_id=27747'><img loading=\"lazy\" decoding=\"async\" width=\"180\" height=\"130\" src=\"https:\/\/info.sadowne.pl\/wp-content\/uploads\/2023\/06\/2023.06.16-3-180x130.jpg\" class=\"attachment-thumbnail size-thumbnail\" alt=\"\" \/><\/a>\n\t\t\t<\/dt><\/dl><br style=\"clear: both\" \/><dl class='gallery-item'>\n\t\t\t<dt class='gallery-icon portrait'>\n\t\t\t\t<a href='https:\/\/info.sadowne.pl\/?attachment_id=27748'><img loading=\"lazy\" decoding=\"async\" width=\"180\" height=\"130\" src=\"https:\/\/info.sadowne.pl\/wp-content\/uploads\/2023\/06\/2023.06.16-4-180x130.jpg\" class=\"attachment-thumbnail size-thumbnail\" alt=\"\" \/><\/a>\n\t\t\t<\/dt><\/dl><dl class='gallery-item'>\n\t\t\t<dt class='gallery-icon portrait'>\n\t\t\t\t<a href='https:\/\/info.sadowne.pl\/?attachment_id=27749'><img loading=\"lazy\" decoding=\"async\" width=\"180\" height=\"130\" src=\"https:\/\/info.sadowne.pl\/wp-content\/uploads\/2023\/06\/2023.06.16-5-180x130.jpg\" class=\"attachment-thumbnail size-thumbnail\" alt=\"\" \/><\/a>\n\t\t\t<\/dt><\/dl><dl class='gallery-item'>\n\t\t\t<dt class='gallery-icon portrait'>\n\t\t\t\t<a href='https:\/\/info.sadowne.pl\/?attachment_id=27750'><img loading=\"lazy\" decoding=\"async\" width=\"180\" height=\"130\" src=\"https:\/\/info.sadowne.pl\/wp-content\/uploads\/2023\/06\/2023.06.16-6-180x130.jpg\" class=\"attachment-thumbnail size-thumbnail\" alt=\"\" \/><\/a>\n\t\t\t<\/dt><\/dl><br style=\"clear: both\" \/><dl class='gallery-item'>\n\t\t\t<dt class='gallery-icon portrait'>\n\t\t\t\t<a href='https:\/\/info.sadowne.pl\/?attachment_id=27751'><img loading=\"lazy\" decoding=\"async\" width=\"180\" height=\"130\" src=\"https:\/\/info.sadowne.pl\/wp-content\/uploads\/2023\/06\/2023.06.16-7-180x130.jpg\" class=\"attachment-thumbnail size-thumbnail\" alt=\"\" \/><\/a>\n\t\t\t<\/dt><\/dl><dl class='gallery-item'>\n\t\t\t<dt class='gallery-icon portrait'>\n\t\t\t\t<a href='https:\/\/info.sadowne.pl\/?attachment_id=27752'><img loading=\"lazy\" decoding=\"async\" width=\"180\" height=\"130\" src=\"https:\/\/info.sadowne.pl\/wp-content\/uploads\/2023\/06\/2023.06.16-8-180x130.jpg\" class=\"attachment-thumbnail size-thumbnail\" alt=\"\" \/><\/a>\n\t\t\t<\/dt><\/dl>\n\t\t\t<br style='clear: both' \/>\n\t\t<\/div>\n\n","protected":false},"excerpt":{"rendered":"<p>16 czerwca o godz. 10 w \u015bwietlicy wiejskiej w Sojk\u00f3wku odby\u0142o si\u0119 spotkanie informacyjne na temat przemocy domowej oraz cyberprzest\u0119pczo\u015bci.<\/p>\n","protected":false},"author":1,"featured_media":0,"comment_status":"closed","ping_status":"closed","sticky":false,"template":"","format":"standard","meta":{"footnotes":""},"categories":[5,4062,41],"tags":[3000,3993,3994,284,3992],"class_list":["post-27744","post","type-post","status-publish","format-standard","hentry","category-newsy","category-kola-gospodyn-wiejskich","category-wiesci-gminne","tag-kolo-gospodyn-wiejskich-w-sojkowku","tag-przeciwdzialanie-przyczynom-przestepczosci-na-terenie-gminy-sadowne","tag-renata-debkowska","tag-spotkanie-z-policjantem","tag-zadanie"],"views":2119,"_links":{"self":[{"href":"https:\/\/info.sadowne.pl\/index.php?rest_route=\/wp\/v2\/posts\/27744","targetHints":{"allow":["GET"]}}],"collection":[{"href":"https:\/\/info.sadowne.pl\/index.php?rest_route=\/wp\/v2\/posts"}],"about":[{"href":"https:\/\/info.sadowne.pl\/index.php?rest_route=\/wp\/v2\/types\/post"}],"author":[{"embeddable":true,"href":"https:\/\/info.sadowne.pl\/index.php?rest_route=\/wp\/v2\/users\/1"}],"replies":[{"embeddable":true,"href":"https:\/\/info.sadowne.pl\/index.php?rest_route=%2Fwp%2Fv2%2Fcomments&post=27744"}],"version-history":[{"count":1,"href":"https:\/\/info.sadowne.pl\/index.php?rest_route=\/wp\/v2\/posts\/27744\/revisions"}],"predecessor-version":[{"id":27753,"href":"https:\/\/info.sadowne.pl\/index.php?rest_route=\/wp\/v2\/posts\/27744\/revisions\/27753"}],"wp:attachment":[{"href":"https:\/\/info.sadowne.pl\/index.php?rest_route=%2Fwp%2Fv2%2Fmedia&parent=27744"}],"wp:term":[{"taxonomy":"category","embeddable":true,"href":"https:\/\/info.sadowne.pl\/index.php?rest_route=%2Fwp%2Fv2%2Fcategories&post=27744"},{"taxonomy":"post_tag","embeddable":true,"href":"https:\/\/info.sadowne.pl\/index.php?rest_route=%2Fwp%2Fv2%2Ftags&post=27744"}],"curies":[{"name":"wp","href":"https:\/\/api.w.org\/{rel}","templated":true}]}}