{"id":27760,"date":"2023-06-21T20:50:00","date_gmt":"2023-06-21T18:50:00","guid":{"rendered":"http:\/\/info.sadowne.pl\/?p=27760"},"modified":"2023-06-21T21:14:07","modified_gmt":"2023-06-21T19:14:07","slug":"w-sadownem-pozegnano-osmoklasistow","status":"publish","type":"post","link":"https:\/\/info.sadowne.pl\/?p=27760","title":{"rendered":"W Sadownem po\u017cegnano \u00f3smoklasist\u00f3w"},"content":{"rendered":"<p><a href=\"http:\/\/info.sadowne.pl\/wp-content\/uploads\/2023\/06\/2023.06.21.1.jpg\" target=\"_blank\" rel=\"noopener\"><img loading=\"lazy\" decoding=\"async\" class=\"alignleft wp-image-27761 size-thumbnail\" src=\"http:\/\/info.sadowne.pl\/wp-content\/uploads\/2023\/06\/2023.06.21.1-180x130.jpg\" alt=\"\" width=\"180\" height=\"130\" \/><\/a><\/p>\n<p><strong>38. uczni\u00f3w \u00f3smych klas zako\u0144czy\u0142o edukacj\u0119 w Szkole Podstawowej im. b\u0142. ks. Edwarda Grzyma\u0142y w Sadownem. <\/strong><!--more--><\/p>\n<p>Uroczysto\u015b\u0107 po\u017cegnania tegorocznych absolwent\u00f3w Szko\u0142y Podstawowej w Sadownem odby\u0142a si\u0119 21 czerwca 2023 r. w Gminnej Hali Sportowej. Pomimo po\u017cegnania, absolwenci musz\u0105 jednak odebra\u0107 jeszcze w najbli\u017cszy pi\u0105tek, razem z pozosta\u0142ymi uczniami, \u015bwiadectwa uko\u0144czenia szko\u0142y, a potem\u2026 wakacje i chyba rusz\u0105 w \u015bwiat, najpierw do wybranej przez siebie szko\u0142y \u015bredniej. Z tymi, kt\u00f3rzy wybrali nauk\u0119 w ZSP w Sadownem, spotkamy si\u0119 oczywi\u015bcie ju\u017c we wrze\u015bniu.<\/p>\n<p><strong>A dzisiejsze po\u017cegnanie?<\/strong> Na pocz\u0105tku oficjalnie &#8211; wprowadzenia sztandaru i od\u015bpiewanie hymnu pa\u0144stwowego, powitanie zaproszonych go\u015bci, nauczycieli, rodzic\u00f3w i uczni\u00f3w przez gospodyni\u0119 spotkania p. Dyrektor Ma\u0142gorzat\u0119 Koro\u015b. W uroczysto\u015bci wzi\u0119li udzia\u0142 m.in.: W\u00f3jt Gminy Sadowne p. Waldemar Cyran, Zast\u0119pca W\u00f3jta Gminy Sadowne p. Marcin Gr\u0119da, Proboszcz Parafii Sadowne ks. Antoni Kunicki, \u00a0Dyrektor ZSP w Sadownem p. S\u0142awomir Ryszawa i Dyrektor Przedszkola w Sadownem p. Agata S\u0119dek. Niekt\u00f3rzy z nich zabrali te\u017c g\u0142os.<\/p>\n<p>Jeszcze w cz\u0119\u015bci oficjalnej, go\u015bcie, wsp\u00f3lnie z p. Dyrektor Szko\u0142y, wychowawcami klas \u00f3smych: p. Ann\u0105 Gierej i p. Aldon\u0105 Ga\u0142eck\u0105 oraz nauczycielami przedmiot\u00f3w, wr\u0119czyli uczniom i ich rodzicom dyplomy, podzi\u0119kowania, nagrody za nauk\u0119, dzia\u0142alno\u015b\u0107 m.in. kulturaln\u0105, sportow\u0105\u2026 na rzecz szko\u0142y i poza ni\u0105, od opiekun\u00f3w, samorz\u0105du szkolnego, Gminy Sadowne. Przekazano te\u017c sztandar szko\u0142y nowemu pocztowi sztandarowemu (szczeg\u00f3\u0142y na temat nagrodzonych uka\u017c\u0105 si\u0119 na stronie internetowej SP Sadowne).<\/p>\n<p>Po cz\u0119\u015bci oficjalnej odby\u0142a si\u0119 cz\u0119\u015b\u0107 artystyczna, kt\u00f3r\u0105 przygotowali \u00f3smoklasi\u015bci i uczniowie klas si\u00f3dmych. Rozpocz\u0105\u0142 j\u0105 tradycyjny polonez (film na stronie\u00a0 ), a zako\u0144czy\u0142y po\u017cegnania kwiatkami, dobrym s\u0142owem i \u017cyczeniami. Nauczyciele, go\u015bcie i rodzice zako\u0144czyli spotkanie kaw\u0105 i dobrym ciastem, a nasi absolwenci \u2013 dyskotek\u0105.<\/p>\n<p><strong>Od nas wszystkich: Drodzy Absolwenci &#8211; powodzenia w dalszym \u017cyciu!<\/strong><\/p>\n<p><span style=\"color: #0000ff;\"><a style=\"color: #0000ff;\" href=\"https:\/\/photos.app.goo.gl\/S5qH8zmFc5jrVi269\" target=\"_blank\" rel=\"noopener\"><strong>Zdj\u0119cia w galerii Google&gt;&gt;&gt;<\/strong><\/a><\/span><\/p>\n<p><iframe loading=\"lazy\" style=\"border: none; overflow: hidden;\" src=\"https:\/\/www.facebook.com\/plugins\/video.php?height=314&amp;href=https%3A%2F%2Fwww.facebook.com%2Finfosadowne%2Fvideos%2F9542384225834483%2F&amp;show_text=false&amp;width=560&amp;t=0\" width=\"560\" height=\"314\" frameborder=\"0\" scrolling=\"no\" allowfullscreen=\"allowfullscreen\"><\/iframe><\/p>\n<p><strong>Tekst\/foto:<\/strong> S\u0142awek Chyli\u0144ski<\/p>\n","protected":false},"excerpt":{"rendered":"<p>38. uczni\u00f3w \u00f3smych klas zako\u0144czy\u0142o edukacj\u0119 w Szkole Podstawowej im. b\u0142. ks. Edwarda Grzyma\u0142y w Sadownem.<\/p>\n","protected":false},"author":1,"featured_media":0,"comment_status":"closed","ping_status":"closed","sticky":false,"template":"","format":"standard","meta":{"footnotes":""},"categories":[5,1752,84],"tags":[3126,25,16],"class_list":["post-27760","post","type-post","status-publish","format-standard","hentry","category-newsy","category-edukacja","category-szkola-podstawowa-im-cz-wycecha","tag-pozegnanie-osmoklasistow","tag-sadowne","tag-szkola-podstawowa-w-sadownem"],"views":3247,"_links":{"self":[{"href":"https:\/\/info.sadowne.pl\/index.php?rest_route=\/wp\/v2\/posts\/27760","targetHints":{"allow":["GET"]}}],"collection":[{"href":"https:\/\/info.sadowne.pl\/index.php?rest_route=\/wp\/v2\/posts"}],"about":[{"href":"https:\/\/info.sadowne.pl\/index.php?rest_route=\/wp\/v2\/types\/post"}],"author":[{"embeddable":true,"href":"https:\/\/info.sadowne.pl\/index.php?rest_route=\/wp\/v2\/users\/1"}],"replies":[{"embeddable":true,"href":"https:\/\/info.sadowne.pl\/index.php?rest_route=%2Fwp%2Fv2%2Fcomments&post=27760"}],"version-history":[{"count":3,"href":"https:\/\/info.sadowne.pl\/index.php?rest_route=\/wp\/v2\/posts\/27760\/revisions"}],"predecessor-version":[{"id":27764,"href":"https:\/\/info.sadowne.pl\/index.php?rest_route=\/wp\/v2\/posts\/27760\/revisions\/27764"}],"wp:attachment":[{"href":"https:\/\/info.sadowne.pl\/index.php?rest_route=%2Fwp%2Fv2%2Fmedia&parent=27760"}],"wp:term":[{"taxonomy":"category","embeddable":true,"href":"https:\/\/info.sadowne.pl\/index.php?rest_route=%2Fwp%2Fv2%2Fcategories&post=27760"},{"taxonomy":"post_tag","embeddable":true,"href":"https:\/\/info.sadowne.pl\/index.php?rest_route=%2Fwp%2Fv2%2Ftags&post=27760"}],"curies":[{"name":"wp","href":"https:\/\/api.w.org\/{rel}","templated":true}]}}