{"id":27765,"date":"2023-06-22T14:28:42","date_gmt":"2023-06-22T12:28:42","guid":{"rendered":"http:\/\/info.sadowne.pl\/?p=27765"},"modified":"2023-06-22T14:28:42","modified_gmt":"2023-06-22T12:28:42","slug":"demoralizacja-kurpiow-pod-szczecinem","status":"publish","type":"post","link":"https:\/\/info.sadowne.pl\/?p=27765","title":{"rendered":"Demoralizacja Kurpi\u00f3w pod Szczecinem,"},"content":{"rendered":"<p><strong><a href=\"http:\/\/info.sadowne.pl\/wp-content\/uploads\/2023\/06\/Brok131.jpg\" target=\"_blank\" rel=\"noopener\"><img loading=\"lazy\" decoding=\"async\" class=\"alignleft wp-image-27766 size-thumbnail\" src=\"http:\/\/info.sadowne.pl\/wp-content\/uploads\/2023\/06\/Brok131-180x130.jpg\" alt=\"\" width=\"180\" height=\"130\" \/><\/a>szlachetna inicjatywa w Jasienicy, zbiorowe otrucie w Ostrowi, uprowadzenie doro\u017cki na trakcie z Ma\u0142kini do Nura, podpalenie \u015bwi\u0105tyni sprawiedliwo\u015bci w D\u0142ugosiodle.<\/strong><!--more--><\/p>\n<p>Dalszy ci\u0105g narzeka\u0144 pana Dominika Staszewskiego na Kurpi\u00f3w. Tym razem o tym, \u017ce ze swych w\u0119dr\u00f3wek do Prus nie przywo\u017c\u0105 niczego poza modnym odzieniem i dewizkami do zegark\u00f3w i nawet nie pomy\u015bl\u0105 o wprowadzeniu w swych gospodarstwach, podpatrzonych za granic\u0105 warto\u015bciowych nowinek. Przy czym ulegaj\u0105 pod Szczecinem daleko posuni\u0119tej demoralizacji, a kurpiowskie dziewcz\u0119ta wracaj\u0105 stamt\u0105d zupe\u0142nie przez Prusak\u00f3w popsute.<\/p>\n<p>Od prawie p\u00f3\u0142 roku trwa I wojna \u015bwiatowa, ale krwawe boje tocz\u0105 si\u0119 szcz\u0119\u015bliwie do\u015b\u0107 daleko od okolic nadbu\u017cnych. Mieszka\u0144cy Jasienicy mog\u0105 by\u0107 dumni, i\u017c powo\u0142ano tam komitet celem pomocy osobom, kt\u00f3re wskutek dzia\u0142a\u0144 wojennych utraci\u0142y swe domostwa.<\/p>\n<p>Dzisiejszy przegl\u0105d prasy ko\u0144cz\u0105 trzy historie mro\u017c\u0105ce krew w \u017cy\u0142ach, a przynajmniej przyprawiaj\u0105ce o dreszczyk emocji: w Ostrowi, \u015bmiertelnemu zatruciu uleg\u0142a wieloosobowa rodzina; na drodze z Ma\u0142kini do Nura dosz\u0142o do uprowadzenia doro\u017cki, \u015blady za\u015b przest\u0119pstwa prowadz\u0105 do Ceranowa; w D\u0142ugosiodle podpalono gmach s\u0105du, a wo\u017any, korzystaj\u0105c z okazji, skrad\u0142 got\u00f3wk\u0119 i przer\u00f3\u017cne fanty.<\/p>\n<p>Kontynuujemy walk\u0119 z wykluczeniem komunikacyjnym i w jej ramach zamieszczamy rozk\u0142ad jazdy autobus\u00f3w na trasie Ma\u0142kinia \u2013 Ostr\u00f3w \u2013 Brok \u2013 \u0141och\u00f3w. Mamy nadziej\u0119, \u017ce autobus zatrzymuje si\u0119 tak\u017ce na przystankach m.in. w Orle, Grabownicy, P\u0142atkownicy i Sadownem, umo\u017cliwiaj\u0105c tamtejszym mieszka\u0144com bezpo\u015bredni kontakt z dynamicznie pr\u0105cym do przodu \u015bwiatem zewn\u0119trznym. Je\u017celi tak nie jest, to prosimy o kontakt listowny \u2013 b\u0119dziemy interweniowa\u0107.<\/p>\n<p><strong>Wi\u0119cej na stronie <span style=\"color: #0000ff;\"><a style=\"color: #0000ff;\" href=\"https:\/\/madzelan.cba.pl\/demoralizacja-kurpiow-pod-szczecinem-szlachetna-inicjatywa-w-jasienicy-zbiorowe-otrucie-w-ostrowi-uprowadzenie-dorozki-na-trakcie-z-malkini-do-nura-podpalenie-swiatyni-sprawiedliwosci-w-dlugosiodl\/\" target=\"_blank\" rel=\"noopener\">https:\/\/madzelan.cba.pl\/demoralizacja-kurpiow-pod-szczecinem-szlachetna-inicjatywa-w-jasienicy-zbiorowe-otrucie-w-ostrowi-uprowadzenie-dorozki-na-trakcie-z-malkini-do-nura-podpalenie-swiatyni-sprawiedliwosci-w-dlugosiodl\/<\/a><\/span><\/strong><\/p>\n","protected":false},"excerpt":{"rendered":"<p>szlachetna inicjatywa w Jasienicy, zbiorowe otrucie w Ostrowi, uprowadzenie doro\u017cki na trakcie z Ma\u0142kini do Nura, podpalenie \u015bwi\u0105tyni sprawiedliwo\u015bci w D\u0142ugosiodle.<\/p>\n","protected":false},"author":1,"featured_media":0,"comment_status":"closed","ping_status":"closed","sticky":false,"template":"","format":"standard","meta":{"footnotes":""},"categories":[5,3436,31],"tags":[101,3004,2956],"class_list":["post-27765","post","type-post","status-publish","format-standard","hentry","category-newsy","category-opowiesci-historie-legendy-brokowskie-i-nie-tylko","category-historia-gminy","tag-historia-gminy-sadowne","tag-jerzy-madzelan","tag-opowiesci-historie-legendy-brokowskie-i-nie-tylko"],"views":1529,"_links":{"self":[{"href":"https:\/\/info.sadowne.pl\/index.php?rest_route=\/wp\/v2\/posts\/27765","targetHints":{"allow":["GET"]}}],"collection":[{"href":"https:\/\/info.sadowne.pl\/index.php?rest_route=\/wp\/v2\/posts"}],"about":[{"href":"https:\/\/info.sadowne.pl\/index.php?rest_route=\/wp\/v2\/types\/post"}],"author":[{"embeddable":true,"href":"https:\/\/info.sadowne.pl\/index.php?rest_route=\/wp\/v2\/users\/1"}],"replies":[{"embeddable":true,"href":"https:\/\/info.sadowne.pl\/index.php?rest_route=%2Fwp%2Fv2%2Fcomments&post=27765"}],"version-history":[{"count":1,"href":"https:\/\/info.sadowne.pl\/index.php?rest_route=\/wp\/v2\/posts\/27765\/revisions"}],"predecessor-version":[{"id":27767,"href":"https:\/\/info.sadowne.pl\/index.php?rest_route=\/wp\/v2\/posts\/27765\/revisions\/27767"}],"wp:attachment":[{"href":"https:\/\/info.sadowne.pl\/index.php?rest_route=%2Fwp%2Fv2%2Fmedia&parent=27765"}],"wp:term":[{"taxonomy":"category","embeddable":true,"href":"https:\/\/info.sadowne.pl\/index.php?rest_route=%2Fwp%2Fv2%2Fcategories&post=27765"},{"taxonomy":"post_tag","embeddable":true,"href":"https:\/\/info.sadowne.pl\/index.php?rest_route=%2Fwp%2Fv2%2Ftags&post=27765"}],"curies":[{"name":"wp","href":"https:\/\/api.w.org\/{rel}","templated":true}]}}