{"id":27852,"date":"2023-07-19T19:19:20","date_gmt":"2023-07-19T17:19:20","guid":{"rendered":"http:\/\/info.sadowne.pl\/?p=27852"},"modified":"2023-07-19T19:19:20","modified_gmt":"2023-07-19T17:19:20","slug":"sadowianki-rok-2020","status":"publish","type":"post","link":"https:\/\/info.sadowne.pl\/?p=27852","title":{"rendered":"Sadowianki &#8211; rok 2020"},"content":{"rendered":"<p><strong><a href=\"http:\/\/info.sadowne.pl\/wp-content\/uploads\/2023\/07\/sad854.jpg\"><img loading=\"lazy\" decoding=\"async\" class=\"alignleft size-thumbnail wp-image-27858\" src=\"http:\/\/info.sadowne.pl\/wp-content\/uploads\/2023\/07\/sad854-180x130.jpg\" alt=\"\" width=\"180\" height=\"130\" \/><\/a>Z najlepszymi \u017cyczeniami dla Zespo\u0142u \u015apiewaczego &#8222;Sadowianki&#8221; z okazji 50-lecia dzia\u0142alno\u015bci &#8211; Redakcja Info Sadowne.<\/strong><!--more--><\/p>\n<p style=\"text-align: center;\"><strong>W\u0118GR\u00d3W<\/strong><\/p>\n<p style=\"text-align: center;\"><strong>6 marca 2020 roku<\/strong><\/p>\n<p style=\"text-align: center;\"><strong><a href=\"http:\/\/info.sadowne.pl\/wp-content\/uploads\/2023\/07\/sad851.jpg\"><img loading=\"lazy\" decoding=\"async\" class=\"aligncenter size-full wp-image-27854\" src=\"http:\/\/info.sadowne.pl\/wp-content\/uploads\/2023\/07\/sad851.jpg\" alt=\"\" width=\"549\" height=\"41\" srcset=\"https:\/\/info.sadowne.pl\/wp-content\/uploads\/2023\/07\/sad851.jpg 549w, https:\/\/info.sadowne.pl\/wp-content\/uploads\/2023\/07\/sad851-300x22.jpg 300w\" sizes=\"auto, (max-width: 549px) 100vw, 549px\" \/><\/a>\u00a0<\/strong><\/p>\n<h2 style=\"text-align: center;\">Powiatu\u00a0 W\u0119growskiego<\/h2>\n<p style=\"text-align: center;\">odby\u0142 si\u0119 w Sali gimnastycznej ZSP im. Jana Kochanowskiego w W\u0119growie.<\/p>\n<p style=\"text-align: center;\">Na zaproszenie Starosty p. Ewy Besztak do W\u0119growa przyjecha\u0142o oko\u0142o stu so\u0142tys\u00f3w gmin powiatu w\u0119growskiego. Pani Starosta dzi\u0119kowa\u0142a im za pe\u0142n\u0105 po\u015bwi\u0119cenia s\u0142u\u017cb\u0119 spo\u0142eczn\u0105.<\/p>\n<p style=\"text-align: center;\">Do podzi\u0119kowa\u0144 do\u0142\u0105czyli si\u0119:<\/p>\n<p style=\"text-align: center;\">Senator <strong>Maria Koc<\/strong>,<\/p>\n<p style=\"text-align: center;\">Pose\u0142 <strong>Maciej G\u00f3rski<\/strong>,<\/p>\n<p style=\"text-align: center;\">Radna Wojew\u00f3dztwa Mazowieckiego oraz Dyrektor Oddzia\u0142u Regionalnego KRUS w Warszawie<strong> Joanna Bala.<\/strong><\/p>\n<p style=\"text-align: center;\"><strong><a href=\"http:\/\/info.sadowne.pl\/wp-content\/uploads\/2023\/07\/sad852.jpg\"><img loading=\"lazy\" decoding=\"async\" class=\"alignleft size-full wp-image-27855\" src=\"http:\/\/info.sadowne.pl\/wp-content\/uploads\/2023\/07\/sad852.jpg\" alt=\"\" width=\"251\" height=\"373\" srcset=\"https:\/\/info.sadowne.pl\/wp-content\/uploads\/2023\/07\/sad852.jpg 251w, https:\/\/info.sadowne.pl\/wp-content\/uploads\/2023\/07\/sad852-202x300.jpg 202w\" sizes=\"auto, (max-width: 251px) 100vw, 251px\" \/><\/a><a href=\"http:\/\/info.sadowne.pl\/wp-content\/uploads\/2023\/07\/sad853.jpg\"><img loading=\"lazy\" decoding=\"async\" class=\"alignright size-full wp-image-27856\" src=\"http:\/\/info.sadowne.pl\/wp-content\/uploads\/2023\/07\/sad853.jpg\" alt=\"\" width=\"252\" height=\"341\" srcset=\"https:\/\/info.sadowne.pl\/wp-content\/uploads\/2023\/07\/sad853.jpg 252w, https:\/\/info.sadowne.pl\/wp-content\/uploads\/2023\/07\/sad853-222x300.jpg 222w\" sizes=\"auto, (max-width: 252px) 100vw, 252px\" \/><\/a>\u00a0<\/strong><\/p>\n<p style=\"text-align: center;\"><strong>\u00a0<\/strong><\/p>\n<p style=\"text-align: center;\"><strong>\u00a0\u00a0\u00a0\u00a0\u00a0\u00a0\u00a0 \u00a0\u00a0\u00a0\u00a0\u00a0\u00a0<\/strong><\/p>\n<p>&nbsp;<\/p>\n<p>&nbsp;<\/p>\n<p>&nbsp;<\/p>\n<p>&nbsp;<\/p>\n<p>&nbsp;<\/p>\n<p>&nbsp;<\/p>\n<p>&nbsp;<\/p>\n<p>&nbsp;<\/p>\n<p>&nbsp;<\/p>\n<p>&nbsp;<\/p>\n<p style=\"text-align: center;\"><strong>\u00a0<\/strong><\/p>\n<p style=\"text-align: center;\">Podczas Kongresu nie zabrak\u0142o akcent\u00f3w artystycznych i kulinarnych.<\/p>\n<p style=\"text-align: center;\"><a href=\"http:\/\/info.sadowne.pl\/wp-content\/uploads\/2023\/07\/sad854.jpg\"><img loading=\"lazy\" decoding=\"async\" class=\"aligncenter size-full wp-image-27858\" src=\"http:\/\/info.sadowne.pl\/wp-content\/uploads\/2023\/07\/sad854.jpg\" alt=\"\" width=\"604\" height=\"316\" srcset=\"https:\/\/info.sadowne.pl\/wp-content\/uploads\/2023\/07\/sad854.jpg 604w, https:\/\/info.sadowne.pl\/wp-content\/uploads\/2023\/07\/sad854-300x157.jpg 300w\" sizes=\"auto, (max-width: 604px) 100vw, 604px\" \/><\/a><\/p>\n<p style=\"text-align: center;\">Zesp\u00f3\u0142 Sadowianki<\/p>\n<p><a href=\"http:\/\/info.sadowne.pl\/wp-content\/uploads\/2023\/07\/sad855.jpg\"><img loading=\"lazy\" decoding=\"async\" class=\"aligncenter size-full wp-image-27863\" src=\"http:\/\/info.sadowne.pl\/wp-content\/uploads\/2023\/07\/sad855.jpg\" alt=\"\" width=\"545\" height=\"427\" srcset=\"https:\/\/info.sadowne.pl\/wp-content\/uploads\/2023\/07\/sad855.jpg 545w, https:\/\/info.sadowne.pl\/wp-content\/uploads\/2023\/07\/sad855-300x235.jpg 300w\" sizes=\"auto, (max-width: 545px) 100vw, 545px\" \/><\/a><\/p>\n<p style=\"text-align: center;\">Andrzej Olton.<\/p>\n<p><a href=\"http:\/\/info.sadowne.pl\/wp-content\/uploads\/2023\/07\/sad856.jpg\"><img loading=\"lazy\" decoding=\"async\" class=\"aligncenter size-full wp-image-27864\" src=\"http:\/\/info.sadowne.pl\/wp-content\/uploads\/2023\/07\/sad856.jpg\" alt=\"\" width=\"606\" height=\"278\" srcset=\"https:\/\/info.sadowne.pl\/wp-content\/uploads\/2023\/07\/sad856.jpg 606w, https:\/\/info.sadowne.pl\/wp-content\/uploads\/2023\/07\/sad856-300x138.jpg 300w\" sizes=\"auto, (max-width: 606px) 100vw, 606px\" \/><\/a><\/p>\n<p style=\"text-align: center;\">Ze specjalnym koncertem dedykowanym so\u0142tysom wyst\u0105pi\u0142y zespo\u0142y:<\/p>\n<p style=\"text-align: center;\"><strong>Zesp\u00f3\u0142 \u015apiewaczy SADOWIANKI<\/strong> z Sadownego oraz zesp\u00f3\u0142 wokalny z ZSP im. Kochanowskiego w W\u0119growie.<\/p>\n<p style=\"text-align: center;\"><strong>*\u00a0<\/strong><\/p>\n<p style=\"text-align: center;\"><strong>SADOWNE<\/strong><\/p>\n<p style=\"text-align: center;\"><strong>5 lipca 2020 roku<\/strong><\/p>\n<p style=\"text-align: center;\">w naszym pi\u0119knym ko\u015bciele odby\u0142 si\u0119 Koncert Papieski w 100 rocznic\u0119 urodzin \u015aw. Jana Paw\u0142a II.<\/p>\n<p style=\"text-align: center;\">Do Sadownego przyjechali arty\u015bci<\/p>\n<p style=\"text-align: center;\">z Warszawskiej Opery Kameralnej wraz<\/p>\n<p style=\"text-align: center;\">z pani\u0105 <strong>Alicj\u0105 W\u0119gorzewsk\u0105<\/strong>.<\/p>\n<p style=\"text-align: center;\">Arty\u015bci, kt\u00f3rzy stworzyli atmosfer\u0119 pe\u0142n\u0105 rado\u015bci i wzrusze\u0144<\/p>\n<p style=\"text-align: center;\">zostali przyj\u0119ci gromkimi brawami.<\/p>\n<p style=\"text-align: center;\">Recytacje, \u015bpiew i muzyka by\u0142y na najwy\u017cszym<\/p>\n<p style=\"text-align: center;\">\u015bwiatowym poziomie,<\/p>\n<p style=\"text-align: center;\">a przekazywane tre\u015bci pe\u0142ne g\u0142\u0119bokiej wiary<\/p>\n<p style=\"text-align: center;\">i katolickich warto\u015bci.<\/p>\n<p><a href=\"http:\/\/info.sadowne.pl\/wp-content\/uploads\/2023\/07\/sad857.jpg\"><img loading=\"lazy\" decoding=\"async\" class=\"aligncenter size-full wp-image-27865\" src=\"http:\/\/info.sadowne.pl\/wp-content\/uploads\/2023\/07\/sad857.jpg\" alt=\"\" width=\"608\" height=\"456\" srcset=\"https:\/\/info.sadowne.pl\/wp-content\/uploads\/2023\/07\/sad857.jpg 608w, https:\/\/info.sadowne.pl\/wp-content\/uploads\/2023\/07\/sad857-300x225.jpg 300w\" sizes=\"auto, (max-width: 608px) 100vw, 608px\" \/><\/a><\/p>\n<p><a href=\"http:\/\/info.sadowne.pl\/wp-content\/uploads\/2023\/07\/sad858.jpg\"><img loading=\"lazy\" decoding=\"async\" class=\"aligncenter size-full wp-image-27866\" src=\"http:\/\/info.sadowne.pl\/wp-content\/uploads\/2023\/07\/sad858.jpg\" alt=\"\" width=\"605\" height=\"454\" srcset=\"https:\/\/info.sadowne.pl\/wp-content\/uploads\/2023\/07\/sad858.jpg 605w, https:\/\/info.sadowne.pl\/wp-content\/uploads\/2023\/07\/sad858-300x225.jpg 300w\" sizes=\"auto, (max-width: 605px) 100vw, 605px\" \/><\/a><\/p>\n<p style=\"text-align: center;\"><strong>Artystom dzi\u0119kuj\u0105: Ewa Pi\u00f3rkowska, Marysia Szymanik <\/strong><\/p>\n<p style=\"text-align: center;\"><strong>i Jadzia Borowa.<\/strong><\/p>\n<p style=\"text-align: center;\">Ten wspania\u0142y wyst\u0119p mo\u017cliwy by\u0142 dzi\u0119ki<\/p>\n<p style=\"text-align: center;\">pani <strong>El\u017cbiecie Lanc<\/strong>, kt\u00f3ra obj\u0119\u0142a patronat nad tym wydarzeniem<\/p>\n<p style=\"text-align: center;\">i uprzejmo\u015bci ksi\u0119dza proboszcza<\/p>\n<p style=\"text-align: center;\"><strong>Antoniego Kunickiego<\/strong>, goszcz\u0105cego zebranych w \u015bwi\u0105tyni.<\/p>\n<p style=\"text-align: center;\">Po od\u015bpiewaniu na koniec przez artyst\u00f3w i zebranych w ko\u015bciele ulubionej pie\u015bni Jana Paw\u0142a II &#8211; ,,Barka\u201d<\/p>\n<p style=\"text-align: center;\">podzi\u0119kowa\u0142 za pi\u0119kny Koncert Zast\u0119pca W\u00f3jta <strong>Marcin Gr\u0119da<\/strong>, Dyrektor GOK <strong>Ewa Pi\u00f3rkowska<\/strong><\/p>\n<p style=\"text-align: center;\">i przedstawicielki <strong>Zespo\u0142u SADOWIANKI<\/strong>.<\/p>\n<p><a href=\"http:\/\/info.sadowne.pl\/wp-content\/uploads\/2023\/07\/sad859.jpg\"><img loading=\"lazy\" decoding=\"async\" class=\"aligncenter size-full wp-image-27867\" src=\"http:\/\/info.sadowne.pl\/wp-content\/uploads\/2023\/07\/sad859.jpg\" alt=\"\" width=\"303\" height=\"196\" srcset=\"https:\/\/info.sadowne.pl\/wp-content\/uploads\/2023\/07\/sad859.jpg 303w, https:\/\/info.sadowne.pl\/wp-content\/uploads\/2023\/07\/sad859-300x194.jpg 300w\" sizes=\"auto, (max-width: 303px) 100vw, 303px\" \/><\/a><\/p>\n<p style=\"text-align: center;\">*<\/p>\n<p style=\"text-align: center;\"><strong>SADOWNE<\/strong><\/p>\n<p style=\"text-align: center;\"><strong>15 sierpnia 2020 roku<\/strong><\/p>\n<p style=\"text-align: center;\">W Sadownem odby\u0142y si\u0119 Do\u017cynki Gminno-Parafialne.<\/p>\n<p style=\"text-align: center;\">Has\u0142o przewodnie do\u017cynek, kt\u00f3rych gospodarzem by\u0142o So\u0142ectwo Oci\u0119te to:<\/p>\n<p><a href=\"http:\/\/info.sadowne.pl\/wp-content\/uploads\/2023\/07\/sad860.jpg\"><img loading=\"lazy\" decoding=\"async\" class=\"aligncenter size-full wp-image-27868\" src=\"http:\/\/info.sadowne.pl\/wp-content\/uploads\/2023\/07\/sad860.jpg\" alt=\"\" width=\"454\" height=\"48\" srcset=\"https:\/\/info.sadowne.pl\/wp-content\/uploads\/2023\/07\/sad860.jpg 454w, https:\/\/info.sadowne.pl\/wp-content\/uploads\/2023\/07\/sad860-300x32.jpg 300w\" sizes=\"auto, (max-width: 454px) 100vw, 454px\" \/><\/a><\/p>\n<p><a href=\"http:\/\/info.sadowne.pl\/wp-content\/uploads\/2023\/07\/sad861.jpg\"><img loading=\"lazy\" decoding=\"async\" class=\"aligncenter size-full wp-image-27869\" src=\"http:\/\/info.sadowne.pl\/wp-content\/uploads\/2023\/07\/sad861.jpg\" alt=\"\" width=\"606\" height=\"359\" srcset=\"https:\/\/info.sadowne.pl\/wp-content\/uploads\/2023\/07\/sad861.jpg 606w, https:\/\/info.sadowne.pl\/wp-content\/uploads\/2023\/07\/sad861-300x178.jpg 300w\" sizes=\"auto, (max-width: 606px) 100vw, 606px\" \/><\/a><\/p>\n<p style=\"text-align: center;\"><strong>S\u0142owo wst\u0119pne W\u00f3jta Gminy p. Waldemara Cyrana.<\/strong><\/p>\n<p><a href=\"http:\/\/info.sadowne.pl\/wp-content\/uploads\/2023\/07\/sad862.jpg\"><img loading=\"lazy\" decoding=\"async\" class=\"aligncenter size-full wp-image-27870\" src=\"http:\/\/info.sadowne.pl\/wp-content\/uploads\/2023\/07\/sad862.jpg\" alt=\"\" width=\"603\" height=\"320\" srcset=\"https:\/\/info.sadowne.pl\/wp-content\/uploads\/2023\/07\/sad862.jpg 603w, https:\/\/info.sadowne.pl\/wp-content\/uploads\/2023\/07\/sad862-300x159.jpg 300w\" sizes=\"auto, (max-width: 603px) 100vw, 603px\" \/><\/a><\/p>\n<p style=\"text-align: center;\">W tym roku starym zwyczajem g\u0142\u00f3wne uroczysto\u015bci do\u017cynkowe<\/p>\n<p style=\"text-align: center;\">rozpocz\u0119\u0142y si\u0119 msz\u0105 \u015bwi\u0119t\u0105 w miejscowym ko\u015bciele parafialnym celebrowan\u0105 przez proboszcza ks. Antoniego Kunickiego,<\/p>\n<p style=\"text-align: center;\">W intencji rolnik\u00f3w i uczestnik\u00f3w do\u017cynek oraz ojczyzny.<\/p>\n<p><a href=\"http:\/\/info.sadowne.pl\/wp-content\/uploads\/2023\/07\/sad863.jpg\"><img loading=\"lazy\" decoding=\"async\" class=\"aligncenter size-full wp-image-27871\" src=\"http:\/\/info.sadowne.pl\/wp-content\/uploads\/2023\/07\/sad863.jpg\" alt=\"\" width=\"608\" height=\"310\" srcset=\"https:\/\/info.sadowne.pl\/wp-content\/uploads\/2023\/07\/sad863.jpg 608w, https:\/\/info.sadowne.pl\/wp-content\/uploads\/2023\/07\/sad863-300x153.jpg 300w\" sizes=\"auto, (max-width: 608px) 100vw, 608px\" \/><\/a><\/p>\n<p style=\"text-align: center;\"><strong>Do\u017cynkow\u0105 opraw\u0119 muzyczn\u0105 przygotowa\u0142 nasz zesp\u00f3\u0142.<\/strong><\/p>\n<p><a href=\"http:\/\/info.sadowne.pl\/wp-content\/uploads\/2023\/07\/sad864.jpg\"><img loading=\"lazy\" decoding=\"async\" class=\"aligncenter size-full wp-image-27872\" src=\"http:\/\/info.sadowne.pl\/wp-content\/uploads\/2023\/07\/sad864.jpg\" alt=\"\" width=\"604\" height=\"315\" srcset=\"https:\/\/info.sadowne.pl\/wp-content\/uploads\/2023\/07\/sad864.jpg 604w, https:\/\/info.sadowne.pl\/wp-content\/uploads\/2023\/07\/sad864-300x156.jpg 300w\" sizes=\"auto, (max-width: 604px) 100vw, 604px\" \/><\/a><\/p>\n<p><a href=\"http:\/\/info.sadowne.pl\/wp-content\/uploads\/2023\/07\/sad865.jpg\"><img loading=\"lazy\" decoding=\"async\" class=\"aligncenter size-full wp-image-27873\" src=\"http:\/\/info.sadowne.pl\/wp-content\/uploads\/2023\/07\/sad865.jpg\" alt=\"\" width=\"606\" height=\"372\" srcset=\"https:\/\/info.sadowne.pl\/wp-content\/uploads\/2023\/07\/sad865.jpg 606w, https:\/\/info.sadowne.pl\/wp-content\/uploads\/2023\/07\/sad865-300x184.jpg 300w\" sizes=\"auto, (max-width: 606px) 100vw, 606px\" \/><\/a><\/p>\n<p style=\"text-align: center;\"><strong>Hania D\u0119bkowska, Basia Wr\u00f3bel, Bogusia Danaj, Zbyszek Danaj, <\/strong><\/p>\n<p style=\"text-align: center;\"><strong>Krysia Wetoszka i Jadzia Borowa.<\/strong><\/p>\n<p style=\"text-align: center;\"><strong>\u00a0*<\/strong><strong>\u00a0<\/strong><\/p>\n<p style=\"text-align: center;\"><strong>WARSZAWA<\/strong><\/p>\n<p style=\"text-align: center;\"><strong>19-20 wrze\u015bnia 2020 rok<\/strong><\/p>\n<p><a href=\"http:\/\/info.sadowne.pl\/wp-content\/uploads\/2023\/07\/sad866.jpg\"><img loading=\"lazy\" decoding=\"async\" class=\"aligncenter size-full wp-image-27875\" src=\"http:\/\/info.sadowne.pl\/wp-content\/uploads\/2023\/07\/sad866.jpg\" alt=\"\" width=\"548\" height=\"86\" srcset=\"https:\/\/info.sadowne.pl\/wp-content\/uploads\/2023\/07\/sad866.jpg 548w, https:\/\/info.sadowne.pl\/wp-content\/uploads\/2023\/07\/sad866-300x47.jpg 300w\" sizes=\"auto, (max-width: 548px) 100vw, 548px\" \/><\/a><\/p>\n<p><a href=\"http:\/\/info.sadowne.pl\/wp-content\/uploads\/2023\/07\/sad867.jpg\"><img loading=\"lazy\" decoding=\"async\" class=\"aligncenter size-full wp-image-27874\" src=\"http:\/\/info.sadowne.pl\/wp-content\/uploads\/2023\/07\/sad867.jpg\" alt=\"\" width=\"594\" height=\"304\" srcset=\"https:\/\/info.sadowne.pl\/wp-content\/uploads\/2023\/07\/sad867.jpg 594w, https:\/\/info.sadowne.pl\/wp-content\/uploads\/2023\/07\/sad867-300x154.jpg 300w\" sizes=\"auto, (max-width: 594px) 100vw, 594px\" \/><\/a><\/p>\n<p style=\"text-align: center;\">W podzi\u0119kowaniu za trud pracy polskich rolnik\u00f3w odby\u0142y si\u0119 w weekend 19-20.09.2020 r. <strong>Do\u017cynki Prezydenckie w Warszawie.<\/strong><\/p>\n<p style=\"text-align: center;\">Gmina Sadowne oraz So\u0142ectwo Sadole\u015b reprezentowali Wojew\u00f3dztwo Mazowieckie na Do\u017cynkach Prezydenckich.<\/p>\n<p><a href=\"http:\/\/info.sadowne.pl\/wp-content\/uploads\/2023\/07\/sad868.jpg\"><img loading=\"lazy\" decoding=\"async\" class=\"aligncenter size-full wp-image-27876\" src=\"http:\/\/info.sadowne.pl\/wp-content\/uploads\/2023\/07\/sad868.jpg\" alt=\"\" width=\"600\" height=\"332\" srcset=\"https:\/\/info.sadowne.pl\/wp-content\/uploads\/2023\/07\/sad868.jpg 600w, https:\/\/info.sadowne.pl\/wp-content\/uploads\/2023\/07\/sad868-300x166.jpg 300w\" sizes=\"auto, (max-width: 600px) 100vw, 600px\" \/><\/a><\/p>\n<p><a href=\"http:\/\/info.sadowne.pl\/wp-content\/uploads\/2023\/07\/sad869.jpg\"><img loading=\"lazy\" decoding=\"async\" class=\"aligncenter size-full wp-image-27877\" src=\"http:\/\/info.sadowne.pl\/wp-content\/uploads\/2023\/07\/sad869.jpg\" alt=\"\" width=\"583\" height=\"670\" srcset=\"https:\/\/info.sadowne.pl\/wp-content\/uploads\/2023\/07\/sad869.jpg 583w, https:\/\/info.sadowne.pl\/wp-content\/uploads\/2023\/07\/sad869-261x300.jpg 261w\" sizes=\"auto, (max-width: 583px) 100vw, 583px\" \/><\/a><\/p>\n<p><a href=\"http:\/\/info.sadowne.pl\/wp-content\/uploads\/2023\/07\/sad870.jpg\"><img loading=\"lazy\" decoding=\"async\" class=\"aligncenter size-full wp-image-27878\" src=\"http:\/\/info.sadowne.pl\/wp-content\/uploads\/2023\/07\/sad870.jpg\" alt=\"\" width=\"606\" height=\"604\" srcset=\"https:\/\/info.sadowne.pl\/wp-content\/uploads\/2023\/07\/sad870.jpg 606w, https:\/\/info.sadowne.pl\/wp-content\/uploads\/2023\/07\/sad870-300x300.jpg 300w\" sizes=\"auto, (max-width: 606px) 100vw, 606px\" \/><\/a><\/p>\n<p style=\"text-align: center;\">Do Warszawy uda\u0142 si\u0119 W\u00f3jt Gminy Sadowne <strong>Waldemar Cyran<\/strong> wraz z ma\u0142\u017conk\u0105, Zast\u0119pca W\u00f3jta <strong>Marcin Gr\u0119da<\/strong>, grupa wie\u0144cowa z So\u0142ectwa Sadole\u015b: so\u0142tys <strong>Beata Rostek<\/strong>, <strong>Agnieszka Warda<\/strong>, <strong>Bo\u017cena Wojciechowska, Katarzyna Zawistowska<\/strong> oraz reprezentacja <strong>Zespo\u0142u \u015apiewaczego SADOWIANKI \u2013 Marysia Szymanik, Ela D\u0119bkowska, Hania D\u0119bkowska oraz Bogusia i Zbyszek Danajowie.<\/strong><\/p>\n<p style=\"text-align: center;\"><strong><a href=\"http:\/\/info.sadowne.pl\/wp-content\/uploads\/2023\/07\/sad871.jpg\"><img loading=\"lazy\" decoding=\"async\" class=\"aligncenter size-full wp-image-27879\" src=\"http:\/\/info.sadowne.pl\/wp-content\/uploads\/2023\/07\/sad871.jpg\" alt=\"\" width=\"605\" height=\"271\" srcset=\"https:\/\/info.sadowne.pl\/wp-content\/uploads\/2023\/07\/sad871.jpg 605w, https:\/\/info.sadowne.pl\/wp-content\/uploads\/2023\/07\/sad871-300x134.jpg 300w\" sizes=\"auto, (max-width: 605px) 100vw, 605px\" \/><\/a><\/strong><\/p>\n<p style=\"text-align: center;\"><strong><a href=\"http:\/\/info.sadowne.pl\/wp-content\/uploads\/2023\/07\/sad872.jpg\"><img loading=\"lazy\" decoding=\"async\" class=\"aligncenter size-full wp-image-27880\" src=\"http:\/\/info.sadowne.pl\/wp-content\/uploads\/2023\/07\/sad872.jpg\" alt=\"\" width=\"606\" height=\"410\" srcset=\"https:\/\/info.sadowne.pl\/wp-content\/uploads\/2023\/07\/sad872.jpg 606w, https:\/\/info.sadowne.pl\/wp-content\/uploads\/2023\/07\/sad872-300x203.jpg 300w\" sizes=\"auto, (max-width: 606px) 100vw, 606px\" \/><\/a><\/strong><\/p>\n<p style=\"text-align: center;\"><strong><a href=\"http:\/\/info.sadowne.pl\/wp-content\/uploads\/2023\/07\/sad873.jpg\"><img loading=\"lazy\" decoding=\"async\" class=\"aligncenter size-full wp-image-27881\" src=\"http:\/\/info.sadowne.pl\/wp-content\/uploads\/2023\/07\/sad873.jpg\" alt=\"\" width=\"605\" height=\"473\" srcset=\"https:\/\/info.sadowne.pl\/wp-content\/uploads\/2023\/07\/sad873.jpg 605w, https:\/\/info.sadowne.pl\/wp-content\/uploads\/2023\/07\/sad873-300x235.jpg 300w\" sizes=\"auto, (max-width: 605px) 100vw, 605px\" \/><\/a>\u00a0<\/strong><\/p>\n<p style=\"text-align: center;\"><strong>W\u00f3jt Gminy Sadowne p. Waldemar Cyran z nasz\u0105 Delegacj\u0105.<\/strong><\/p>\n<p style=\"text-align: center;\"><strong><a href=\"http:\/\/info.sadowne.pl\/wp-content\/uploads\/2023\/07\/sad875.jpg\"><img loading=\"lazy\" decoding=\"async\" class=\"aligncenter size-full wp-image-27882\" src=\"http:\/\/info.sadowne.pl\/wp-content\/uploads\/2023\/07\/sad875.jpg\" alt=\"\" width=\"566\" height=\"786\" srcset=\"https:\/\/info.sadowne.pl\/wp-content\/uploads\/2023\/07\/sad875.jpg 566w, https:\/\/info.sadowne.pl\/wp-content\/uploads\/2023\/07\/sad875-216x300.jpg 216w\" sizes=\"auto, (max-width: 566px) 100vw, 566px\" \/><\/a>\u00a0<\/strong><strong>\u00a0<\/strong><\/p>\n<p style=\"text-align: center;\"><strong>W\u00f3jt Gminy Sadowne p. Waldemar Cyran.<\/strong><strong>\u00a0<\/strong><\/p>\n<p style=\"text-align: center;\"><strong>Doroczne Do\u017cynki Prezydenckie<\/strong> \u2013<\/p>\n<p style=\"text-align: center;\">wielkie \u015bwi\u0119to rolnik\u00f3w, zorganizowano wyj\u0105tkowo na dziedzi\u0144cu<\/p>\n<p style=\"text-align: center;\">Pa\u0142acu Prezydenckiego w Warszawie.<\/p>\n<p style=\"text-align: center;\">Pierwszy dzie\u0144 po\u015bwi\u0119cony by\u0142 konkursowi na naj\u0142adniejszy wieniec do\u017cynkowy. O nagrod\u0119 Prezydenta walczyli reprezentanci 11 wojew\u00f3dztw.<\/p>\n<p style=\"text-align: center;\">Praca mieszka\u0144c\u00f3w Sadolesia, wyst\u0119puj\u0105cych w imieniu Wojew\u00f3dztwa Mazowieckiego zosta\u0142a nagrodzona dyplomem.<\/p>\n<p style=\"text-align: center;\"><strong><a href=\"http:\/\/info.sadowne.pl\/wp-content\/uploads\/2023\/07\/sad876.jpg\"><img loading=\"lazy\" decoding=\"async\" class=\"aligncenter size-full wp-image-27883\" src=\"http:\/\/info.sadowne.pl\/wp-content\/uploads\/2023\/07\/sad876.jpg\" alt=\"\" width=\"553\" height=\"257\" srcset=\"https:\/\/info.sadowne.pl\/wp-content\/uploads\/2023\/07\/sad876.jpg 553w, https:\/\/info.sadowne.pl\/wp-content\/uploads\/2023\/07\/sad876-300x139.jpg 300w\" sizes=\"auto, (max-width: 553px) 100vw, 553px\" \/><\/a>\u00a0<\/strong><strong>\u00a0<\/strong><\/p>\n<p style=\"text-align: center;\"><strong>Para Prezydencka z nasz\u0105 Delegacj\u0105.<\/strong><\/p>\n<p style=\"text-align: center;\">Nad przebiegiem sobotniego konkursu czuwa\u0142a Pani Prezydentowa \u2013<\/p>\n<p style=\"text-align: center;\"><strong>Agata Kornhauser-Duda<\/strong>,<\/p>\n<p style=\"text-align: center;\">kt\u00f3ra otrzyma\u0142a od naszej delegacji bochen chleba upieczony<\/p>\n<p style=\"text-align: center;\">w sadowe\u0144skiej piekarni.<\/p>\n<p style=\"text-align: center;\"><strong><a href=\"http:\/\/info.sadowne.pl\/wp-content\/uploads\/2023\/07\/sad877.jpg\"><img loading=\"lazy\" decoding=\"async\" class=\"aligncenter size-full wp-image-27884\" src=\"http:\/\/info.sadowne.pl\/wp-content\/uploads\/2023\/07\/sad877.jpg\" alt=\"\" width=\"602\" height=\"341\" srcset=\"https:\/\/info.sadowne.pl\/wp-content\/uploads\/2023\/07\/sad877.jpg 602w, https:\/\/info.sadowne.pl\/wp-content\/uploads\/2023\/07\/sad877-300x170.jpg 300w\" sizes=\"auto, (max-width: 602px) 100vw, 602px\" \/><\/a>\u00a0<\/strong><strong>\u00a0<\/strong><\/p>\n<p style=\"text-align: center;\">W niedziel\u0119 uroczysto\u015bci rozpocz\u0119\u0142y si\u0119<\/p>\n<p style=\"text-align: center;\">msz\u0105 \u015bwi\u0119t\u0105 w ko\u015bciele seminaryjnym pw. Wniebowzi\u0119cia Naj\u015bwi\u0119tszej Maryi Panny i \u015awi\u0119tego J\u00f3zefa Oblubie\u0144ca w Warszawie.<\/p>\n<p style=\"text-align: center;\">Liturgii przewodniczy\u0142 kardyna\u0142 <strong>Kazimierz Nycz<\/strong>, a uczestnikami byli Para Prezydencka, minister rolnictwa, parlamentarzy\u015bci, samorz\u0105dowcy, delegacje wie\u0144cowe oraz rolnicy.<\/p>\n<p><a href=\"http:\/\/info.sadowne.pl\/wp-content\/uploads\/2023\/07\/sad878.jpg\"><img loading=\"lazy\" decoding=\"async\" class=\"aligncenter size-full wp-image-27885\" src=\"http:\/\/info.sadowne.pl\/wp-content\/uploads\/2023\/07\/sad878.jpg\" alt=\"\" width=\"602\" height=\"427\" srcset=\"https:\/\/info.sadowne.pl\/wp-content\/uploads\/2023\/07\/sad878.jpg 602w, https:\/\/info.sadowne.pl\/wp-content\/uploads\/2023\/07\/sad878-300x213.jpg 300w\" sizes=\"auto, (max-width: 602px) 100vw, 602px\" \/><\/a><\/p>\n<p style=\"text-align: center;\"><strong>Kolejne zdj\u0119cie z Par\u0105 Prezydenck\u0105.<\/strong><\/p>\n<p style=\"text-align: center;\">Po wr\u0119czeniu ka\u017cdej delegacji pami\u0105tkowych dyplom\u00f3w<\/p>\n<p style=\"text-align: center;\"><strong>Prezydent z Ma\u0142\u017conk\u0105<\/strong> przeszli z korowodem do\u017cynkowym na miejsce ceremonia\u0142u do\u017cynkowego przed Pa\u0142acem Prezydenckim.<\/p>\n<p><a href=\"http:\/\/info.sadowne.pl\/wp-content\/uploads\/2023\/07\/sad879.png\"><img loading=\"lazy\" decoding=\"async\" class=\"aligncenter size-full wp-image-27886\" src=\"http:\/\/info.sadowne.pl\/wp-content\/uploads\/2023\/07\/sad879.png\" alt=\"\" width=\"604\" height=\"364\" srcset=\"https:\/\/info.sadowne.pl\/wp-content\/uploads\/2023\/07\/sad879.png 604w, https:\/\/info.sadowne.pl\/wp-content\/uploads\/2023\/07\/sad879-300x181.png 300w\" sizes=\"auto, (max-width: 604px) 100vw, 604px\" \/><\/a><\/p>\n<p style=\"text-align: center;\">W oficjalnej cz\u0119\u015bci <strong>Pan Prezydent Andrzej Duda<\/strong>\u00a0 oraz Minister Rolnictwa i Rozwoju Wsi <strong>Jan Krzysztof Ardanowski<\/strong> w imieniu wszystkich Polak\u00f3w podzi\u0119kowali Bogu za plony, a rolnikom za ich ci\u0119\u017ck\u0105 prac\u0119.<\/p>\n<p style=\"text-align: center;\">Uroczysto\u015b\u0107 u\u015bwietnili pi\u0119knymi wyst\u0119pami arty\u015bci zespo\u0142u ,,Mazowsze\u201d.<\/p>\n<p><a href=\"http:\/\/info.sadowne.pl\/wp-content\/uploads\/2023\/07\/sad880.jpg\"><img loading=\"lazy\" decoding=\"async\" class=\"aligncenter size-full wp-image-27887\" src=\"http:\/\/info.sadowne.pl\/wp-content\/uploads\/2023\/07\/sad880.jpg\" alt=\"\" width=\"602\" height=\"397\" srcset=\"https:\/\/info.sadowne.pl\/wp-content\/uploads\/2023\/07\/sad880.jpg 602w, https:\/\/info.sadowne.pl\/wp-content\/uploads\/2023\/07\/sad880-300x198.jpg 300w\" sizes=\"auto, (max-width: 602px) 100vw, 602px\" \/><\/a><\/p>\n<p><a href=\"http:\/\/info.sadowne.pl\/wp-content\/uploads\/2023\/07\/sad881.jpg\"><img loading=\"lazy\" decoding=\"async\" class=\"aligncenter size-full wp-image-27888\" src=\"http:\/\/info.sadowne.pl\/wp-content\/uploads\/2023\/07\/sad881.jpg\" alt=\"\" width=\"602\" height=\"320\" srcset=\"https:\/\/info.sadowne.pl\/wp-content\/uploads\/2023\/07\/sad881.jpg 602w, https:\/\/info.sadowne.pl\/wp-content\/uploads\/2023\/07\/sad881-300x159.jpg 300w\" sizes=\"auto, (max-width: 602px) 100vw, 602px\" \/><\/a><\/p>\n<p style=\"text-align: center;\">Po oficjalnej cz\u0119\u015bci zaproszono wszystkich zebranych do ogrod\u00f3w prezydenckich na pocz\u0119stunek oraz wsp\u00f3lne rozmowy i zdj\u0119cia.<\/p>\n<p style=\"text-align: center;\">*<\/p>\n<p style=\"text-align: center;\"><strong>SADOWNE<\/strong><\/p>\n<p style=\"text-align: center;\"><strong>11 pa\u017adziernika 2020 roku<\/strong><\/p>\n<h2 style=\"text-align: center;\"><em><span style=\"color: #ff0000;\"><strong>Warsztaty\u00a0 z\u00a0 pracy nad g<\/strong><strong>\u0142<\/strong><strong>osem<\/strong><\/span><\/em><\/h2>\n<p style=\"text-align: center;\">Warsztaty odby\u0142y si\u0119 w niedziel\u0119 w Sali OSP w Sadownem pod kierunkiem<\/p>\n<p style=\"text-align: center;\"><strong>p. Ma\u0142gorzaty Nakoniecznej,<\/strong><\/p>\n<p style=\"text-align: center;\">kt\u00f3ra jest laureatk\u0105 Mi\u0119dzynarodowego Festiwalu Piosenki Anny German.<\/p>\n<p><a href=\"http:\/\/info.sadowne.pl\/wp-content\/uploads\/2023\/07\/sad882.jpg\"><img loading=\"lazy\" decoding=\"async\" class=\"aligncenter size-full wp-image-27889\" src=\"http:\/\/info.sadowne.pl\/wp-content\/uploads\/2023\/07\/sad882.jpg\" alt=\"\" width=\"605\" height=\"650\" srcset=\"https:\/\/info.sadowne.pl\/wp-content\/uploads\/2023\/07\/sad882.jpg 605w, https:\/\/info.sadowne.pl\/wp-content\/uploads\/2023\/07\/sad882-279x300.jpg 279w\" sizes=\"auto, (max-width: 605px) 100vw, 605px\" \/><\/a><\/p>\n<p style=\"text-align: center;\">Organizatorem wydarzenia by\u0142a<\/p>\n<p style=\"text-align: center;\">Liga Kobiet Polskich, a patronatem obj\u0119\u0142a go<\/p>\n<p style=\"text-align: center;\"><strong>p. Maria Koc \u2013 Senator RP.<\/strong><\/p>\n<p style=\"text-align: center;\">Wsp\u00f3\u0142organizatorami wydarzenia by\u0142<\/p>\n<p style=\"text-align: center;\"><strong>Zesp\u00f3\u0142 \u015apiewaczy SADOWIANKI<\/strong><\/p>\n<p style=\"text-align: center;\">oraz <strong>Ko\u0142o Gospody\u0144 Wiejskich w Sok\u00f3\u0142ce<\/strong>, kt\u00f3rego przewodnicz\u0105c\u0105 jest<\/p>\n<p style=\"text-align: center;\"><strong>p. Anna Kaszuba.<\/strong><\/p>\n<p><a href=\"http:\/\/info.sadowne.pl\/wp-content\/uploads\/2023\/07\/sad883.jpg\"><img loading=\"lazy\" decoding=\"async\" class=\"aligncenter size-full wp-image-27890\" src=\"http:\/\/info.sadowne.pl\/wp-content\/uploads\/2023\/07\/sad883.jpg\" alt=\"\" width=\"604\" height=\"437\" srcset=\"https:\/\/info.sadowne.pl\/wp-content\/uploads\/2023\/07\/sad883.jpg 604w, https:\/\/info.sadowne.pl\/wp-content\/uploads\/2023\/07\/sad883-300x217.jpg 300w, https:\/\/info.sadowne.pl\/wp-content\/uploads\/2023\/07\/sad883-180x130.jpg 180w\" sizes=\"auto, (max-width: 604px) 100vw, 604px\" \/><\/a><\/p>\n<p style=\"text-align: center;\">Na warsztatach uczestnicy dowiedzieli si\u0119, czym jest g\u0142os, jak si\u0119 nim prawid\u0142owo pos\u0142ugiwa\u0107 i co najwa\u017cniejsze, jak o niego dba\u0107. Nie zabrak\u0142o<\/p>\n<p style=\"text-align: center;\">r\u00f3wnie\u017c informacji o technikach pozwalaj\u0105cych na wydobycie w pe\u0142ni naturalnego i mocnego d\u017awi\u0119ku bez najmniejszego wysi\u0142ku.<\/p>\n<p style=\"text-align: center;\">Po warsztatach uczestnicy mogli wys\u0142ucha\u0107 pi\u0119knego koncertu ,,Niezapomnianych Przeboj\u00f3w\u201d w wykonaniu laureatki wy\u017cej wspomnianego festiwalu.<\/p>\n<p><a href=\"http:\/\/info.sadowne.pl\/wp-content\/uploads\/2023\/07\/sad884.jpg\"><img loading=\"lazy\" decoding=\"async\" class=\"aligncenter size-full wp-image-27891\" src=\"http:\/\/info.sadowne.pl\/wp-content\/uploads\/2023\/07\/sad884.jpg\" alt=\"\" width=\"604\" height=\"281\" srcset=\"https:\/\/info.sadowne.pl\/wp-content\/uploads\/2023\/07\/sad884.jpg 604w, https:\/\/info.sadowne.pl\/wp-content\/uploads\/2023\/07\/sad884-300x140.jpg 300w\" sizes=\"auto, (max-width: 604px) 100vw, 604px\" \/><\/a><\/p>\n<p style=\"text-align: center;\"><strong>A na zako\u0144czenie pami\u0105tkowe zdj\u0119cie.<\/strong><\/p>\n<p style=\"text-align: center;\"><strong>*\u00a0<\/strong><\/p>\n<p style=\"text-align: center;\"><strong>GRYGR\u00d3W<\/strong><\/p>\n<p style=\"text-align: center;\"><strong>8 listopada 2020 roku<\/strong><\/p>\n<p style=\"text-align: center;\"><a href=\"http:\/\/info.sadowne.pl\/wp-content\/uploads\/2023\/07\/sad885.jpg\"><img loading=\"lazy\" decoding=\"async\" class=\"alignleft size-full wp-image-27892\" src=\"http:\/\/info.sadowne.pl\/wp-content\/uploads\/2023\/07\/sad885.jpg\" alt=\"\" width=\"168\" height=\"168\" \/><\/a>Z wielkim smutkiem przyj\u0119li\u015bmy widomo\u015b\u0107 o \u015bmierci wieloletniego Prezesa OSP Grygr\u00f3w druha <strong>Tadeusza Cichockiego<\/strong>, kt\u00f3ry<\/p>\n<p style=\"text-align: center;\">w wieku niespe\u0142na 54 lat odszed\u0142 na wieczny spoczynek.<\/p>\n<p><a href=\"http:\/\/info.sadowne.pl\/wp-content\/uploads\/2023\/07\/sad886.jpg\"><img loading=\"lazy\" decoding=\"async\" class=\"aligncenter size-full wp-image-27893\" src=\"http:\/\/info.sadowne.pl\/wp-content\/uploads\/2023\/07\/sad886.jpg\" alt=\"\" width=\"351\" height=\"354\" srcset=\"https:\/\/info.sadowne.pl\/wp-content\/uploads\/2023\/07\/sad886.jpg 351w, https:\/\/info.sadowne.pl\/wp-content\/uploads\/2023\/07\/sad886-297x300.jpg 297w\" sizes=\"auto, (max-width: 351px) 100vw, 351px\" \/><\/a><\/p>\n<p style=\"text-align: center;\">Pracuj\u0105c druh Tadeusz uczestniczy\u0142 w wielu wydarzeniach zwi\u0105zanych z OSP w Grygrowie. Jego zaanga\u017cowanie w \u017cycie spo\u0142eczne i historyczne lokalnej spo\u0142eczno\u015bci, pozostanie na zawsze w pami\u0119ci. Druh Tadeusz by\u0142 wspania\u0142ym cz\u0142owiekiem, zawsze s\u0142u\u017cy\u0142 dobr\u0105 rad\u0105, u\u015bmiechem i pomoc\u0105.<\/p>\n<p style=\"text-align: center;\">Niestety nadszed\u0142 czas po\u017cegnania z \u017cyciem doczesnym, bo wezwa\u0142 go obowi\u0105zek pe\u0142nienia s\u0142u\u017cby u boku Pana Boga i \u015awi\u0119tego Floriana.<\/p>\n<p style=\"text-align: center;\">Ceremonia pogrzebowa druha Tadeusza odby\u0142a si\u0119 we wtorek 10 listopada 2020 roku w ko\u015bciele oraz na cmentarzu parafialnym w Starej Wsi.<\/p>\n<p style=\"text-align: center;\"><strong>Zesp\u00f3\u0142 \u015apiewaczy SADOWIANKI <\/strong><\/p>\n<p style=\"text-align: center;\">r\u00f3wnie\u017c po\u017cegna\u0142 druha Tadeusza dzi\u0119kuj\u0105c za wieloletni\u0105 wsp\u00f3\u0142prac\u0119, wsp\u00f3lne wigilie, kol\u0119dowanie, Zapusty i smaczne pocz\u0119stunki.<\/p>\n<p style=\"text-align: center;\"><strong>Druh Tadeusz <\/strong><\/p>\n<p style=\"text-align: center;\">na zawsze pozostanie w naszej pami\u0119ci jako wspania\u0142y Cz\u0142owiek i Przyjaciel.<\/p>\n<p style=\"text-align: center;\">Rodzinie i znajomym sk\u0142adamy wyrazy g\u0142\u0119bokiego wsp\u00f3\u0142czucia.<\/p>\n<p><a href=\"http:\/\/info.sadowne.pl\/wp-content\/uploads\/2023\/07\/sad887.jpg\"><img loading=\"lazy\" decoding=\"async\" class=\"aligncenter size-full wp-image-27894\" src=\"http:\/\/info.sadowne.pl\/wp-content\/uploads\/2023\/07\/sad887.jpg\" alt=\"\" width=\"378\" height=\"149\" srcset=\"https:\/\/info.sadowne.pl\/wp-content\/uploads\/2023\/07\/sad887.jpg 378w, https:\/\/info.sadowne.pl\/wp-content\/uploads\/2023\/07\/sad887-300x118.jpg 300w\" sizes=\"auto, (max-width: 378px) 100vw, 378px\" \/><\/a><\/p>\n<p><strong>\u0179r\u00f3d\u0142o:<\/strong> SADOWIANKI, Barbara Wr\u00f3bel, Sadowne 2023<\/p>\n","protected":false},"excerpt":{"rendered":"<p>Z najlepszymi \u017cyczeniami dla Zespo\u0142u \u015apiewaczego &#8222;Sadowianki&#8221; z okazji 50-lecia dzia\u0142alno\u015bci &#8211; Redakcja Info Sadowne.<\/p>\n","protected":false},"author":1,"featured_media":0,"comment_status":"closed","ping_status":"closed","sticky":false,"template":"","format":"standard","meta":{"footnotes":""},"categories":[5,31,1202],"tags":[1218,101,960],"class_list":["post-27852","post","type-post","status-publish","format-standard","hentry","category-newsy","category-historia-gminy","category-zespol-spiewaczy-sadowianki","tag-barbara-wrobel","tag-historia-gminy-sadowne","tag-zespol-spiewaczy-sadowianki"],"views":1733,"_links":{"self":[{"href":"https:\/\/info.sadowne.pl\/index.php?rest_route=\/wp\/v2\/posts\/27852","targetHints":{"allow":["GET"]}}],"collection":[{"href":"https:\/\/info.sadowne.pl\/index.php?rest_route=\/wp\/v2\/posts"}],"about":[{"href":"https:\/\/info.sadowne.pl\/index.php?rest_route=\/wp\/v2\/types\/post"}],"author":[{"embeddable":true,"href":"https:\/\/info.sadowne.pl\/index.php?rest_route=\/wp\/v2\/users\/1"}],"replies":[{"embeddable":true,"href":"https:\/\/info.sadowne.pl\/index.php?rest_route=%2Fwp%2Fv2%2Fcomments&post=27852"}],"version-history":[{"count":8,"href":"https:\/\/info.sadowne.pl\/index.php?rest_route=\/wp\/v2\/posts\/27852\/revisions"}],"predecessor-version":[{"id":27896,"href":"https:\/\/info.sadowne.pl\/index.php?rest_route=\/wp\/v2\/posts\/27852\/revisions\/27896"}],"wp:attachment":[{"href":"https:\/\/info.sadowne.pl\/index.php?rest_route=%2Fwp%2Fv2%2Fmedia&parent=27852"}],"wp:term":[{"taxonomy":"category","embeddable":true,"href":"https:\/\/info.sadowne.pl\/index.php?rest_route=%2Fwp%2Fv2%2Fcategories&post=27852"},{"taxonomy":"post_tag","embeddable":true,"href":"https:\/\/info.sadowne.pl\/index.php?rest_route=%2Fwp%2Fv2%2Ftags&post=27852"}],"curies":[{"name":"wp","href":"https:\/\/api.w.org\/{rel}","templated":true}]}}