{"id":27906,"date":"2023-07-27T12:32:25","date_gmt":"2023-07-27T10:32:25","guid":{"rendered":"http:\/\/info.sadowne.pl\/?p=27906"},"modified":"2023-07-27T12:32:25","modified_gmt":"2023-07-27T10:32:25","slug":"sekretna-ksiega-koltuna","status":"publish","type":"post","link":"https:\/\/info.sadowne.pl\/?p=27906","title":{"rendered":"SEKRETNA KSI\u0118GA KO\u0141TUNA"},"content":{"rendered":"<p><strong><a href=\"http:\/\/info.sadowne.pl\/wp-content\/uploads\/2023\/07\/Brok136.jpg\" target=\"_blank\" rel=\"noopener\"><img loading=\"lazy\" decoding=\"async\" class=\"alignleft wp-image-27907 size-thumbnail\" src=\"http:\/\/info.sadowne.pl\/wp-content\/uploads\/2023\/07\/Brok136-180x130.jpg\" alt=\"\" width=\"180\" height=\"130\" \/><\/a>Nieco zwleka\u0142em z poruszeniem dra\u017cliwej kwestii ko\u0142tuna, ale sprawy tak wa\u017ckiej nie mo\u017cna odk\u0142ada\u0107 ad calendas graecas. <\/strong><!--more--><\/p>\n<p>Co tam d\u017cuma, co tam cholera, to wszystko fraszka w por\u00f3wnaniu z tajemniczym bohaterem tej opowie\u015bci, o czym \u015bwiadcz\u0105 s\u0142owa wybitnego badacza: \u201eZe wszystkich zaiste chor\u00f3b dotykaj\u0105cych r\u00f3d ludzki nie masz u nas gorszej, do leczenia trudniejszej i wi\u0119cej wymagaj\u0105cej ofiar, nad ko\u0142tun. Choroba ta panuj\u0105c od dawnych wiek\u00f3w nieznana dla nauki, niepos\u0142uszna usi\u0142owaniom ludzkim, zagnie\u017cd\u017cona i rozchodz\u0105ca si\u0119 w kraju, wyludnia go, a tem samem staje si\u0119 wielk\u0105 dla ludzko\u015bci kl\u0119sk\u0105\u201d.<\/p>\n<p>Moja zw\u0142oka ze zmierzeniem si\u0119 z ko\u0142tunem dziwi tym bardziej, i\u017c przypad\u0142o\u015b\u0107 ta dotyka\u0142a przede wszystkim mieszka\u0144c\u00f3w Mazowsza, ale i Podlasiacy nie pozostawali daleko w tyle. Osiemnastowieczny pami\u0119tnikarz tak pisa\u0142 o Mazurach:<\/p>\n<p><strong>Wi\u0119cej na stronie <span style=\"color: #0000ff;\"><a style=\"color: #0000ff;\" href=\"https:\/\/madzelan.cba.pl\/sekretna-ksiega-koltuna\/\" target=\"_blank\" rel=\"noopener\">https:\/\/madzelan.cba.pl\/sekretna-ksiega-koltuna\/<\/a><\/span><\/strong><\/p>\n","protected":false},"excerpt":{"rendered":"<p>Nieco zwleka\u0142em z poruszeniem dra\u017cliwej kwestii ko\u0142tuna, ale sprawy tak wa\u017ckiej nie mo\u017cna odk\u0142ada\u0107 ad calendas graecas.<\/p>\n","protected":false},"author":1,"featured_media":0,"comment_status":"closed","ping_status":"closed","sticky":false,"template":"","format":"standard","meta":{"footnotes":""},"categories":[5,3436,31],"tags":[745,101,3004,2956],"class_list":["post-27906","post","type-post","status-publish","format-standard","hentry","category-newsy","category-opowiesci-historie-legendy-brokowskie-i-nie-tylko","category-historia-gminy","tag-brok","tag-historia-gminy-sadowne","tag-jerzy-madzelan","tag-opowiesci-historie-legendy-brokowskie-i-nie-tylko"],"views":1620,"_links":{"self":[{"href":"https:\/\/info.sadowne.pl\/index.php?rest_route=\/wp\/v2\/posts\/27906","targetHints":{"allow":["GET"]}}],"collection":[{"href":"https:\/\/info.sadowne.pl\/index.php?rest_route=\/wp\/v2\/posts"}],"about":[{"href":"https:\/\/info.sadowne.pl\/index.php?rest_route=\/wp\/v2\/types\/post"}],"author":[{"embeddable":true,"href":"https:\/\/info.sadowne.pl\/index.php?rest_route=\/wp\/v2\/users\/1"}],"replies":[{"embeddable":true,"href":"https:\/\/info.sadowne.pl\/index.php?rest_route=%2Fwp%2Fv2%2Fcomments&post=27906"}],"version-history":[{"count":1,"href":"https:\/\/info.sadowne.pl\/index.php?rest_route=\/wp\/v2\/posts\/27906\/revisions"}],"predecessor-version":[{"id":27908,"href":"https:\/\/info.sadowne.pl\/index.php?rest_route=\/wp\/v2\/posts\/27906\/revisions\/27908"}],"wp:attachment":[{"href":"https:\/\/info.sadowne.pl\/index.php?rest_route=%2Fwp%2Fv2%2Fmedia&parent=27906"}],"wp:term":[{"taxonomy":"category","embeddable":true,"href":"https:\/\/info.sadowne.pl\/index.php?rest_route=%2Fwp%2Fv2%2Fcategories&post=27906"},{"taxonomy":"post_tag","embeddable":true,"href":"https:\/\/info.sadowne.pl\/index.php?rest_route=%2Fwp%2Fv2%2Ftags&post=27906"}],"curies":[{"name":"wp","href":"https:\/\/api.w.org\/{rel}","templated":true}]}}