{"id":27917,"date":"2023-07-31T11:52:37","date_gmt":"2023-07-31T09:52:37","guid":{"rendered":"http:\/\/info.sadowne.pl\/?p=27917"},"modified":"2023-07-31T11:52:37","modified_gmt":"2023-07-31T09:52:37","slug":"rzadowy-program-klub-edycja-2023","status":"publish","type":"post","link":"https:\/\/info.sadowne.pl\/?p=27917","title":{"rendered":"Rz\u0105dowy Program \u201eKLUB\u201d edycja 2023"},"content":{"rendered":"<p><strong><a href=\"http:\/\/info.sadowne.pl\/wp-content\/uploads\/2023\/07\/2023.07.31.1.jpg\" target=\"_blank\" rel=\"noopener\"><img loading=\"lazy\" decoding=\"async\" class=\"alignleft wp-image-27918 size-thumbnail\" src=\"http:\/\/info.sadowne.pl\/wp-content\/uploads\/2023\/07\/2023.07.31.1-180x130.jpg\" alt=\"\" width=\"180\" height=\"130\" \/><\/a>Brokowski Klub Karate Kyokushinkai realizuje Rz\u0105dowy Program \u201eKLUB\u201d edycja 2023. <\/strong><!--more--><\/p>\n<p><a href=\"http:\/\/info.sadowne.pl\/wp-content\/uploads\/2023\/07\/2023.07.31.2.jpg\" target=\"_blank\" rel=\"noopener\"><img loading=\"lazy\" decoding=\"async\" class=\"alignright wp-image-27919 size-medium\" src=\"http:\/\/info.sadowne.pl\/wp-content\/uploads\/2023\/07\/2023.07.31.2-300x216.jpg\" alt=\"\" width=\"300\" height=\"216\" srcset=\"https:\/\/info.sadowne.pl\/wp-content\/uploads\/2023\/07\/2023.07.31.2-300x216.jpg 300w, https:\/\/info.sadowne.pl\/wp-content\/uploads\/2023\/07\/2023.07.31.2-180x130.jpg 180w, https:\/\/info.sadowne.pl\/wp-content\/uploads\/2023\/07\/2023.07.31.2-768x553.jpg 768w, https:\/\/info.sadowne.pl\/wp-content\/uploads\/2023\/07\/2023.07.31.2.jpg 800w\" sizes=\"auto, (max-width: 300px) 100vw, 300px\" \/><\/a>Celem Programu \u201eKLUB\u201d \u2013 edycja 2023 jest m.in. upowszechnianie aktywno\u015bci fizycznej w\u015br\u00f3d dzieci i m\u0142odzie\u017cy, wyr\u00f3wnywanie szans dzieci i m\u0142odzie\u017cy w dost\u0119pie do usystematyzowanej aktywno\u015bci fizycznej oraz wsparcie instytucjonalne dzia\u0142alno\u015bci podstawowych jednostek struktury organizacyjnej polskiego sportu \u2013 klub\u00f3w sportowych, w zakresie aktywizacji sportowej dzieci i m\u0142odzie\u017cy.<\/p>\n<p>W ramach programu KLUB Brokowski KKK wzbogaci\u0142 si\u0119 o sprz\u0119t sportowy, w tym: tarcze treningowe, packi do kopania, ochraniacze na d\u0142onie, ochraniacze tu\u0142owia, skakanki.<\/p>\n<p><strong>Tekst\/foto:<\/strong> Zbigniew W\u00f3jcicki<\/p>\n","protected":false},"excerpt":{"rendered":"<p>Brokowski Klub Karate Kyokushinkai realizuje Rz\u0105dowy Program \u201eKLUB\u201d edycja 2023.<\/p>\n","protected":false},"author":1,"featured_media":0,"comment_status":"closed","ping_status":"closed","sticky":false,"template":"","format":"standard","meta":{"footnotes":""},"categories":[5,2029,7],"tags":[794,1870,2030],"class_list":["post-27917","post","type-post","status-publish","format-standard","hentry","category-newsy","category-karate","category-sport","tag-brokowski-klub-karate-kyokushinkai","tag-karate","tag-zbigniew-wojcicki"],"views":1574,"_links":{"self":[{"href":"https:\/\/info.sadowne.pl\/index.php?rest_route=\/wp\/v2\/posts\/27917","targetHints":{"allow":["GET"]}}],"collection":[{"href":"https:\/\/info.sadowne.pl\/index.php?rest_route=\/wp\/v2\/posts"}],"about":[{"href":"https:\/\/info.sadowne.pl\/index.php?rest_route=\/wp\/v2\/types\/post"}],"author":[{"embeddable":true,"href":"https:\/\/info.sadowne.pl\/index.php?rest_route=\/wp\/v2\/users\/1"}],"replies":[{"embeddable":true,"href":"https:\/\/info.sadowne.pl\/index.php?rest_route=%2Fwp%2Fv2%2Fcomments&post=27917"}],"version-history":[{"count":1,"href":"https:\/\/info.sadowne.pl\/index.php?rest_route=\/wp\/v2\/posts\/27917\/revisions"}],"predecessor-version":[{"id":27920,"href":"https:\/\/info.sadowne.pl\/index.php?rest_route=\/wp\/v2\/posts\/27917\/revisions\/27920"}],"wp:attachment":[{"href":"https:\/\/info.sadowne.pl\/index.php?rest_route=%2Fwp%2Fv2%2Fmedia&parent=27917"}],"wp:term":[{"taxonomy":"category","embeddable":true,"href":"https:\/\/info.sadowne.pl\/index.php?rest_route=%2Fwp%2Fv2%2Fcategories&post=27917"},{"taxonomy":"post_tag","embeddable":true,"href":"https:\/\/info.sadowne.pl\/index.php?rest_route=%2Fwp%2Fv2%2Ftags&post=27917"}],"curies":[{"name":"wp","href":"https:\/\/api.w.org\/{rel}","templated":true}]}}