{"id":27925,"date":"2023-08-05T17:01:53","date_gmt":"2023-08-05T15:01:53","guid":{"rendered":"http:\/\/info.sadowne.pl\/?p=27925"},"modified":"2023-08-05T17:01:53","modified_gmt":"2023-08-05T15:01:53","slug":"sadowianki-i-sze-polrocze-2021","status":"publish","type":"post","link":"https:\/\/info.sadowne.pl\/?p=27925","title":{"rendered":"Sadowianki &#8211; I-sze p\u00f3\u0142rocze 2021"},"content":{"rendered":"<p><strong><a href=\"http:\/\/info.sadowne.pl\/wp-content\/uploads\/2023\/08\/sad900.jpg\"><img loading=\"lazy\" decoding=\"async\" class=\"alignleft size-thumbnail wp-image-27941\" src=\"http:\/\/info.sadowne.pl\/wp-content\/uploads\/2023\/08\/sad900-180x130.jpg\" alt=\"\" width=\"180\" height=\"130\" \/><\/a>SADOWNE &#8211; <\/strong><strong>31 maja 2021 rok.<\/strong><!--more--><\/p>\n<p><strong>Zesp\u00f3\u0142 \u015apiewaczy SADOWIANKI <\/strong>r\u00f3wnie\u017c uczestniczy\u0142 w tym wieczornym modlitewnym spotkaniu, \u015bpiewaj\u0105c znane piosenki i pie\u015bni.<\/p>\n<ol>\n<li>Jak d\u0142ugo w sercach naszych C<\/li>\n<li>Zaszumia\u0142y g\u00f3ry d-moll<\/li>\n<li>Podlaska wie\u015b a-moll<\/li>\n<li>U jeziora zimna woda D<\/li>\n<li>Ziemia Mazowiecka D<\/li>\n<li>Kuku\u0142eczka C<\/li>\n<li>Chwalcie \u0142\u0105ki umajone<\/li>\n<li>Bogurodzica<\/li>\n<li>Po g\u00f3rach dolinach<\/li>\n<li>Kr\u00f3lowej anielskiej \u015bpiewajmy<\/li>\n<li>Rota D<\/li>\n<li>Zapada zmrok<\/li>\n<\/ol>\n<p><a href=\"http:\/\/info.sadowne.pl\/wp-content\/uploads\/2023\/08\/sad888.jpg\"><img loading=\"lazy\" decoding=\"async\" class=\"aligncenter size-full wp-image-27928\" src=\"http:\/\/info.sadowne.pl\/wp-content\/uploads\/2023\/08\/sad888.jpg\" alt=\"\" width=\"296\" height=\"502\" srcset=\"https:\/\/info.sadowne.pl\/wp-content\/uploads\/2023\/08\/sad888.jpg 296w, https:\/\/info.sadowne.pl\/wp-content\/uploads\/2023\/08\/sad888-177x300.jpg 177w\" sizes=\"auto, (max-width: 296px) 100vw, 296px\" \/><\/a><\/p>\n<p><a href=\"http:\/\/info.sadowne.pl\/wp-content\/uploads\/2023\/08\/sad889.jpg\"><img loading=\"lazy\" decoding=\"async\" class=\"aligncenter size-full wp-image-27929\" src=\"http:\/\/info.sadowne.pl\/wp-content\/uploads\/2023\/08\/sad889.jpg\" alt=\"\" width=\"452\" height=\"615\" srcset=\"https:\/\/info.sadowne.pl\/wp-content\/uploads\/2023\/08\/sad889.jpg 452w, https:\/\/info.sadowne.pl\/wp-content\/uploads\/2023\/08\/sad889-220x300.jpg 220w\" sizes=\"auto, (max-width: 452px) 100vw, 452px\" \/><\/a><\/p>\n<p>Mimo p\u00f3\u017anych wieczornych godzin, dokuczaj\u0105cych komar\u00f3w, nikt jako\u015b nie spieszy\u0142 si\u0119 do domu, wszyscy chcieli jak najd\u0142u\u017cej przebywa\u0107 w tej radosnej i podnios\u0142ej chwili.<\/p>\n<p style=\"text-align: center;\"><strong>SADOWNE<\/strong><\/p>\n<p style=\"text-align: center;\"><strong>3 czerwca 2021roku<\/strong><\/p>\n<p><strong> <a href=\"http:\/\/info.sadowne.pl\/wp-content\/uploads\/2023\/08\/sad890.jpg\"><img loading=\"lazy\" decoding=\"async\" class=\"aligncenter size-full wp-image-27931\" src=\"http:\/\/info.sadowne.pl\/wp-content\/uploads\/2023\/08\/sad890.jpg\" alt=\"\" width=\"512\" height=\"94\" srcset=\"https:\/\/info.sadowne.pl\/wp-content\/uploads\/2023\/08\/sad890.jpg 512w, https:\/\/info.sadowne.pl\/wp-content\/uploads\/2023\/08\/sad890-300x55.jpg 300w\" sizes=\"auto, (max-width: 512px) 100vw, 512px\" \/><\/a><\/strong><\/p>\n<p><a href=\"http:\/\/info.sadowne.pl\/wp-content\/uploads\/2023\/08\/sad891.jpg\"><img loading=\"lazy\" decoding=\"async\" class=\"aligncenter size-full wp-image-27932\" src=\"http:\/\/info.sadowne.pl\/wp-content\/uploads\/2023\/08\/sad891.jpg\" alt=\"\" width=\"605\" height=\"378\" srcset=\"https:\/\/info.sadowne.pl\/wp-content\/uploads\/2023\/08\/sad891.jpg 605w, https:\/\/info.sadowne.pl\/wp-content\/uploads\/2023\/08\/sad891-300x187.jpg 300w\" sizes=\"auto, (max-width: 605px) 100vw, 605px\" \/><\/a><\/p>\n<p>W czwartek po niedzieli Tr\u00f3jcy Przenaj\u015bwi\u0119tszej ko\u015bci\u00f3\u0142 obchodzi uroczysto\u015b\u0107 Naj\u015bwi\u0119tszego Cia\u0142a i Krwi Chrystusa nazywan\u0105 tradycyjnie Bo\u017cym Cia\u0142em. Bo\u017ce Cia\u0142o stwarza wspania\u0142\u0105 okazj\u0119 do rozwa\u017cania tajemnicy Eucharystii, jest okazj\u0105 do zamanifestowania naszej wiary wobec naj\u015bwi\u0119tszego Sakramentu.<\/p>\n<p>Jest to sakrament mi\u0142osierdzia, znak jedno\u015bci, w\u0119ze\u0142 mi\u0142o\u015bci, uczta paschalna, w kt\u00f3rej po\u017cywamy Chrystusa, w kt\u00f3rej dusza nape\u0142nia si\u0119 \u0142ask\u0105 i otrzymuje zadatek przysz\u0142ej chwa\u0142y.<\/p>\n<p><span style=\"color: #00ccff;\"><em>(Konstytucja o liturgii \u015bwi\u0119tej,47)<\/em><\/span><\/p>\n<p><a href=\"http:\/\/info.sadowne.pl\/wp-content\/uploads\/2023\/08\/sad892.jpg\"><img loading=\"lazy\" decoding=\"async\" class=\"aligncenter size-full wp-image-27933\" src=\"http:\/\/info.sadowne.pl\/wp-content\/uploads\/2023\/08\/sad892.jpg\" alt=\"\" width=\"606\" height=\"303\" srcset=\"https:\/\/info.sadowne.pl\/wp-content\/uploads\/2023\/08\/sad892.jpg 606w, https:\/\/info.sadowne.pl\/wp-content\/uploads\/2023\/08\/sad892-300x150.jpg 300w\" sizes=\"auto, (max-width: 606px) 100vw, 606px\" \/><\/a><\/p>\n<p style=\"text-align: center;\"><strong>\u015aWI\u0118TO BO\u017bEGO CIA\u0141A <\/strong><\/p>\n<p style=\"text-align: center;\">powsta\u0142o w XIII wieku pod p\u0142ywem\u00a0 nowych nurt\u00f3w pobo\u017cno\u015bci eucharystycznej, koncentruj\u0105cej si\u0119 nie na przyjmowaniu\u00a0 komunii \u015bwi\u0119tej, lecz na czci rzeczywistej obecno\u015bci Chrystusa w znaku chleba i wina.<\/p>\n<p style=\"text-align: center;\"><strong>SADOWIANKI <\/strong><\/p>\n<p style=\"text-align: center;\">ka\u017cdego roku uczestnicz\u0105 w procesji Bo\u017cego Cia\u0142a,<\/p>\n<p style=\"text-align: center;\">na kt\u00f3r\u0105 zapraszaj\u0105c,<\/p>\n<p style=\"text-align: center;\">ksi\u0105dz proboszcz Antoni Kunicki zach\u0119ca do uwielbienia Chrystusa<\/p>\n<p style=\"text-align: center;\">w Naj\u015bwi\u0119tszym Sakramencie.<\/p>\n<p style=\"text-align: center;\">Przypomina r\u00f3wnie\u017c,<\/p>\n<p style=\"text-align: center;\">\u017ce Oktawa Bo\u017cego Cia\u0142a trwa do nast\u0119pnego czwartku w\u0142\u0105cznie.<\/p>\n<p><a href=\"http:\/\/info.sadowne.pl\/wp-content\/uploads\/2023\/08\/sad893.jpg\"><img loading=\"lazy\" decoding=\"async\" class=\"aligncenter size-full wp-image-27934\" src=\"http:\/\/info.sadowne.pl\/wp-content\/uploads\/2023\/08\/sad893.jpg\" alt=\"\" width=\"361\" height=\"326\" srcset=\"https:\/\/info.sadowne.pl\/wp-content\/uploads\/2023\/08\/sad893.jpg 361w, https:\/\/info.sadowne.pl\/wp-content\/uploads\/2023\/08\/sad893-300x271.jpg 300w\" sizes=\"auto, (max-width: 361px) 100vw, 361px\" \/><\/a><\/p>\n<p style=\"text-align: center;\"><strong>SADOWNE<\/strong><\/p>\n<p style=\"text-align: center;\"><strong>4 \u2013 13 czerwca 2021<\/strong><\/p>\n<p style=\"text-align: center;\">W\u0142a\u015bnie w tych dniach w naszej gminie odby\u0142 si\u0119<\/p>\n<p><a href=\"http:\/\/info.sadowne.pl\/wp-content\/uploads\/2023\/08\/sad894.jpg\"><img loading=\"lazy\" decoding=\"async\" class=\"aligncenter size-full wp-image-27935\" src=\"http:\/\/info.sadowne.pl\/wp-content\/uploads\/2023\/08\/sad894.jpg\" alt=\"\" width=\"570\" height=\"75\" srcset=\"https:\/\/info.sadowne.pl\/wp-content\/uploads\/2023\/08\/sad894.jpg 570w, https:\/\/info.sadowne.pl\/wp-content\/uploads\/2023\/08\/sad894-300x39.jpg 300w\" sizes=\"auto, (max-width: 570px) 100vw, 570px\" \/><\/a><\/p>\n<p style=\"text-align: center;\">Organizatorami tegorocznego festiwalu byli:<\/p>\n<p style=\"text-align: center;\">CZE-NE-KA Fundacja Przyja\u017ani Ludzi i Zwierz\u0105t, Zesp\u00f3\u0142 Ta\u0144ca Historycznego CHOREA ANTIQUA oraz Gmina Sadowne.<\/p>\n<p style=\"text-align: center;\">Patronat honorowy nad festiwalem obj\u0105\u0142 W\u00f3jt Gminy Waldemar Cyran.<\/p>\n<p style=\"text-align: center;\"><u>Podczas koncertu wyst\u0105pili:<\/u><\/p>\n<ul>\n<li style=\"text-align: center;\"><strong> Zesp\u00f3\u0142 Ta\u0144ca Historycznego Chorea Antiqua<\/strong><\/li>\n<li style=\"text-align: center;\"><strong> Zesp\u00f3\u0142 Ta\u0144ca Ludowego ORKAN<\/strong><\/li>\n<li style=\"text-align: center;\"><strong> Harcerski Zesp\u00f3\u0142 Pie\u015bni i Ta\u0144ca ,,Dzieci P\u0142ocka: im. Druha Wac\u0142awa Milke<\/strong><\/li>\n<li style=\"text-align: center;\"><strong> Anna Maria Adamiak<\/strong><\/li>\n<li style=\"text-align: center;\"><strong> Iwona Manista-Kutry\u015b<\/strong><\/li>\n<li style=\"text-align: center;\"><strong> Kazimierz Kulczy\u0144ski<\/strong><\/li>\n<li style=\"text-align: center;\"><strong> Jerzy Solik<\/strong><\/li>\n<li style=\"text-align: center;\"><strong> Leonid Volodko<\/strong><\/li>\n<li style=\"text-align: center;\"><strong> Krzysztof Rydzelewski<\/strong><\/li>\n<li style=\"text-align: center;\"><strong> Zesp\u00f3\u0142 \u015apiewaczy SADOWIANKI<\/strong><\/li>\n<\/ul>\n<p>Opr\u00f3cz zespo\u0142\u00f3w zaprezentowali si\u0119 r\u00f3wnie\u017c cz\u0142onkowie Stowarzyszenia na Rzecz Rozwoju Gminy Sadowne, kt\u00f3rzy wyst\u0105pili w strojach z epoki, zakupionych w ramach realizacji zadania pn. <strong>,,Spotkania z kultur\u0105 ludow\u0105 w Sadownem\u201d.<\/strong><\/p>\n<p>Projekt zosta\u0142 dofinansowany w ramach\u00a0 poddzia\u0142ania 19.2,,Wsparcie na dzia\u0142anie organizacji w ramach strategii rozwoju lokalnego kierowanego przez spo\u0142eczno\u015b\u0107\u201d, obj\u0119tego Programem Rozwoju Obszar\u00f3w Wiejskich na lata 2014-2020.<\/p>\n<p>Celem operacji by\u0142o zachowanie dziedzictwa kulturowego poprzez zakup 15 stroj\u00f3w ludowych i 36 komplet\u00f3w stroj\u00f3w okoliczno\u015bciowych dla m\u0142odzie\u017cowego zespo\u0142u ludowego oraz zakup wyposa\u017cenia do Pracowni R\u0119kodzie\u0142a w Sadownem.<\/p>\n<p>Spotkanie rozpocz\u0119\u0142o si\u0119 polonezem z \u201ePana Tadeusza\u201d, kt\u00f3rego odta\u0144czyli uczestnicy Festiwalu oraz przedstawiciele Organizator\u00f3w.<\/p>\n<p><strong>A tu zdj\u0119cia naszego Zespo\u0142u z festiwalu:<\/strong><\/p>\n<p><a href=\"http:\/\/info.sadowne.pl\/wp-content\/uploads\/2023\/08\/sad895.jpg\"><img loading=\"lazy\" decoding=\"async\" class=\"aligncenter size-full wp-image-27936\" src=\"http:\/\/info.sadowne.pl\/wp-content\/uploads\/2023\/08\/sad895.jpg\" alt=\"\" width=\"600\" height=\"397\" srcset=\"https:\/\/info.sadowne.pl\/wp-content\/uploads\/2023\/08\/sad895.jpg 600w, https:\/\/info.sadowne.pl\/wp-content\/uploads\/2023\/08\/sad895-300x199.jpg 300w\" sizes=\"auto, (max-width: 600px) 100vw, 600px\" \/><\/a><\/p>\n<p>Wej\u015bcie krokiem podstawowym poloneza, kt\u00f3rego staropolska nazwa brzmi ,,chodzony\u201d. Taniec ten zachowuje do dzi\u015b status narodowego ta\u0144ca polskiego.<\/p>\n<p><a href=\"http:\/\/info.sadowne.pl\/wp-content\/uploads\/2023\/08\/sad896.jpg\"><img loading=\"lazy\" decoding=\"async\" class=\"aligncenter size-full wp-image-27937\" src=\"http:\/\/info.sadowne.pl\/wp-content\/uploads\/2023\/08\/sad896.jpg\" alt=\"\" width=\"601\" height=\"401\" srcset=\"https:\/\/info.sadowne.pl\/wp-content\/uploads\/2023\/08\/sad896.jpg 601w, https:\/\/info.sadowne.pl\/wp-content\/uploads\/2023\/08\/sad896-300x200.jpg 300w\" sizes=\"auto, (max-width: 601px) 100vw, 601px\" \/><\/a><\/p>\n<p><a href=\"http:\/\/info.sadowne.pl\/wp-content\/uploads\/2023\/08\/sad897.jpg\"><img loading=\"lazy\" decoding=\"async\" class=\"aligncenter size-full wp-image-27938\" src=\"http:\/\/info.sadowne.pl\/wp-content\/uploads\/2023\/08\/sad897.jpg\" alt=\"\" width=\"599\" height=\"397\" srcset=\"https:\/\/info.sadowne.pl\/wp-content\/uploads\/2023\/08\/sad897.jpg 599w, https:\/\/info.sadowne.pl\/wp-content\/uploads\/2023\/08\/sad897-300x199.jpg 300w\" sizes=\"auto, (max-width: 599px) 100vw, 599px\" \/><\/a><\/p>\n<p><a href=\"http:\/\/info.sadowne.pl\/wp-content\/uploads\/2023\/08\/sad898.jpg\"><img loading=\"lazy\" decoding=\"async\" class=\"aligncenter size-full wp-image-27939\" src=\"http:\/\/info.sadowne.pl\/wp-content\/uploads\/2023\/08\/sad898.jpg\" alt=\"\" width=\"604\" height=\"373\" srcset=\"https:\/\/info.sadowne.pl\/wp-content\/uploads\/2023\/08\/sad898.jpg 604w, https:\/\/info.sadowne.pl\/wp-content\/uploads\/2023\/08\/sad898-300x185.jpg 300w\" sizes=\"auto, (max-width: 604px) 100vw, 604px\" \/><\/a><\/p>\n<p style=\"text-align: center;\">Zesp\u00f3\u0142 \u015apiewaczy SADOWIANKI za\u015bpiewa\u0142 dwie piosenki w rytmie poloneza.<\/p>\n<p><a href=\"http:\/\/info.sadowne.pl\/wp-content\/uploads\/2023\/08\/sad899.jpg\"><img loading=\"lazy\" decoding=\"async\" class=\"aligncenter size-full wp-image-27940\" src=\"http:\/\/info.sadowne.pl\/wp-content\/uploads\/2023\/08\/sad899.jpg\" alt=\"\" width=\"572\" height=\"602\" srcset=\"https:\/\/info.sadowne.pl\/wp-content\/uploads\/2023\/08\/sad899.jpg 572w, https:\/\/info.sadowne.pl\/wp-content\/uploads\/2023\/08\/sad899-285x300.jpg 285w\" sizes=\"auto, (max-width: 572px) 100vw, 572px\" \/><\/a><\/p>\n<p style=\"text-align: center;\">Kierownik muzyczny i akordeonista zespo\u0142u <strong>Andrzej Olton.<\/strong><\/p>\n<p><a href=\"http:\/\/info.sadowne.pl\/wp-content\/uploads\/2023\/08\/sad900.jpg\"><img loading=\"lazy\" decoding=\"async\" class=\"aligncenter size-full wp-image-27941\" src=\"http:\/\/info.sadowne.pl\/wp-content\/uploads\/2023\/08\/sad900.jpg\" alt=\"\" width=\"605\" height=\"383\" srcset=\"https:\/\/info.sadowne.pl\/wp-content\/uploads\/2023\/08\/sad900.jpg 605w, https:\/\/info.sadowne.pl\/wp-content\/uploads\/2023\/08\/sad900-300x190.jpg 300w\" sizes=\"auto, (max-width: 605px) 100vw, 605px\" \/><\/a><\/p>\n<p style=\"text-align: center;\"><strong>Zbyszek Danaj, Krysia Wetoszka, Jadzia Borowa, Bogusia Danaj, Tereska \u017bach, Ela D\u0119bkowska, Tereska Biernat, Ala Bahniuk i Henia Kibart.<\/strong><\/p>\n<p><a href=\"http:\/\/info.sadowne.pl\/wp-content\/uploads\/2023\/08\/sad901.jpg\"><img loading=\"lazy\" decoding=\"async\" class=\"aligncenter size-full wp-image-27942\" src=\"http:\/\/info.sadowne.pl\/wp-content\/uploads\/2023\/08\/sad901.jpg\" alt=\"\" width=\"601\" height=\"389\" srcset=\"https:\/\/info.sadowne.pl\/wp-content\/uploads\/2023\/08\/sad901.jpg 601w, https:\/\/info.sadowne.pl\/wp-content\/uploads\/2023\/08\/sad901-300x194.jpg 300w\" sizes=\"auto, (max-width: 601px) 100vw, 601px\" \/><\/a><\/p>\n<p style=\"text-align: center;\"><strong>Zdj\u0119cie z W\u00f3jtem naszej gminy p. Waldemarem Cyranem i ma\u0142\u017conk\u0105 p. <\/strong><strong>Katarzyn\u0105.<\/strong><\/p>\n<p><strong> <a href=\"http:\/\/info.sadowne.pl\/wp-content\/uploads\/2023\/08\/sad902.jpg\"><img loading=\"lazy\" decoding=\"async\" class=\"aligncenter size-full wp-image-27943\" src=\"http:\/\/info.sadowne.pl\/wp-content\/uploads\/2023\/08\/sad902.jpg\" alt=\"\" width=\"604\" height=\"403\" srcset=\"https:\/\/info.sadowne.pl\/wp-content\/uploads\/2023\/08\/sad902.jpg 604w, https:\/\/info.sadowne.pl\/wp-content\/uploads\/2023\/08\/sad902-300x200.jpg 300w\" sizes=\"auto, (max-width: 604px) 100vw, 604px\" \/><\/a><\/strong><\/p>\n<p style=\"text-align: center;\"><strong>\u00a0<\/strong><strong>Zesp\u00f3\u0142 Sadowianki na widowni.<\/strong><\/p>\n<p><a href=\"http:\/\/info.sadowne.pl\/wp-content\/uploads\/2023\/08\/sad903.jpg\"><img loading=\"lazy\" decoding=\"async\" class=\"aligncenter size-full wp-image-27944\" src=\"http:\/\/info.sadowne.pl\/wp-content\/uploads\/2023\/08\/sad903.jpg\" alt=\"\" width=\"599\" height=\"362\" srcset=\"https:\/\/info.sadowne.pl\/wp-content\/uploads\/2023\/08\/sad903.jpg 599w, https:\/\/info.sadowne.pl\/wp-content\/uploads\/2023\/08\/sad903-300x181.jpg 300w\" sizes=\"auto, (max-width: 599px) 100vw, 599px\" \/><\/a><\/p>\n<p style=\"text-align: center;\"><strong>Po koncercie odby\u0142a si\u0119 biesiada dworska<\/strong><\/p>\n<p style=\"text-align: center;\">\u2013 a ju\u017c nast\u0119pnego dnia w niedzielne po\u0142udnie 13 czerwca uczestnik\u00f3w Festiwalu wita\u0142 \u00a0w sadowie\u0144skim ko\u015bciele na specjalnej mszy \u015bw. proboszcz ks. Antoni Kunicki, kt\u00f3remu sprawiono niespodziank\u0119 wsp\u00f3lnie przekazanymi \u017cyczeniami imieninowymi oraz wykonaniem \u015bwietnej oprawy muzycznej mszy.<\/p>\n<p><a href=\"http:\/\/info.sadowne.pl\/wp-content\/uploads\/2023\/08\/sad904.jpg\"><img loading=\"lazy\" decoding=\"async\" class=\"aligncenter size-full wp-image-27945\" src=\"http:\/\/info.sadowne.pl\/wp-content\/uploads\/2023\/08\/sad904.jpg\" alt=\"\" width=\"605\" height=\"424\" srcset=\"https:\/\/info.sadowne.pl\/wp-content\/uploads\/2023\/08\/sad904.jpg 605w, https:\/\/info.sadowne.pl\/wp-content\/uploads\/2023\/08\/sad904-300x210.jpg 300w\" sizes=\"auto, (max-width: 605px) 100vw, 605px\" \/><\/a><\/p>\n<p style=\"text-align: center;\"><strong>SADOWIANKI z \u017cyczeniami dla ksi\u0119dza Antoniego Kunickiego.<\/strong><\/p>\n<p><a href=\"http:\/\/info.sadowne.pl\/wp-content\/uploads\/2023\/08\/sad905.jpg\"><img loading=\"lazy\" decoding=\"async\" class=\"aligncenter size-full wp-image-27946\" src=\"http:\/\/info.sadowne.pl\/wp-content\/uploads\/2023\/08\/sad905.jpg\" alt=\"\" width=\"602\" height=\"384\" srcset=\"https:\/\/info.sadowne.pl\/wp-content\/uploads\/2023\/08\/sad905.jpg 602w, https:\/\/info.sadowne.pl\/wp-content\/uploads\/2023\/08\/sad905-300x191.jpg 300w\" sizes=\"auto, (max-width: 602px) 100vw, 602px\" \/><\/a><\/p>\n<p>Po mszy \u015bw. przejazd do Gminnej Hali Sportowej w Sadownem i na po\u017cegnanie uroczysty, narodowy taniec \u2013 polonez, podsumowanie i wr\u0119czenie dyplom\u00f3w, podzi\u0119kowa\u0144 oraz wsp\u00f3lne fotografie.<\/p>\n<p><a href=\"http:\/\/info.sadowne.pl\/wp-content\/uploads\/2023\/08\/sad906.jpg\"><img loading=\"lazy\" decoding=\"async\" class=\"aligncenter size-full wp-image-27947\" src=\"http:\/\/info.sadowne.pl\/wp-content\/uploads\/2023\/08\/sad906.jpg\" alt=\"\" width=\"601\" height=\"369\" srcset=\"https:\/\/info.sadowne.pl\/wp-content\/uploads\/2023\/08\/sad906.jpg 601w, https:\/\/info.sadowne.pl\/wp-content\/uploads\/2023\/08\/sad906-300x184.jpg 300w\" sizes=\"auto, (max-width: 601px) 100vw, 601px\" \/><\/a><\/p>\n<p><a href=\"http:\/\/info.sadowne.pl\/wp-content\/uploads\/2023\/08\/sad907.jpg\"><img loading=\"lazy\" decoding=\"async\" class=\"aligncenter size-full wp-image-27948\" src=\"http:\/\/info.sadowne.pl\/wp-content\/uploads\/2023\/08\/sad907.jpg\" alt=\"\" width=\"600\" height=\"175\" srcset=\"https:\/\/info.sadowne.pl\/wp-content\/uploads\/2023\/08\/sad907.jpg 600w, https:\/\/info.sadowne.pl\/wp-content\/uploads\/2023\/08\/sad907-300x88.jpg 300w\" sizes=\"auto, (max-width: 600px) 100vw, 600px\" \/><\/a><\/p>\n<p style=\"text-align: center;\"><strong>Na zako\u0144czenie inscenizacja fragmentu<\/strong> <strong>wesela z \u201eHalki\u201d <\/strong><\/p>\n<p style=\"text-align: center;\"><strong>Stanis\u0142awa Moniuszki, po czym oficjalne zamkni\u0119cie <\/strong><\/p>\n<p style=\"text-align: center;\"><strong>VII Mi\u0119dzynarodowego Festiwalu Poloneza<\/strong>.<\/p>\n<p style=\"text-align: center;\">*<\/p>\n<p style=\"text-align: center;\"><strong>SADOWNE \u2013 OCI\u0118TE<\/strong><\/p>\n<p style=\"text-align: center;\"><strong>16 czerwca 2021 roku<\/strong><\/p>\n<h3 style=\"text-align: center;\"><strong><a href=\"http:\/\/info.sadowne.pl\/wp-content\/uploads\/2023\/08\/sad908.jpg\"><img loading=\"lazy\" decoding=\"async\" class=\"alignleft size-full wp-image-27949\" src=\"http:\/\/info.sadowne.pl\/wp-content\/uploads\/2023\/08\/sad908.jpg\" alt=\"\" width=\"198\" height=\"171\" \/><\/a><em><span style=\"color: #ff0000;\">JUBILEUSZ 25-LECIA<\/span><\/em><\/strong><\/h3>\n<h3 style=\"text-align: center;\"><em><span style=\"color: #ff0000;\"><strong>MAZOWIECKO &#8211; PODLASKIEGO STOWARZYSZENIA<\/strong><\/span><\/em><\/h3>\n<h3 style=\"text-align: center;\"><em><span style=\"color: #ff0000;\"><strong>AGROTURYSTYCZNEGO<\/strong><\/span><\/em><\/h3>\n<p>To by\u0142 wspania\u0142y dzie\u0144, w kt\u00f3rym Mazowiecko Podlaskie Stowarzyszenie Agroturystyczne, \u015bwi\u0119towa\u0142o Jubileusz 25-lecia. Przewodnicz\u0105c\u0105 stowarzyszenia jest pani Anna Goliszewska. Ca\u0142a uroczysto\u015b\u0107 odby\u0142a si\u0119 w gminie Sadowne.<\/p>\n<p style=\"text-align: center;\"><em>\u00a0 \u00a0 \u00a0 \u00a0 \u00a0 \u00a0 \u00a0 \u00a0 \u00a0 \u00a0 \u00a0 \u00a0 \u00a0 \u00a0 \u00a0 \u00a0 \u00a0 \u00a0 \u00a0 \u00a0 \u00a0 \u00a0 \u00a0 \u00a0 \u00a0 \u00a0 \u00a0 \u00a0 \u00a0Z a p r o s z e n i e<\/em><\/p>\n<p><a href=\"http:\/\/info.sadowne.pl\/wp-content\/uploads\/2023\/08\/sad909.jpg\"><img loading=\"lazy\" decoding=\"async\" class=\"alignright size-full wp-image-27950\" src=\"http:\/\/info.sadowne.pl\/wp-content\/uploads\/2023\/08\/sad909.jpg\" alt=\"\" width=\"300\" height=\"82\" \/><\/a><\/p>\n<p>&nbsp;<\/p>\n<p>&nbsp;<\/p>\n<p><a href=\"http:\/\/info.sadowne.pl\/wp-content\/uploads\/2023\/08\/sad911.jpg\"><img loading=\"lazy\" decoding=\"async\" class=\"alignleft size-full wp-image-27951\" src=\"http:\/\/info.sadowne.pl\/wp-content\/uploads\/2023\/08\/sad911.jpg\" alt=\"\" width=\"286\" height=\"459\" srcset=\"https:\/\/info.sadowne.pl\/wp-content\/uploads\/2023\/08\/sad911.jpg 286w, https:\/\/info.sadowne.pl\/wp-content\/uploads\/2023\/08\/sad911-187x300.jpg 187w\" sizes=\"auto, (max-width: 286px) 100vw, 286px\" \/><\/a><\/p>\n<p><a href=\"http:\/\/info.sadowne.pl\/wp-content\/uploads\/2023\/08\/sad910.jpg\"><img loading=\"lazy\" decoding=\"async\" class=\"alignright size-full wp-image-27952\" src=\"http:\/\/info.sadowne.pl\/wp-content\/uploads\/2023\/08\/sad910.jpg\" alt=\"\" width=\"297\" height=\"277\" \/><\/a><\/p>\n<p>&nbsp;<\/p>\n<p>&nbsp;<\/p>\n<p>&nbsp;<\/p>\n<p>&nbsp;<\/p>\n<p>&nbsp;<\/p>\n<p>&nbsp;<\/p>\n<p><strong>\u00a0<\/strong><\/p>\n<p>&nbsp;<\/p>\n<p>&nbsp;<\/p>\n<p>&nbsp;<\/p>\n<p>&nbsp;<\/p>\n<p>&nbsp;<\/p>\n<p><a href=\"http:\/\/info.sadowne.pl\/wp-content\/uploads\/2023\/08\/sad912.jpg\"><img loading=\"lazy\" decoding=\"async\" class=\"aligncenter size-full wp-image-27953\" src=\"http:\/\/info.sadowne.pl\/wp-content\/uploads\/2023\/08\/sad912.jpg\" alt=\"\" width=\"603\" height=\"353\" srcset=\"https:\/\/info.sadowne.pl\/wp-content\/uploads\/2023\/08\/sad912.jpg 603w, https:\/\/info.sadowne.pl\/wp-content\/uploads\/2023\/08\/sad912-300x176.jpg 300w\" sizes=\"auto, (max-width: 603px) 100vw, 603px\" \/><\/a><\/p>\n<p style=\"text-align: center;\"><strong>Zesp\u00f3\u0142 K\u0105dzio\u0142eczka z Osiecka.<\/strong><\/p>\n<p><a href=\"http:\/\/info.sadowne.pl\/wp-content\/uploads\/2023\/08\/sad913.jpg\"><img loading=\"lazy\" decoding=\"async\" class=\"aligncenter size-full wp-image-27954\" src=\"http:\/\/info.sadowne.pl\/wp-content\/uploads\/2023\/08\/sad913.jpg\" alt=\"\" width=\"603\" height=\"331\" srcset=\"https:\/\/info.sadowne.pl\/wp-content\/uploads\/2023\/08\/sad913.jpg 603w, https:\/\/info.sadowne.pl\/wp-content\/uploads\/2023\/08\/sad913-300x165.jpg 300w\" sizes=\"auto, (max-width: 603px) 100vw, 603px\" \/><\/a><\/p>\n<p style=\"text-align: center;\"><strong>Pami\u0105tkowe zdj\u0119cie przed ko\u015bcio\u0142em w Sadownem.<\/strong><\/p>\n<p>O godzinie 11.00 wszyscy zebrali si\u0119 w naszym ko\u015bciele, gdzie odby\u0142a si\u0119 msza \u015bwi\u0119ta. Nast\u0119pnie zaproszone <strong>Zespo\u0142y K\u0105dzio\u0142eczka i Sadowianki<\/strong> oraz <strong>Cz\u0142onkowie <\/strong>stowarzyszenia wsiedli na furmanki i pojechali zwiedza\u0107 nasze okolice.<\/p>\n<p><a href=\"http:\/\/info.sadowne.pl\/wp-content\/uploads\/2023\/08\/sad914.jpg\"><img loading=\"lazy\" decoding=\"async\" class=\"aligncenter size-full wp-image-27955\" src=\"http:\/\/info.sadowne.pl\/wp-content\/uploads\/2023\/08\/sad914.jpg\" alt=\"\" width=\"604\" height=\"375\" srcset=\"https:\/\/info.sadowne.pl\/wp-content\/uploads\/2023\/08\/sad914.jpg 604w, https:\/\/info.sadowne.pl\/wp-content\/uploads\/2023\/08\/sad914-300x186.jpg 300w\" sizes=\"auto, (max-width: 604px) 100vw, 604px\" \/><\/a><\/p>\n<p style=\"text-align: center;\"><strong>Ksi\u0105dz proboszcz naszej parafii \u2013 Antoni Kunicki.<\/strong><\/p>\n<p><strong> <a href=\"http:\/\/info.sadowne.pl\/wp-content\/uploads\/2023\/08\/sad915.jpg\"><img loading=\"lazy\" decoding=\"async\" class=\"aligncenter size-full wp-image-27956\" src=\"http:\/\/info.sadowne.pl\/wp-content\/uploads\/2023\/08\/sad915.jpg\" alt=\"\" width=\"604\" height=\"317\" srcset=\"https:\/\/info.sadowne.pl\/wp-content\/uploads\/2023\/08\/sad915.jpg 604w, https:\/\/info.sadowne.pl\/wp-content\/uploads\/2023\/08\/sad915-300x157.jpg 300w\" sizes=\"auto, (max-width: 604px) 100vw, 604px\" \/><\/a><\/strong><\/p>\n<p style=\"text-align: center;\"><strong>Gotowi wszyscy na przeja\u017cd\u017ck\u0119!<\/strong><\/p>\n<p><strong> <a href=\"http:\/\/info.sadowne.pl\/wp-content\/uploads\/2023\/08\/sad916.jpg\"><img loading=\"lazy\" decoding=\"async\" class=\"aligncenter size-full wp-image-27957\" src=\"http:\/\/info.sadowne.pl\/wp-content\/uploads\/2023\/08\/sad916.jpg\" alt=\"\" width=\"601\" height=\"476\" srcset=\"https:\/\/info.sadowne.pl\/wp-content\/uploads\/2023\/08\/sad916.jpg 601w, https:\/\/info.sadowne.pl\/wp-content\/uploads\/2023\/08\/sad916-300x238.jpg 300w\" sizes=\"auto, (max-width: 601px) 100vw, 601px\" \/><\/a><\/strong><\/p>\n<p style=\"text-align: center;\"><strong>Sadowianki r\u00f3wnie\u017c ruszy\u0142y w drog\u0119!<\/strong><\/p>\n<p>Na chwil\u0119 furmanki zatrzyma\u0142y si\u0119 w miejscu \u2013 <strong>Gaj\u00f3wka Klin<\/strong>, gdzie urodzi\u0142 si\u0119 <strong>b\u0142. ks. Edward Grzyma\u0142a<\/strong>.<\/p>\n<p><a href=\"http:\/\/info.sadowne.pl\/wp-content\/uploads\/2023\/08\/sad917.jpg\"><img loading=\"lazy\" decoding=\"async\" class=\"aligncenter size-full wp-image-27958\" src=\"http:\/\/info.sadowne.pl\/wp-content\/uploads\/2023\/08\/sad917.jpg\" alt=\"\" width=\"597\" height=\"468\" srcset=\"https:\/\/info.sadowne.pl\/wp-content\/uploads\/2023\/08\/sad917.jpg 597w, https:\/\/info.sadowne.pl\/wp-content\/uploads\/2023\/08\/sad917-300x235.jpg 300w\" sizes=\"auto, (max-width: 597px) 100vw, 597px\" \/><\/a><\/p>\n<p><strong>SADOWIANKI<\/strong> wraz z organist\u0105 p. <strong>Marcinem Bocianem<\/strong> za\u015bpiewa\u0142y kilka religijnych pie\u015bni.<\/p>\n<p><a href=\"http:\/\/info.sadowne.pl\/wp-content\/uploads\/2023\/08\/sad918.jpg\"><img loading=\"lazy\" decoding=\"async\" class=\"aligncenter size-full wp-image-27959\" src=\"http:\/\/info.sadowne.pl\/wp-content\/uploads\/2023\/08\/sad918.jpg\" alt=\"\" width=\"604\" height=\"412\" srcset=\"https:\/\/info.sadowne.pl\/wp-content\/uploads\/2023\/08\/sad918.jpg 604w, https:\/\/info.sadowne.pl\/wp-content\/uploads\/2023\/08\/sad918-300x205.jpg 300w\" sizes=\"auto, (max-width: 604px) 100vw, 604px\" \/><\/a><\/p>\n<p><a href=\"http:\/\/info.sadowne.pl\/wp-content\/uploads\/2023\/08\/sad919.jpg\"><img loading=\"lazy\" decoding=\"async\" class=\"aligncenter size-full wp-image-27960\" src=\"http:\/\/info.sadowne.pl\/wp-content\/uploads\/2023\/08\/sad919.jpg\" alt=\"\" width=\"605\" height=\"383\" srcset=\"https:\/\/info.sadowne.pl\/wp-content\/uploads\/2023\/08\/sad919.jpg 605w, https:\/\/info.sadowne.pl\/wp-content\/uploads\/2023\/08\/sad919-300x190.jpg 300w\" sizes=\"auto, (max-width: 605px) 100vw, 605px\" \/><\/a><\/p>\n<p style=\"text-align: center;\"><strong>Tablica informacyjna.<\/strong><\/p>\n<p style=\"text-align: left;\">A teraz ,,cichutko\u201d traktorkami w dalsz\u0105 drog\u0119 do celu, jakim by\u0142a ku\u017ania w Krupi\u0144skiem u mistrza <strong>p. Danaja.<\/strong><\/p>\n<p><a href=\"http:\/\/info.sadowne.pl\/wp-content\/uploads\/2023\/08\/sad920.jpg\"><img loading=\"lazy\" decoding=\"async\" class=\"aligncenter size-full wp-image-27961\" src=\"http:\/\/info.sadowne.pl\/wp-content\/uploads\/2023\/08\/sad920.jpg\" alt=\"\" width=\"602\" height=\"411\" srcset=\"https:\/\/info.sadowne.pl\/wp-content\/uploads\/2023\/08\/sad920.jpg 602w, https:\/\/info.sadowne.pl\/wp-content\/uploads\/2023\/08\/sad920-300x205.jpg 300w\" sizes=\"auto, (max-width: 602px) 100vw, 602px\" \/><\/a><\/p>\n<p>Po kr\u00f3tkim zwiedzaniu ku\u017ani dalsza droga prowadzi\u0142a przez pi\u0119kny las do <strong>Oci\u0119tego.<\/strong><\/p>\n<p><a href=\"http:\/\/info.sadowne.pl\/wp-content\/uploads\/2023\/08\/sad921.jpg\"><img loading=\"lazy\" decoding=\"async\" class=\"aligncenter size-full wp-image-27962\" src=\"http:\/\/info.sadowne.pl\/wp-content\/uploads\/2023\/08\/sad921.jpg\" alt=\"\" width=\"605\" height=\"418\" srcset=\"https:\/\/info.sadowne.pl\/wp-content\/uploads\/2023\/08\/sad921.jpg 605w, https:\/\/info.sadowne.pl\/wp-content\/uploads\/2023\/08\/sad921-300x207.jpg 300w\" sizes=\"auto, (max-width: 605px) 100vw, 605px\" \/><\/a><\/p>\n<p style=\"text-align: center;\"><strong>Przewodnicz\u0105ca stowarzyszenia pani Anna Goliszewska i ks. proboszcz Antoni Kunicki ju\u017c dotarli na miejsce.<\/strong><\/p>\n<p><a href=\"http:\/\/info.sadowne.pl\/wp-content\/uploads\/2023\/08\/sad922.jpg\"><img loading=\"lazy\" decoding=\"async\" class=\"aligncenter size-full wp-image-27963\" src=\"http:\/\/info.sadowne.pl\/wp-content\/uploads\/2023\/08\/sad922.jpg\" alt=\"\" width=\"555\" height=\"419\" srcset=\"https:\/\/info.sadowne.pl\/wp-content\/uploads\/2023\/08\/sad922.jpg 555w, https:\/\/info.sadowne.pl\/wp-content\/uploads\/2023\/08\/sad922-300x226.jpg 300w\" sizes=\"auto, (max-width: 555px) 100vw, 555px\" \/><\/a><\/p>\n<p>Tu w \u015bwietlicy czeka\u0142 pyszny obiad oraz troch\u0119 atrakcji przygotowanych przez <strong>kol. Piotra Olkowskiego i jego \u017con\u0119 p. Iwonk\u0119, <\/strong>kt\u00f3ra jest szefow\u0105 KGW Oci\u0119te.<\/p>\n<p><strong> <a href=\"http:\/\/info.sadowne.pl\/wp-content\/uploads\/2023\/08\/sad923.jpg\"><img loading=\"lazy\" decoding=\"async\" class=\"aligncenter size-full wp-image-27964\" src=\"http:\/\/info.sadowne.pl\/wp-content\/uploads\/2023\/08\/sad923.jpg\" alt=\"\" width=\"602\" height=\"415\" srcset=\"https:\/\/info.sadowne.pl\/wp-content\/uploads\/2023\/08\/sad923.jpg 602w, https:\/\/info.sadowne.pl\/wp-content\/uploads\/2023\/08\/sad923-300x207.jpg 300w\" sizes=\"auto, (max-width: 602px) 100vw, 602px\" \/><\/a><\/strong><\/p>\n<p style=\"text-align: center;\"><strong>Pani Agnieszka z zespo\u0142u K\u0105dzio\u0142eczka, p. Piotr i p. Iwonka.<\/strong><\/p>\n<p><strong> <a href=\"http:\/\/info.sadowne.pl\/wp-content\/uploads\/2023\/08\/sad924.jpg\"><img loading=\"lazy\" decoding=\"async\" class=\"aligncenter size-full wp-image-27965\" src=\"http:\/\/info.sadowne.pl\/wp-content\/uploads\/2023\/08\/sad924.jpg\" alt=\"\" width=\"604\" height=\"354\" srcset=\"https:\/\/info.sadowne.pl\/wp-content\/uploads\/2023\/08\/sad924.jpg 604w, https:\/\/info.sadowne.pl\/wp-content\/uploads\/2023\/08\/sad924-300x176.jpg 300w\" sizes=\"auto, (max-width: 604px) 100vw, 604px\" \/><\/a><\/strong><\/p>\n<p style=\"text-align: center;\">A to w\u0142a\u015bnie jedna z niespodzianek. B\u0119bnista Z<strong>espo\u0142u K\u0105dzio\u0142eczka<\/strong> otrzyma\u0142 na powitanie prezent \u2013 \u017cywy g\u0105sior!<\/p>\n<p><a href=\"http:\/\/info.sadowne.pl\/wp-content\/uploads\/2023\/08\/sad925.jpg\"><img loading=\"lazy\" decoding=\"async\" class=\"aligncenter size-full wp-image-27966\" src=\"http:\/\/info.sadowne.pl\/wp-content\/uploads\/2023\/08\/sad925.jpg\" alt=\"\" width=\"605\" height=\"305\" srcset=\"https:\/\/info.sadowne.pl\/wp-content\/uploads\/2023\/08\/sad925.jpg 605w, https:\/\/info.sadowne.pl\/wp-content\/uploads\/2023\/08\/sad925-300x151.jpg 300w\" sizes=\"auto, (max-width: 605px) 100vw, 605px\" \/><\/a><\/p>\n<p style=\"text-align: center;\"><strong>Do \u015bwietlicy z u\u015bmiechem i \u015bpiewem na ustach wchodz\u0105 <\/strong><strong>Sadowianki.<\/strong><\/p>\n<p style=\"text-align: center;\">Na pami\u0105tk\u0119 25-lecia dzia\u0142alno\u015bci Mazowiecko Podlaskiego Stowarzyszenia Agroturystycznego zosta\u0142o posadzone drzewko, kt\u00f3re otrzyma\u0142o nazw\u0119 \u2013<\/p>\n<p style=\"text-align: center;\"><strong>,,Klon Nadbu\u017ca\u0144ski\u2019\u2019<\/strong><\/p>\n<p><a href=\"http:\/\/info.sadowne.pl\/wp-content\/uploads\/2023\/08\/sad926.jpg\"><img loading=\"lazy\" decoding=\"async\" class=\"aligncenter size-full wp-image-27967\" src=\"http:\/\/info.sadowne.pl\/wp-content\/uploads\/2023\/08\/sad926.jpg\" alt=\"\" width=\"452\" height=\"314\" srcset=\"https:\/\/info.sadowne.pl\/wp-content\/uploads\/2023\/08\/sad926.jpg 452w, https:\/\/info.sadowne.pl\/wp-content\/uploads\/2023\/08\/sad926-300x208.jpg 300w\" sizes=\"auto, (max-width: 452px) 100vw, 452px\" \/><\/a><\/p>\n<p><a href=\"http:\/\/info.sadowne.pl\/wp-content\/uploads\/2023\/08\/sad927.jpg\"><img loading=\"lazy\" decoding=\"async\" class=\"aligncenter size-full wp-image-27968\" src=\"http:\/\/info.sadowne.pl\/wp-content\/uploads\/2023\/08\/sad927.jpg\" alt=\"\" width=\"603\" height=\"367\" srcset=\"https:\/\/info.sadowne.pl\/wp-content\/uploads\/2023\/08\/sad927.jpg 603w, https:\/\/info.sadowne.pl\/wp-content\/uploads\/2023\/08\/sad927-300x183.jpg 300w\" sizes=\"auto, (max-width: 603px) 100vw, 603px\" \/><\/a><\/p>\n<p style=\"text-align: center;\">A na koniec ogromny, pi\u0119knie udekorowany tort.<\/p>\n<h2 style=\"text-align: center;\"><span style=\"color: #00ff00;\"><strong><em>S m a c z n e g o!<\/em><\/strong><\/span><\/h2>\n<h3 style=\"text-align: center;\"><span style=\"color: #ff0000;\"><strong><em>Wszystkiego najlepszego na nast\u0119pne lata dzia\u0142alno\u015bci<\/em><\/strong><\/span><\/h3>\n<h3 style=\"text-align: center;\"><span style=\"color: #ff0000;\"><strong><em>Stowarzyszenia Agroturystycznego!<\/em><\/strong><\/span><\/h3>\n<p><a href=\"http:\/\/info.sadowne.pl\/wp-content\/uploads\/2023\/08\/sad928.jpg\"><img loading=\"lazy\" decoding=\"async\" class=\"aligncenter size-full wp-image-27969\" src=\"http:\/\/info.sadowne.pl\/wp-content\/uploads\/2023\/08\/sad928.jpg\" alt=\"\" width=\"264\" height=\"115\" \/><\/a><\/p>\n<p><strong>\u0179r\u00f3d\u0142o:<\/strong>\u00a0SADOWIANKI, Barbara Wr\u00f3bel, Sadowne 2023<\/p>\n","protected":false},"excerpt":{"rendered":"<p>SADOWNE &#8211; 31 maja 2021 rok.<\/p>\n","protected":false},"author":1,"featured_media":0,"comment_status":"closed","ping_status":"closed","sticky":false,"template":"","format":"standard","meta":{"footnotes":""},"categories":[5,31,1202],"tags":[1218,101,960],"class_list":["post-27925","post","type-post","status-publish","format-standard","hentry","category-newsy","category-historia-gminy","category-zespol-spiewaczy-sadowianki","tag-barbara-wrobel","tag-historia-gminy-sadowne","tag-zespol-spiewaczy-sadowianki"],"views":1712,"_links":{"self":[{"href":"https:\/\/info.sadowne.pl\/index.php?rest_route=\/wp\/v2\/posts\/27925","targetHints":{"allow":["GET"]}}],"collection":[{"href":"https:\/\/info.sadowne.pl\/index.php?rest_route=\/wp\/v2\/posts"}],"about":[{"href":"https:\/\/info.sadowne.pl\/index.php?rest_route=\/wp\/v2\/types\/post"}],"author":[{"embeddable":true,"href":"https:\/\/info.sadowne.pl\/index.php?rest_route=\/wp\/v2\/users\/1"}],"replies":[{"embeddable":true,"href":"https:\/\/info.sadowne.pl\/index.php?rest_route=%2Fwp%2Fv2%2Fcomments&post=27925"}],"version-history":[{"count":5,"href":"https:\/\/info.sadowne.pl\/index.php?rest_route=\/wp\/v2\/posts\/27925\/revisions"}],"predecessor-version":[{"id":27971,"href":"https:\/\/info.sadowne.pl\/index.php?rest_route=\/wp\/v2\/posts\/27925\/revisions\/27971"}],"wp:attachment":[{"href":"https:\/\/info.sadowne.pl\/index.php?rest_route=%2Fwp%2Fv2%2Fmedia&parent=27925"}],"wp:term":[{"taxonomy":"category","embeddable":true,"href":"https:\/\/info.sadowne.pl\/index.php?rest_route=%2Fwp%2Fv2%2Fcategories&post=27925"},{"taxonomy":"post_tag","embeddable":true,"href":"https:\/\/info.sadowne.pl\/index.php?rest_route=%2Fwp%2Fv2%2Ftags&post=27925"}],"curies":[{"name":"wp","href":"https:\/\/api.w.org\/{rel}","templated":true}]}}