{"id":27972,"date":"2023-08-06T23:50:12","date_gmt":"2023-08-06T21:50:12","guid":{"rendered":"http:\/\/info.sadowne.pl\/?p=27972"},"modified":"2023-08-07T12:56:28","modified_gmt":"2023-08-07T10:56:28","slug":"ix-zlot-pojazdow-zabytkowych-w-sadownem","status":"publish","type":"post","link":"https:\/\/info.sadowne.pl\/?p=27972","title":{"rendered":"IX zlot pojazd\u00f3w zabytkowych w Sadownem"},"content":{"rendered":"<p><a href=\"http:\/\/info.sadowne.pl\/wp-content\/uploads\/2023\/08\/2023.08.06.1.jpg\" target=\"_blank\" rel=\"noopener\"><img loading=\"lazy\" decoding=\"async\" class=\"alignleft wp-image-27973 size-thumbnail\" src=\"http:\/\/info.sadowne.pl\/wp-content\/uploads\/2023\/08\/2023.08.06.1-180x130.jpg\" alt=\"\" width=\"180\" height=\"130\" \/><\/a><\/p>\n<p><strong>6 sierpnia 2023 roku w Sadownem odby\u0142o si\u0119 IX Retro Moto Show.<\/strong><!--more--><\/p>\n<p><strong>Sta\u0142ym miejscem spotka\u0144 uczestnik\u00f3w zlotu zabytkowych pojazd\u00f3w Retro Moto Show w Sadownem jest plac targowy przy ko\u015bciele.<\/strong> Pomys\u0142odawc\u0105 Zlotu i wsp\u00f3\u0142organizatorem jest p. Tomasz Ga\u0142\u0105zka, a patronat nad imprez\u0105 ka\u017cdego roku obejmuje W\u00f3jt Gminy Sadowne p. Waldemar Cyran. Wsp\u00f3\u0142organizatorami s\u0105 te\u017c: Gmina Sadowne, Gminny O\u015brodek Kultury w Sadownem oraz Stowarzyszenie na Rzecz Rozwoju Gminy Sadowne, a partnerem wydarzenia \u2013 Samorz\u0105d Wojew\u00f3dztwa Mazowieckiego. Patronat medialny sprawuje Portal Info Sadowne.<\/p>\n<p><strong>Sadowie\u0144skie Retro Moto Show jest coraz bardziej znane<\/strong>, a liczba jego uczestnik\u00f3w z roku na rok zwi\u0119ksza si\u0119 ku uciesze Organizator\u00f3w, kt\u00f3rzy w oficjalnym powitaniu nie pomin\u0119li tego faktu. Jak si\u0119 okazuje, w tegorocznym Zlocie wzi\u0119\u0142o udzia\u0142 ok. 400 pojazd\u00f3w mechanicznych r\u00f3\u017cnego: typu, marki, wieku\u2026<\/p>\n<p><strong>Po otwarciu Zlotu komisyjnie dokonano oceny pojazd\u00f3w w poszczeg\u00f3lnych jego kategoriach.<\/strong> Odby\u0142y si\u0119 te\u017c konkursy dla dzieci i doros\u0142ych uczestnik\u00f3w tego spotkania &#8211; oczywi\u015bcie z nagrodami, a tak\u017ce pokaz i warsztaty w wykonaniu druh\u00f3w OSP z zakresu udzielania pierwszej pomocy przedmedycznej. By\u0142a te\u017c mo\u017cliwo\u015b\u0107 skorzystania z symulator\u00f3w: zderze\u0144, dachowania oraz refleksomierza. Na \u201ezainteresowanych\u201d czeka\u0142y te\u017c stoiska gastronomiczne, a na wszystkich \u2013 oczywi\u015bcie pojazdy, kt\u00f3re przyby\u0142y na Zlot z r\u00f3\u017cnych stron Polski. Na zako\u0144czenie odby\u0142o si\u0119 te\u017c losowanie drobnych upomink\u00f3w dla zarejestrowanych uczestnik\u00f3w Zlotu.<\/p>\n<p><strong>Zaraz po godz. 13.00 pojazdy ruszy\u0142y w tradycyjny korow\u00f3d ulicami Sadownego<\/strong>, a po ich powrocie wr\u0119czono wyr\u00f3\u017cnionym statuetki IX-go Zlotu &#8211; obowi\u0105zki gospodarzy pe\u0142nili: p. Waldemar Cyran, p. Tomasz Ga\u0142\u0105zka i p. Ewa Pi\u00f3rkowska.<\/p>\n<p><strong>Statuetki otrzymali finali\u015bci konkursu na najwolniejsz\u0105 jazd\u0119 spalinowym jedno\u015bladem:<\/strong><\/p>\n<p>&#8211; I miejsce \u2013 Jakub Bujniak<\/p>\n<p>&#8211; II miejsce \u2013 Piotr Podg\u00f3rski<\/p>\n<p>&#8211; III miejsce \u2013 Artur Bujniak<\/p>\n<p><strong>Statuetkami wyr\u00f3\u017cniono w kategoriach:<\/strong><\/p>\n<p>&#8211; Najstarszy pojazd Zlotu \u2013 Citroen BL11 z 1952 r. &#8211; w\u0142. Andrzej Telak<\/p>\n<p>&#8211; Samoch\u00f3d Zlotu \u2013 Fiat 126p. z 1975 r. \u2013 w\u0142. \u0141ukasz Sty\u015b<\/p>\n<p>&#8211; Motocykl Zlotu \u2013 BMW R25 \u2013 w\u0142. Henryk G\u0142uski<\/p>\n<p>&#8211; Najstarszy Motocykl Zlotu \u2013 BMW R12 z 1939 r. \u2013 w\u0142. Bogdan Banaszek<\/p>\n<p>&#8211; Posta\u0107 Zlotu \u2013 Artur Bujniak<\/p>\n<p>&#8211; Kolekcjoner Zlotu \u2013 Jaros\u0142aw G\u00f3ral<\/p>\n<p>&#8211; Klasyk Gminy \u2013 Junak M10 \u2013 w\u0142. Remigiusz Tyszka<\/p>\n<p>&#8211; Traktor Zlotu \u2013 Traktor URSUS C328 \u2013 w\u0142. Kazimierz Dzieci\u0105tko<\/p>\n<p>&#8211; Najstarszy Traktor Zlotu \u2013 Traktor FENDT z 1956 r. \u2013 w\u0142. Joanna Cz\u0105stkiewicz<\/p>\n<p>&#8211; Nagroda Specjalna W\u00f3jta Gminy Sadowne \u2013 samoch\u00f3d Mercedes 124\u00a0250D \u2013 w\u0142. Mateusz Marsza\u0142<strong>\u00a0<\/strong><\/p>\n<p><strong>Organizatorzy dzi\u0119kuj\u0105 wszystkim uczestnikom Zlotu<\/strong><strong> i ju\u017c teraz zapraszaj\u0105 na kolejny Zlot \u2013 X Jubileuszowy, kt\u00f3ry odb\u0119dzie si\u0119 za rok w Sadownem. Szczeg\u00f3lne podzi\u0119kowania kieruj\u0105 te\u017c do druh\u00f3w z OSP Sadowne i Wilczog\u0119by, kt\u00f3rzy brali udzia\u0142 w przygotowaniu i zabezpieczeniu tegorocznego Zlotu.<\/strong><\/p>\n<p><strong>Impreza by si\u0119 nie odby\u0142a bez sponsor\u00f3w<\/strong><strong> \u2013 serdeczne im dzi\u0119ki. <\/strong>W tym roku Retro Moto Show wsparli w\u0142a\u015bciciele serwis\u00f3w i sklep\u00f3w motoryzacyjnych gminy Sadowne:<\/p>\n<p>&#8211; BEN-CAR Auto Naprawa, Przemys\u0142aw Sobolewski, Grabiny 28D<\/p>\n<p>&#8211; CAR-CAM Auto Serwis, Kamil Sobolewski, Sadole\u015b 39<\/p>\n<p>&#8211; LUX-AUTO Auto Naprawa, Jakub Or\u0142owski, Sadowne, ul. \u0141ochowska 1B<\/p>\n<p>&#8211; AUTONAPRAWA, Krzysztof Kobyli\u0144ski, Zarzetka 45A<\/p>\n<p>&#8211; ZAK\u0141AD MECHANICZNY, Wojciech Kukwa, Sadowne, ul. Kili\u0144skiego 17<\/p>\n<p>&#8211; AUTO CZ\u0118\u015aCI \u201eKOWALCZYK\u201d, Piotr Kowalczyk, Sadowne, ul. Ko\u015bciuszki 10<\/p>\n<p><strong>IX Retro Moto Show w Sadownem \u2013 zadanie publiczne pn. \u201eBezpiecze\u0144stwo to fajna sprawa, gdy w zdobyciu wiedzy pomaga dobra zabawa\u201d \u2013 zosta\u0142o dofinansowane ze \u015brodk\u00f3w z bud\u017cetu Wojew\u00f3dztwa Mazowieckiego.<\/strong><\/p>\n<p><span style=\"color: #0000ff;\"><a style=\"color: #0000ff;\" href=\"https:\/\/photos.app.goo.gl\/f6aW4p5PitRAkgGv5\" target=\"_blank\" rel=\"noopener\"><strong>Zdj\u0119cia w galerii Google&gt;&gt;&gt;<\/strong><\/a><\/span><\/p>\n<p><span style=\"color: #0000ff;\"><a style=\"color: #0000ff;\" href=\"https:\/\/youtu.be\/uj_VyjHye28\" target=\"_blank\" rel=\"noopener\"><strong>Zobacz te\u017c film&gt;&gt;&gt;<\/strong><\/a><\/span><\/p>\n<p><strong>Tekst\/foto:<\/strong><strong> S\u0142awek Chyli\u0144ski<\/strong><\/p>\n","protected":false},"excerpt":{"rendered":"<p>6 sierpnia 2023 roku w Sadownem odby\u0142o si\u0119 IX Retro Moto Show.<\/p>\n","protected":false},"author":1,"featured_media":0,"comment_status":"closed","ping_status":"closed","sticky":false,"template":"","format":"standard","meta":{"footnotes":""},"categories":[5,91,6],"tags":[1827,169,4005,3088],"class_list":["post-27972","post","type-post","status-publish","format-standard","hentry","category-newsy","category-gminny-osrodek-kultury","category-kultura-rozrywka-edukacja","tag-gmina-sadowne","tag-gminny-osrodek-kultury-w-sadownem","tag-ix-retro-moto-show-w-sadownem","tag-stowarzyszenie-na-rzecz-rozwoju-gminy-sadowne"],"views":3171,"_links":{"self":[{"href":"https:\/\/info.sadowne.pl\/index.php?rest_route=\/wp\/v2\/posts\/27972","targetHints":{"allow":["GET"]}}],"collection":[{"href":"https:\/\/info.sadowne.pl\/index.php?rest_route=\/wp\/v2\/posts"}],"about":[{"href":"https:\/\/info.sadowne.pl\/index.php?rest_route=\/wp\/v2\/types\/post"}],"author":[{"embeddable":true,"href":"https:\/\/info.sadowne.pl\/index.php?rest_route=\/wp\/v2\/users\/1"}],"replies":[{"embeddable":true,"href":"https:\/\/info.sadowne.pl\/index.php?rest_route=%2Fwp%2Fv2%2Fcomments&post=27972"}],"version-history":[{"count":6,"href":"https:\/\/info.sadowne.pl\/index.php?rest_route=\/wp\/v2\/posts\/27972\/revisions"}],"predecessor-version":[{"id":27979,"href":"https:\/\/info.sadowne.pl\/index.php?rest_route=\/wp\/v2\/posts\/27972\/revisions\/27979"}],"wp:attachment":[{"href":"https:\/\/info.sadowne.pl\/index.php?rest_route=%2Fwp%2Fv2%2Fmedia&parent=27972"}],"wp:term":[{"taxonomy":"category","embeddable":true,"href":"https:\/\/info.sadowne.pl\/index.php?rest_route=%2Fwp%2Fv2%2Fcategories&post=27972"},{"taxonomy":"post_tag","embeddable":true,"href":"https:\/\/info.sadowne.pl\/index.php?rest_route=%2Fwp%2Fv2%2Ftags&post=27972"}],"curies":[{"name":"wp","href":"https:\/\/api.w.org\/{rel}","templated":true}]}}