{"id":28008,"date":"2023-08-15T20:38:45","date_gmt":"2023-08-15T18:38:45","guid":{"rendered":"http:\/\/info.sadowne.pl\/?p=28008"},"modified":"2023-08-15T20:38:45","modified_gmt":"2023-08-15T18:38:45","slug":"dozynki-gminno-parafialne-2023","status":"publish","type":"post","link":"https:\/\/info.sadowne.pl\/?p=28008","title":{"rendered":"Do\u017cynki Gminno \u2013 Parafialne 2023"},"content":{"rendered":"<p><a href=\"http:\/\/info.sadowne.pl\/wp-content\/uploads\/2023\/08\/2023.08.15.1.jpg\" target=\"_blank\" rel=\"noopener\"><img loading=\"lazy\" decoding=\"async\" class=\"alignleft wp-image-28009 size-thumbnail\" src=\"http:\/\/info.sadowne.pl\/wp-content\/uploads\/2023\/08\/2023.08.15.1-180x130.jpg\" alt=\"\" width=\"180\" height=\"130\" \/><\/a><\/p>\n<p><strong>15 sierpnia 2023 r. w Sadownem po raz dziewi\u0105ty odby\u0142y si\u0119 Do\u017cynki Gminno \u2013 Parafialne. <\/strong><strong>Has\u0142o przewodnie tegorocznych Do\u017cynek to: \u201eBO\u017bE ZADANIE WSP\u00d3LNE DZIA\u0141ANIE\u201d, a ich gospodarzem by\u0142o so\u0142ectwo Ko\u0142odzi\u0105\u017c.<\/strong><!--more--><\/p>\n<p><strong>15 sierpnia br. przypada r\u00f3wnie\u017c 103. rocznica \u201eCudu nad Wis\u0142\u0105\u201d i \u015awi\u0119to Wojska Polskiego.<\/strong> Z uwagi na to postanowiono tego dnia uczci\u0107 pami\u0119\u0107 \u017co\u0142nierzy Wojska Polskiego poleg\u0142ych w obronie Ojczyzny. Przed uroczysto\u015bciami do\u017cynkowymi na sadowie\u0144skim cmentarzu, gdzie znajduje si\u0119 gr\u00f3b poleg\u0142ego na naszym terenie w 1920 roku nieznanego \u017co\u0142nierza Wojska Polskiego oraz groby \u017co\u0142nierzy poleg\u0142ych tu we wrze\u015bniu 1939 roku, Organizatorzy uroczysto\u015bci oraz ich go\u015bcie uczcili pami\u0119\u0107 wszystkich poleg\u0142ych podczas tych wojen \u017co\u0142nierzy polskich, sk\u0142adaj\u0105c wi\u0105zanki kwiat\u00f3w i zapalaj\u0105c symboliczne znicze.<\/p>\n<p><strong>G\u0142\u00f3wne uroczysto\u015bci do\u017cynkowe rozpocz\u0119\u0142y si\u0119 msz\u0105 \u015bw. w intencji rolnik\u00f3w<\/strong> w miejscowym ko\u015bciele parafialnym, koncelebrowan\u0105 przez proboszcza ks. Antoniego Kunickiego i by\u0142ego proboszcza ks. Stanis\u0142awa Wojciechowskiego.<\/p>\n<p>Przygotowane przez poszczeg\u00f3lne so\u0142ectwa wie\u0144ce do\u017cynkowe i ich asysty, po powitaniu na \u201eprogu\u201d \u015bwi\u0105tyni przez proboszcza parafii ks. Antoniego Kunickiego, wprowadzili do ko\u015bcio\u0142a Starostowie Do\u017cynek \u2013 Pa\u0144stwo Monika i Waldemar K\u0119dzierscy z Ko\u0142odzi\u0105\u017ca. Po mszy \u015bw. barwny orszak do\u017cynkowy przemaszerowa\u0142 na plac targowy za ko\u015bcio\u0142em, gdzie dalsz\u0105 cz\u0119\u015b\u0107 uroczysto\u015bci poprowadzi\u0142 Zast\u0119pca W\u00f3jta Gminy Sadowne p. Marcin Gr\u0119da, a do\u017cynkowe obrz\u0119dy i ceremonia\u0142 do\u017cynkowy wykona\u0142 Zesp\u00f3\u0142 \u015apiewaczy \u201eSadowianki\u201d.<\/p>\n<p><strong>W imieniu gospodarzy uroczysto\u015bci &#8211; W\u00f3jta Gminy Sadowne p. Waldemara Cyrana i proboszcza parafii Sadowne ks. Antoniego Kunickiego &#8211; p. Gr\u0119da powita\u0142 przyby\u0142ych go\u015bci<\/strong>, w\u015br\u00f3d kt\u00f3rych znale\u017ali si\u0119 pos\u0142owie na Sejm RP pp.: Kamila Gasiuk-Pihowicz, Maciej G\u00f3rski, Iwona Kurowska, Marek Sawicki, Anna Siarkowska i Grzegorz Wo\u017aniak oraz p. El\u017cbieta Lanc \u2013 Cz\u0142onek Zarz\u0105du Wojew\u00f3dztwa Mazowieckiego (tu reprezentuj\u0105ca r\u00f3wnie\u017c Samorz\u0105d Wojew\u00f3dztwa Mazowieckiego, kt\u00f3ry wsp\u00f3\u0142finansowa\u0142 sadowie\u0144skie Do\u017cynki), p. Anna Kaszuba \u2013 Dyrektor Biura Wojewody Mazowieckiego, ks. Antoni Kunicki \u2013 proboszcz parafii Sadowne, ks. Stanis\u0142aw Wojciechowski \u2013 by\u0142y proboszcz parafii Sadowne oraz ksi\u0119\u017ca tej parafii, p. Tomasz Szymanik \u2013 Przewodnicz\u0105cy Rady Gminy Sadowne wraz z radnymi, p. Ma\u0142gorzata Zy\u015bk \u2013 Radna Powiatu W\u0119growskiego, p. Adam Kowalczyk \u2013 Kierownik PT KRUS w W\u0119growie z pracownikami, so\u0142tysi, kierownicy jednostek organizacyjnych Gminy, stra\u017cacy OSP, zaproszeni go\u015bcie oraz mieszka\u0144cy, rolnicy gminy i parafii Sadowne, kt\u00f3rym po\u015bwi\u0119cona by\u0142a ta uroczysto\u015b\u0107.<\/p>\n<p><strong>Po oficjalnym powitaniu, ceremonia\u0142 do\u017cynkowy rozpocz\u0105\u0142 swoim wyst\u0119pem Zesp\u00f3\u0142 \u015apiewaczy \u201eSadowianki\u201d<\/strong>, nast\u0119pnie Starostowie Do\u017cynek przekazali w\u0142odarzowi Gminy p. Waldemarowi Cyranowi oraz jego ma\u0142\u017conce Katarzynie obrz\u0119dowy chleb, upieczony z tegorocznych zbior\u00f3w zb\u00f3\u017c. Po obrz\u0119dzie dzielenia si\u0119 chlebem, zabrali g\u0142os przybyli na uroczysto\u015b\u0107 go\u015bcie, ponownie na scenie zago\u015bci\u0142 Zesp\u00f3\u0142 \u015apiewaczy \u201eSadowianki\u201d, a powo\u0142ana przez Organizator\u00f3w Komisja Konkursowa w sk\u0142adzie: p. Ewa Pi\u00f3rkowska, p. Danuta Chyli\u0144ska, p. Agnieszka Nowak i p. Gabriela Siewiera, oceni\u0142a wie\u0144ce do\u017cynkowe uczestnicz\u0105ce w konkursie pn. \u201eNaj\u0142adniejszy Wieniec Do\u017cynkowy 2023\u201d. Do Konkursu zg\u0142oszono 20 wie\u0144c\u00f3w.<\/p>\n<p><strong>W tym roku za naj\u0142adniejsze wie\u0144ce Komisja nagrodzi\u0142a so\u0142ectwa: \u00a0<\/strong><\/p>\n<p><strong><u>W kategorii wie\u0144c\u00f3w tradycyjnych<\/u><\/strong><\/p>\n<p><strong>I miejsce \u2013 P\u0142atkownica<\/strong><\/p>\n<p><strong>II miejsce \u2013 Grabiny<\/strong><\/p>\n<p><strong>III miejsce \u2013 Sadole\u015b<\/strong><\/p>\n<p><strong>Wyr\u00f3\u017cnienia: Morzyczyn W\u0142\u00f3ki, Sadowne i Sojk\u00f3wek<\/strong><\/p>\n<p><strong><u>W kategorii wie\u0144c\u00f3w nowoczesnych<\/u><\/strong><\/p>\n<p><strong>I miejsce &#8211; Ra\u017cny<\/strong><\/p>\n<p><strong>II miejsce &#8211; Krupi\u0144skie<\/strong><\/p>\n<p><strong>III miejsce \u2013 Mrozowa Wola<\/strong><\/p>\n<p><strong>Wyr\u00f3\u017cnienie: Oci\u0119te<\/strong><\/p>\n<p><strong>Niezale\u017cn\u0105 od kategorii, nagrod\u0119 proboszcza parafii Sadowne ks. Antoniego Kunickiego otrzyma\u0142 wieniec z Ko\u0142odzi\u0105\u017ca, a w\u0142a\u015bciwie Starosta Do\u017cynek p. Monika K\u0119dzierska, kt\u00f3ra samodzielnie go wykona\u0142a.<\/strong><\/p>\n<p>Laureaci Konkursu odebrali puchary, dyplomy i nagrody pieni\u0119\u017cne z r\u0105k przedstawicieli Organizator\u00f3w i sponsor\u00f3w. Swoje nagrody wr\u0119czy\u0142a r\u00f3wnie\u017c p. Kamila Gasiuk-Pihowicz.<\/p>\n<p><strong>Nast\u0119pnie nagrodzono laureat\u00f3w konkursu na \u201eNajpi\u0119kniejszy ogr\u00f3d Gminy Sadowne 2023\u201d. Oto jego wyniki:<\/strong><\/p>\n<p><strong>I miejsce \u2013 pp. Marzena i Grzegorz Niegowscy \u2013 Zalesie<\/strong><\/p>\n<p><strong>II miejsce \u2013 p. Mariola Pi\u00f3rkowska \u2013 Grabiny<\/strong><\/p>\n<p><strong>III miejsce \u2013 p. Jadwiga Stefaniak \u2013 Sadowne<\/strong><\/p>\n<p><strong>Wyr\u00f3\u017cnienia: <\/strong><strong>pp. Anna i Leszek Ga\u0142\u0105zkowie z Wilczog\u0105b i pp. Hanna i Mieczys\u0142aw Korosiowie z Ziele\u0144ca<\/strong><\/p>\n<p>Nagrody wr\u0119czyli Organizatorzy Konkursu oraz jego sponsorzy: za miejsca I-III \u2013 PSB Mr\u00f3wka Sadowne i za wyr\u00f3\u017cnienia \u2013 Sklep Ogrodniczy AGAWA w Sadownem.<\/p>\n<p><strong>Po rozstrzygni\u0119ciu konkurs\u00f3w<\/strong>, obecnych na uroczysto\u015bci zaproszono do okalaj\u0105cych plac stoisk gastronomicznych, przygotowanych g\u0142\u00f3wnie przez Ko\u0142a Gospody\u0144 Wiejskich gminy Sadowne i GOK Sadowne, a tak\u017ce stoisk informacyjnych lokalnych instytucji i tych, kt\u00f3re wsp\u00f3\u0142pracuj\u0105 z Gmin\u0105 Sadowne. Dzieci mia\u0142y okazj\u0119 skorzysta\u0107 z placu zabaw z \u201edmucha\u0144cami\u201d. Na scenie natomiast zago\u015bci\u0142 Kabaret EWG z programem pt. \u201eZygzakiem przez wie\u015b\u201d. Do\u017cynki u\u015bwietni\u0142 r\u00f3wnie\u017c wyst\u0119pem znany nam Zesp\u00f3\u0142 Muzyczny \u201eSAMI SWOI\u201d \u2013 dzi\u0119ki niemu publiczno\u015b\u0107 w ko\u0144cu mia\u0142a mo\u017cliwo\u015b\u0107 ruszy\u0107 do ta\u0144ca.<\/p>\n<p><strong>Na koniec przypominamy:<\/strong> tegoroczne uroczysto\u015bci do\u017cynkowe przygotowa\u0142 Urz\u0105d Gminy w Sadownem, Parafia p.w. \u015bw. Jana Chrzciciela w Sadownem i Gminny O\u015brodek Kultury w Sadownem. Projekt zosta\u0142 dofinansowany ze \u015brodk\u00f3w Samorz\u0105du Wojew\u00f3dztwa Mazowieckiego. W przygotowaniu Do\u017cynek i zabezpieczeniu wzi\u0119li udzia\u0142 druhowie z lokalnych OSP. Wszystkim wielkie dzi\u0119ki\u2026<\/p>\n<p><span style=\"color: #0000ff;\"><a style=\"color: #0000ff;\" href=\"https:\/\/photos.app.goo.gl\/qVeARDSixfGUj1mj9\" target=\"_blank\" rel=\"noopener\"><strong>Zdj\u0119cia w galerii Google&gt;&gt;&gt;<\/strong><\/a><\/span><\/p>\n<p><strong>Tekst:<\/strong> S\u0142awek Chyli\u0144ski<\/p>\n<p><strong>Foto:<\/strong> S. Chyli\u0144ski\/A. Laska\/S. Kowalczyk<\/p>\n","protected":false},"excerpt":{"rendered":"<p>15 sierpnia 2023 r. w Sadownem po raz dziewi\u0105ty odby\u0142y si\u0119 Do\u017cynki Gminno \u2013 Parafialne. Has\u0142o przewodnie tegorocznych Do\u017cynek to: \u201eBO\u017bE ZADANIE WSP\u00d3LNE DZIA\u0141ANIE\u201d, a ich gospodarzem by\u0142o so\u0142ectwo Ko\u0142odzi\u0105\u017c.<\/p>\n","protected":false},"author":1,"featured_media":0,"comment_status":"closed","ping_status":"closed","sticky":false,"template":"","format":"standard","meta":{"footnotes":""},"categories":[5,91,6],"tags":[4010,1827,169,2199],"class_list":["post-28008","post","type-post","status-publish","format-standard","hentry","category-newsy","category-gminny-osrodek-kultury","category-kultura-rozrywka-edukacja","tag-dozynki-gminno-parafialne-2023-w-sadownem","tag-gmina-sadowne","tag-gminny-osrodek-kultury-w-sadownem","tag-parafia-pw-sw-jana-chrzciciela-w-sadownem"],"views":3520,"_links":{"self":[{"href":"https:\/\/info.sadowne.pl\/index.php?rest_route=\/wp\/v2\/posts\/28008","targetHints":{"allow":["GET"]}}],"collection":[{"href":"https:\/\/info.sadowne.pl\/index.php?rest_route=\/wp\/v2\/posts"}],"about":[{"href":"https:\/\/info.sadowne.pl\/index.php?rest_route=\/wp\/v2\/types\/post"}],"author":[{"embeddable":true,"href":"https:\/\/info.sadowne.pl\/index.php?rest_route=\/wp\/v2\/users\/1"}],"replies":[{"embeddable":true,"href":"https:\/\/info.sadowne.pl\/index.php?rest_route=%2Fwp%2Fv2%2Fcomments&post=28008"}],"version-history":[{"count":1,"href":"https:\/\/info.sadowne.pl\/index.php?rest_route=\/wp\/v2\/posts\/28008\/revisions"}],"predecessor-version":[{"id":28010,"href":"https:\/\/info.sadowne.pl\/index.php?rest_route=\/wp\/v2\/posts\/28008\/revisions\/28010"}],"wp:attachment":[{"href":"https:\/\/info.sadowne.pl\/index.php?rest_route=%2Fwp%2Fv2%2Fmedia&parent=28008"}],"wp:term":[{"taxonomy":"category","embeddable":true,"href":"https:\/\/info.sadowne.pl\/index.php?rest_route=%2Fwp%2Fv2%2Fcategories&post=28008"},{"taxonomy":"post_tag","embeddable":true,"href":"https:\/\/info.sadowne.pl\/index.php?rest_route=%2Fwp%2Fv2%2Ftags&post=28008"}],"curies":[{"name":"wp","href":"https:\/\/api.w.org\/{rel}","templated":true}]}}