{"id":28014,"date":"2023-08-18T18:04:47","date_gmt":"2023-08-18T16:04:47","guid":{"rendered":"http:\/\/info.sadowne.pl\/?p=28014"},"modified":"2023-08-18T18:04:47","modified_gmt":"2023-08-18T16:04:47","slug":"sadowianki-ii-gie-polrocze-2021-roku","status":"publish","type":"post","link":"https:\/\/info.sadowne.pl\/?p=28014","title":{"rendered":"Sadowianki &#8211; II-gie p\u00f3\u0142rocze 2021 roku"},"content":{"rendered":"<p><strong><a href=\"http:\/\/info.sadowne.pl\/wp-content\/uploads\/2023\/08\/sad932.jpg\"><img loading=\"lazy\" decoding=\"async\" class=\"alignleft size-thumbnail wp-image-28017\" src=\"http:\/\/info.sadowne.pl\/wp-content\/uploads\/2023\/08\/sad932-180x130.jpg\" alt=\"\" width=\"180\" height=\"130\" \/><\/a>SADOWNE &#8211; <\/strong><strong>15 sierpnia 2021 roku.<\/strong><!--more--><\/p>\n<h3 style=\"text-align: center;\"><span style=\"color: #ff0000;\"><em><strong>Do\u017cynki \u00a0Gminno \u2013 Parafialne <\/strong><\/em><\/span><\/h3>\n<h3 style=\"text-align: center;\"><em><strong>Has\u0142o przewodnie tegorocznych do\u017cynek:<\/strong><\/em><\/h3>\n<h2 style=\"text-align: center;\"><span style=\"color: #33cccc;\"><em><strong>\u00a0&#8222;Modlitwa i praca zdrowie przywraca&#8221;<\/strong><\/em><\/span><\/h2>\n<p><strong> <a href=\"http:\/\/info.sadowne.pl\/wp-content\/uploads\/2023\/08\/sad930.jpg\"><img loading=\"lazy\" decoding=\"async\" class=\"aligncenter size-full wp-image-28015\" src=\"http:\/\/info.sadowne.pl\/wp-content\/uploads\/2023\/08\/sad930.jpg\" alt=\"\" width=\"606\" height=\"404\" srcset=\"https:\/\/info.sadowne.pl\/wp-content\/uploads\/2023\/08\/sad930.jpg 606w, https:\/\/info.sadowne.pl\/wp-content\/uploads\/2023\/08\/sad930-300x200.jpg 300w\" sizes=\"auto, (max-width: 606px) 100vw, 606px\" \/><\/a><\/strong><\/p>\n<p>Przygotowane przez poszczeg\u00f3lne so\u0142ectwa wie\u0144ce do\u017cynkowe i ich asysty, po powitaniu na \u201eprogu\u201d \u015bwi\u0105tyni przez proboszcza parafii ks. Antoniego Kunickiego, wprowadzili do ko\u015bcio\u0142a Starostowie Do\u017cynek \u2013 Pa\u0144stwo Katarzyna i Mariusz Sk\u0142adankowie z Morzyczyna W\u0142o\u015bcia\u0144skiego.<\/p>\n<p>G\u0142\u00f3wne uroczysto\u015bci do\u017cynkowe rozpocz\u0119\u0142y si\u0119 msz\u0105 \u015bw. w miejscowym ko\u015bciele parafialnym, celebrowan\u0105 przez proboszcza ks. Antoniego Kunickiego w intencji rolnik\u00f3w.<\/p>\n<p><a href=\"http:\/\/info.sadowne.pl\/wp-content\/uploads\/2023\/08\/sad931.jpg\"><img loading=\"lazy\" decoding=\"async\" class=\"aligncenter size-full wp-image-28016\" src=\"http:\/\/info.sadowne.pl\/wp-content\/uploads\/2023\/08\/sad931.jpg\" alt=\"\" width=\"602\" height=\"480\" srcset=\"https:\/\/info.sadowne.pl\/wp-content\/uploads\/2023\/08\/sad931.jpg 602w, https:\/\/info.sadowne.pl\/wp-content\/uploads\/2023\/08\/sad931-300x239.jpg 300w\" sizes=\"auto, (max-width: 602px) 100vw, 602px\" \/><\/a><\/p>\n<p style=\"text-align: center;\">Wej\u015bcie do ko\u015bcio\u0142a.<\/p>\n<p><a href=\"http:\/\/info.sadowne.pl\/wp-content\/uploads\/2023\/08\/sad932.jpg\"><img loading=\"lazy\" decoding=\"async\" class=\"aligncenter size-full wp-image-28017\" src=\"http:\/\/info.sadowne.pl\/wp-content\/uploads\/2023\/08\/sad932.jpg\" alt=\"\" width=\"608\" height=\"405\" srcset=\"https:\/\/info.sadowne.pl\/wp-content\/uploads\/2023\/08\/sad932.jpg 608w, https:\/\/info.sadowne.pl\/wp-content\/uploads\/2023\/08\/sad932-300x200.jpg 300w\" sizes=\"auto, (max-width: 608px) 100vw, 608px\" \/><\/a><\/p>\n<p style=\"text-align: center;\">Po mszy korow\u00f3d do\u017cynkowy ze \u015bpiewem wyruszy\u0142 na plac targowy, gdzie dalsz\u0105 cz\u0119\u015b\u0107 uroczysto\u015bci poprowadzi\u0142 Zast\u0119pca W\u00f3jta Gminy Sadowne <strong>p. Marcin Gr\u0119da.<\/strong><\/p>\n<p><strong> <a href=\"http:\/\/info.sadowne.pl\/wp-content\/uploads\/2023\/08\/sad933.jpg\"><img loading=\"lazy\" decoding=\"async\" class=\"aligncenter size-full wp-image-28018\" src=\"http:\/\/info.sadowne.pl\/wp-content\/uploads\/2023\/08\/sad933.jpg\" alt=\"\" width=\"601\" height=\"401\" srcset=\"https:\/\/info.sadowne.pl\/wp-content\/uploads\/2023\/08\/sad933.jpg 601w, https:\/\/info.sadowne.pl\/wp-content\/uploads\/2023\/08\/sad933-300x200.jpg 300w\" sizes=\"auto, (max-width: 601px) 100vw, 601px\" \/><\/a><\/strong><\/p>\n<p style=\"text-align: center;\">Do\u017cynkowe obrz\u0119dy i ceremonia\u0142 do\u017cynkowy wykona\u0142 <strong>Zesp\u00f3\u0142 \u015apiewaczy \u201eSadowianki\u201d.<\/strong><\/p>\n<p><a href=\"http:\/\/info.sadowne.pl\/wp-content\/uploads\/2023\/08\/sad934.jpg\"><img loading=\"lazy\" decoding=\"async\" class=\"aligncenter size-full wp-image-28019\" src=\"http:\/\/info.sadowne.pl\/wp-content\/uploads\/2023\/08\/sad934.jpg\" alt=\"\" width=\"601\" height=\"532\" srcset=\"https:\/\/info.sadowne.pl\/wp-content\/uploads\/2023\/08\/sad934.jpg 601w, https:\/\/info.sadowne.pl\/wp-content\/uploads\/2023\/08\/sad934-300x266.jpg 300w\" sizes=\"auto, (max-width: 601px) 100vw, 601px\" \/><\/a><\/p>\n<p style=\"text-align: center;\"><strong>Ks. proboszcz Antoni Kunicki, Marsza\u0142ek Wojew\u00f3dztwa Mazowieckiego p. El\u017cbieta Lanc, pose\u0142 na Sejm RP p. Marek Sawicki. Wicestarosta W\u0119growski p. Marek Renik i jego \u017cona p. Miros\u0142awa.<\/strong><\/p>\n<p>Po oficjalnym powitaniu, w kt\u00f3rym r\u00f3wnie\u017c g\u0142os zabrali: pose\u0142 na Sejm RP p. Marek Sawicki, Marsza\u0142ek Wojew\u00f3dztwa Mazowieckiego P. El\u017cbieta Lanc i Wicestarosta W\u0119growski p. Marek Renik, Starostowie Do\u017cynek przekazali w\u0142odarzowi Gminy p. Waldemarowi Cyranowi oraz jego ma\u0142\u017conce Katarzynie obrz\u0119dowy chleb, upieczony z tegorocznych zbior\u00f3w zb\u00f3\u017c.<\/p>\n<p>Po obrz\u0119dzie dzielenia si\u0119 chlebem, powo\u0142ana przez Organizator\u00f3w Komisja Konkursowa w sk\u0142adzie:<\/p>\n<p><strong> Karol Lipczy\u0144ski<\/strong> \u2013 wikariusz parafii Sadowne,<\/p>\n<p><strong> Ewa Pi\u00f3rkowska<\/strong> \u2013 Dyrektor Gminnego O\u015brodka Kultury w Sadownem,<\/p>\n<p><strong> Agnieszka Nowak<\/strong> \u2013 Dyrektor Gminnej Biblioteki Publicznej w Stoczku,<\/p>\n<p><strong> Ma\u0142gorzata Koro\u015b<\/strong> \u2013 Dyrektor Szko\u0142y Podstawowej w Sadownem<\/p>\n<p><strong>i p. Marcin Gr\u0119da<\/strong> \u2013 Zast\u0119pca W\u00f3jta Gminy Sadowne,<\/p>\n<p>oceni\u0142a wie\u0144ce do\u017cynkowe uczestnicz\u0105ce w konkursie pn. <strong>\u201eNaj\u0142adniejszy Wieniec Do\u017cynkowy\u201d. <\/strong>W tym roku do konkursu zg\u0142oszono 13 wie\u0144c\u00f3w.<\/p>\n<p><a href=\"http:\/\/info.sadowne.pl\/wp-content\/uploads\/2023\/08\/sad935.jpg\"><img loading=\"lazy\" decoding=\"async\" class=\"aligncenter size-full wp-image-28020\" src=\"http:\/\/info.sadowne.pl\/wp-content\/uploads\/2023\/08\/sad935.jpg\" alt=\"\" width=\"602\" height=\"401\" srcset=\"https:\/\/info.sadowne.pl\/wp-content\/uploads\/2023\/08\/sad935.jpg 602w, https:\/\/info.sadowne.pl\/wp-content\/uploads\/2023\/08\/sad935-300x200.jpg 300w\" sizes=\"auto, (max-width: 602px) 100vw, 602px\" \/><\/a><\/p>\n<p style=\"text-align: center;\"><strong>Wie\u0144ce Do\u017cynkowe.<\/strong><\/p>\n<p><strong> <a href=\"http:\/\/info.sadowne.pl\/wp-content\/uploads\/2023\/08\/sad936.jpg\"><img loading=\"lazy\" decoding=\"async\" class=\"aligncenter size-full wp-image-28021\" src=\"http:\/\/info.sadowne.pl\/wp-content\/uploads\/2023\/08\/sad936.jpg\" alt=\"\" width=\"606\" height=\"403\" srcset=\"https:\/\/info.sadowne.pl\/wp-content\/uploads\/2023\/08\/sad936.jpg 606w, https:\/\/info.sadowne.pl\/wp-content\/uploads\/2023\/08\/sad936-300x200.jpg 300w\" sizes=\"auto, (max-width: 606px) 100vw, 606px\" \/><\/a><\/strong><\/p>\n<p style=\"text-align: center;\"><strong>Starostowie Do\u017cynek pa\u0144stwo Katarzyna i Mariusz Sk\u0142adankowie przekazuj\u0105 w\u0142odarzowi Gminy p. <\/strong><strong>Waldemarowi Cyranowi oraz jego ma\u0142\u017conce Katarzynie obrz\u0119dowy chleb.<\/strong><\/p>\n<p><strong> <a href=\"http:\/\/info.sadowne.pl\/wp-content\/uploads\/2023\/08\/sad937.jpg\"><img loading=\"lazy\" decoding=\"async\" class=\"aligncenter size-full wp-image-28022\" src=\"http:\/\/info.sadowne.pl\/wp-content\/uploads\/2023\/08\/sad937.jpg\" alt=\"\" width=\"604\" height=\"403\" srcset=\"https:\/\/info.sadowne.pl\/wp-content\/uploads\/2023\/08\/sad937.jpg 604w, https:\/\/info.sadowne.pl\/wp-content\/uploads\/2023\/08\/sad937-300x200.jpg 300w\" sizes=\"auto, (max-width: 604px) 100vw, 604px\" \/><\/a><\/strong><\/p>\n<p style=\"text-align: center;\"><strong>Andrzej Olton-akordeon, Zbyszek Danaj, Krysia Wetoszka, Piotr Olkowski, Ola Lisiecka, Dorota Olkowska i Bogusia Danaj.<\/strong><\/p>\n<p><strong> <a href=\"http:\/\/info.sadowne.pl\/wp-content\/uploads\/2023\/08\/sad938.jpg\"><img loading=\"lazy\" decoding=\"async\" class=\"aligncenter size-full wp-image-28023\" src=\"http:\/\/info.sadowne.pl\/wp-content\/uploads\/2023\/08\/sad938.jpg\" alt=\"\" width=\"607\" height=\"404\" srcset=\"https:\/\/info.sadowne.pl\/wp-content\/uploads\/2023\/08\/sad938.jpg 607w, https:\/\/info.sadowne.pl\/wp-content\/uploads\/2023\/08\/sad938-300x200.jpg 300w\" sizes=\"auto, (max-width: 607px) 100vw, 607px\" \/><\/a><\/strong><\/p>\n<p style=\"text-align: center;\"><strong>Ola Lisiecka, Dorota Olkowska, Bogusia Danaj, Ela D\u0119bkowska, <\/strong><strong>Tereska Piwek, Jadzia Borowa.<\/strong><\/p>\n<p><strong> <a href=\"http:\/\/info.sadowne.pl\/wp-content\/uploads\/2023\/08\/sad939.jpg\"><img loading=\"lazy\" decoding=\"async\" class=\"aligncenter size-full wp-image-28024\" src=\"http:\/\/info.sadowne.pl\/wp-content\/uploads\/2023\/08\/sad939.jpg\" alt=\"\" width=\"604\" height=\"402\" srcset=\"https:\/\/info.sadowne.pl\/wp-content\/uploads\/2023\/08\/sad939.jpg 604w, https:\/\/info.sadowne.pl\/wp-content\/uploads\/2023\/08\/sad939-300x200.jpg 300w\" sizes=\"auto, (max-width: 604px) 100vw, 604px\" \/><\/a><\/strong><\/p>\n<p style=\"text-align: center;\"><strong>\u00a0<\/strong><strong>Bogusia Danaj, Ela D\u0119bkowska, Tereska Piwek, Tereska Biernat, Ala Bahniuk, Henia Kibart.<\/strong><\/p>\n<p>\u00a0Na zako\u0144czenie Zesp\u00f3\u0142 \u015apiewaczy SADOWIANKI da\u0142 koncert\u00a0 piosenek ze swojego repertuaru.<\/p>\n<p><strong> <a href=\"http:\/\/info.sadowne.pl\/wp-content\/uploads\/2023\/08\/sad940.jpg\"><img loading=\"lazy\" decoding=\"async\" class=\"aligncenter size-full wp-image-28025\" src=\"http:\/\/info.sadowne.pl\/wp-content\/uploads\/2023\/08\/sad940.jpg\" alt=\"\" width=\"188\" height=\"114\" \/><\/a><\/strong><\/p>\n<p style=\"text-align: center;\"><strong>\u00a0<\/strong><span style=\"color: #0000ff;\"><strong>MROZOWA WOLA<\/strong><\/span><\/p>\n<p style=\"text-align: center;\"><strong>5 wrze\u015bnia 2021 roku<\/strong><\/p>\n<p><strong> <a href=\"http:\/\/info.sadowne.pl\/wp-content\/uploads\/2023\/08\/sad941.jpg\"><img loading=\"lazy\" decoding=\"async\" class=\"alignleft size-full wp-image-28026\" src=\"http:\/\/info.sadowne.pl\/wp-content\/uploads\/2023\/08\/sad941.jpg\" alt=\"\" width=\"283\" height=\"128\" \/><\/a><\/strong><\/p>\n<p style=\"text-align: center;\"><strong>\u00a0*<\/strong><\/p>\n<h3 style=\"text-align: center;\"><span style=\"color: #ff0000;\"><em><strong>90. urodziny Jubilata i 65 lat <\/strong><\/em><\/span><\/h3>\n<h3 style=\"text-align: center;\"><span style=\"color: #ff0000;\"><em><strong>w Zwi<\/strong><strong>\u0105<\/strong><strong>zku Ma<\/strong><strong>\u0142\u017c<\/strong><strong>e<\/strong><strong>\u0144<\/strong><strong>skim.<\/strong><\/em><\/span><\/h3>\n<p style=\"text-align: center;\"><strong>\u00a0*<\/strong><\/p>\n<p><em><span style=\"color: #339966;\"><strong>Zesp\u00f3\u0142 \u015bpiewaczy SADOWIANKI <\/strong><\/span><\/em>uczestniczy\u0142 w mszy \u015bwi\u0119tej w kaplicy w Mrozowej Woli z okazji \u015bwi\u0119towania dw\u00f3ch rocznic: 90-te urodziny <strong>pana W\u0142adys\u0142awa Gasto\u0142a<\/strong>, weterana wojennego oraz Jubileusz 65-lecia ma\u0142\u017ce\u0144stwa <strong>Pa\u0144stwa Haliny i W\u0142adys\u0142awa Gasto\u0142\u00f3w.<\/strong><\/p>\n<p>Z okazji tak wielkiego \u015bwi\u0119ta przewodnicz\u0105ca naszego Zespo\u0142u <strong>kol. Krysia Wetoszka <\/strong>z\u0142o\u017cy\u0142a Jubilatom szczere i serdeczne \u017cyczenia wszystkiego najlepszego, aby ka\u017cdy nowy dzie\u0144 dostarcza\u0142 im wielu rado\u015bci, w sercach za\u015b u\u015bmiech go\u015bci\u0142, \u017cyczenia si\u0142 i zdrowia na dalsze lata oraz spe\u0142nienia marze\u0144 ukrytych gdzie\u015b g\u0142\u0119boko w sercach.<\/p>\n<p>Na okoliczno\u015b\u0107 tego pi\u0119knego Jubileuszu <strong>Zesp\u00f3\u0142 Sadowianki <\/strong>przygotowa\u0142 pi\u0119kny koncert, kt\u00f3ry odby\u0142 si\u0119 po mszy \u015bwi\u0119tej.<\/p>\n<p><strong>Koncert sk\u0142ada\u0142 si\u0119 z nast\u0119puj\u0105cych utwor\u00f3w:<\/strong><\/p>\n<ol>\n<li><strong>Sto lat<\/strong><\/li>\n<li><strong>Zagrajcie\u017c mi <\/strong><\/li>\n<li><strong>Gdzie ty jeste\u015b chatko<\/strong><\/li>\n<li><strong>Matka<\/strong><\/li>\n<li><strong>Zagrajcie mi skrzypce<\/strong><\/li>\n<li><strong>Na w\u00f3jtowej roli<\/strong><\/li>\n<li><strong>Jarz\u0119bino czerwona<\/strong><\/li>\n<li><strong>Jakiem si\u0119 zaleca\u0142<\/strong><\/li>\n<li><strong>Bywaj dziewcz\u0119 zdrowe<\/strong><\/li>\n<li><strong>Pierwsza brygada<\/strong><\/li>\n<li><strong>Przybyli u\u0142ani pod okienko<\/strong><\/li>\n<li><strong>O m\u00f3j rozmarynie<\/strong><\/li>\n<li><strong>Maszeruj\u0105 strzelcy<\/strong><\/li>\n<li><strong>Serce w plecaku<\/strong><\/li>\n<li><strong>Moja ty dziewczyno<\/strong><\/li>\n<li><strong>Zagraj mi pi\u0119kny Cyganie<\/strong><\/li>\n<li><strong>Oj, zagraj mi muzyko<\/strong><\/li>\n<li><strong>U jeziora zimna woda<\/strong><\/li>\n<li><strong>Dwana\u015bcie listeczk\u00f3w<\/strong><\/li>\n<li><strong>Kiedy ja m\u0142oda by\u0142am<\/strong><\/li>\n<li><strong>Lata moje m\u0142ode<\/strong><\/li>\n<li><strong>Up\u0142ywa szybko \u017cycie<\/strong><\/li>\n<li><strong>Wszystkiego dobrego <\/strong><\/li>\n<\/ol>\n<p><strong><em><a href=\"http:\/\/info.sadowne.pl\/wp-content\/uploads\/2023\/08\/sad942.jpg\"><img loading=\"lazy\" decoding=\"async\" class=\"aligncenter size-full wp-image-28028\" src=\"http:\/\/info.sadowne.pl\/wp-content\/uploads\/2023\/08\/sad942.jpg\" alt=\"\" width=\"305\" height=\"151\" srcset=\"https:\/\/info.sadowne.pl\/wp-content\/uploads\/2023\/08\/sad942.jpg 305w, https:\/\/info.sadowne.pl\/wp-content\/uploads\/2023\/08\/sad942-300x149.jpg 300w\" sizes=\"auto, (max-width: 305px) 100vw, 305px\" \/><\/a>\u00a0<\/em><\/strong><\/p>\n<p style=\"text-align: center;\"><span style=\"color: #0000ff;\"><strong>SADOWNE \u2013 P\u0141ATKOWNICA<\/strong><\/span><\/p>\n<p style=\"text-align: center;\"><strong>17 wrze\u015bnia 2021 roku\u00a0\u00a0\u00a0 <\/strong><\/p>\n<h2 style=\"text-align: center;\"><span style=\"color: #ff0000;\"><em><strong>MARIANNA\u00a0 BARBARA\u00a0 SZYMANIK<\/strong><\/em><\/span><\/h2>\n<h3 style=\"text-align: center;\"><em><strong>\u2013 <\/strong><\/em><strong>czyli nasza ,,SADOWIANKA\u201d \u2013 Marysia,<\/strong><\/h3>\n<h3 style=\"text-align: center;\"><strong>odesz\u0142a od nas na wieczno\u015b\u0107 po ci\u0119\u017ckiej chorobie.<\/strong><\/h3>\n<p><strong> <a href=\"http:\/\/info.sadowne.pl\/wp-content\/uploads\/2023\/08\/sad943.jpg\"><img loading=\"lazy\" decoding=\"async\" class=\"wp-image-28029 alignleft\" src=\"http:\/\/info.sadowne.pl\/wp-content\/uploads\/2023\/08\/sad943.jpg\" alt=\"\" width=\"172\" height=\"202\" \/><\/a><a href=\"http:\/\/info.sadowne.pl\/wp-content\/uploads\/2023\/08\/sad944.jpg\"><img loading=\"lazy\" decoding=\"async\" class=\"size-full wp-image-28030 alignright\" src=\"http:\/\/info.sadowne.pl\/wp-content\/uploads\/2023\/08\/sad944.jpg\" alt=\"\" width=\"165\" height=\"214\" \/><\/a><\/strong><\/p>\n<p style=\"text-align: center;\"><strong>Marysia <\/strong><\/p>\n<p style=\"text-align: center;\">nale\u017ca\u0142a do <strong>Zespo\u0142u SADOWIANKI<\/strong> w Sadownem, ale r\u00f3wnie\u017c do <strong>Stowarzyszenia Rozwoju Wsi P\u0142atkownica<\/strong>.<\/p>\n<p style=\"text-align: center;\">Ka\u017cdego roku przygotowywa\u0142a przepi\u0119kne wie\u0144ce do\u017cynkowe. Aby wykona\u0107 taki wieniec, nale\u017ca\u0142o wcze\u015bniej zebra\u0107 dorodne k\u0142osy zb\u00f3\u017c oraz zi\u00f3\u0142 i odpowiednio je zasuszy\u0107. Marysia tym si\u0119 zajmowa\u0142a.<\/p>\n<p style=\"text-align: center;\">*<\/p>\n<p>&nbsp;<\/p>\n<p style=\"text-align: center;\"><a href=\"http:\/\/info.sadowne.pl\/wp-content\/uploads\/2023\/08\/sad945.jpg\"><img loading=\"lazy\" decoding=\"async\" class=\"alignleft wp-image-28033\" src=\"http:\/\/info.sadowne.pl\/wp-content\/uploads\/2023\/08\/sad945.jpg\" alt=\"\" width=\"237\" height=\"272\" srcset=\"https:\/\/info.sadowne.pl\/wp-content\/uploads\/2023\/08\/sad945.jpg 301w, https:\/\/info.sadowne.pl\/wp-content\/uploads\/2023\/08\/sad945-262x300.jpg 262w\" sizes=\"auto, (max-width: 237px) 100vw, 237px\" \/><\/a><a href=\"http:\/\/info.sadowne.pl\/wp-content\/uploads\/2023\/08\/sad946.jpg\"><img loading=\"lazy\" decoding=\"async\" class=\"alignright wp-image-28034\" src=\"http:\/\/info.sadowne.pl\/wp-content\/uploads\/2023\/08\/sad946.jpg\" alt=\"\" width=\"238\" height=\"272\" srcset=\"https:\/\/info.sadowne.pl\/wp-content\/uploads\/2023\/08\/sad946.jpg 300w, https:\/\/info.sadowne.pl\/wp-content\/uploads\/2023\/08\/sad946-262x300.jpg 262w\" sizes=\"auto, (max-width: 238px) 100vw, 238px\" \/><\/a>Wie\u0144ce wykonane pod kierownictwem Marysi.<\/p>\n<p style=\"text-align: center;\">W pracy tej pomaga\u0142 jej syn, kt\u00f3ry tworzy\u0142 metalow\u0105 konstrukcj\u0119 oraz p. Joanna i p. Basia, razem wi\u0142y zbo\u017cowe girlandy. Praca ci\u0119\u017cka i d\u0142uga.<\/p>\n<p style=\"text-align: center;\">Wie\u0144ce stanowi\u0142y klasyczn\u0105 form\u0119, a uwite z pszenicy, owsa, pszen\u017cyta, \u017cyta, kwiat\u00f3w i zi\u00f3\u0142 wyr\u00f3\u017cnia\u0142y si\u0119 pi\u0119knem. Wspania\u0142e w swojej znakomito\u015bci reprezentowa\u0142y wie\u015b, gmin\u0119, a nawet region i zawsze wraca\u0142y z nagrodami.<\/p>\n<p><a href=\"http:\/\/info.sadowne.pl\/wp-content\/uploads\/2023\/08\/sad947.jpg\"><img loading=\"lazy\" decoding=\"async\" class=\"aligncenter size-full wp-image-28044\" src=\"http:\/\/info.sadowne.pl\/wp-content\/uploads\/2023\/08\/sad947.jpg\" alt=\"\" width=\"292\" height=\"434\" srcset=\"https:\/\/info.sadowne.pl\/wp-content\/uploads\/2023\/08\/sad947.jpg 292w, https:\/\/info.sadowne.pl\/wp-content\/uploads\/2023\/08\/sad947-202x300.jpg 202w\" sizes=\"auto, (max-width: 292px) 100vw, 292px\" \/><\/a><\/p>\n<p style=\"text-align: center;\"><strong>\u00a0Marysia zbiera k\u0142osy zb\u00f3\u017c.<\/strong><\/p>\n<p style=\"text-align: center;\">Na spotkaniach naszego zespo\u0142u Marysia zawsze by\u0142a pe\u0142na pomys\u0142\u00f3w, dzi\u0119ki jej pracy krawieckiej nasze spektakle by\u0142y barwne i podziwiane przez publiczno\u015b\u0107. Cz\u0119sto odgrywa\u0142a w nich g\u0142\u00f3wn\u0105 rol\u0119. Zachorowa\u0142a.<\/p>\n<p style=\"text-align: center;\">Ci\u0119\u017cka choroba nie pozwoli\u0142a Marysi uczestniczy\u0107 w obecnym roku w spotkaniach SADOWIANEK i pracach przy tworzeniu wie\u0144ca.<\/p>\n<p style=\"text-align: center;\">Panie ze <strong>Stowarzyszenia Rozwoju wsi P\u0142atkownica<\/strong>, podj\u0119\u0142y decyzj\u0119, \u017ce jednak wieniec b\u0119dzie uwity, dedykowany Marysi i zaprezentowany na <strong>Do\u017cynkach Gminno-Parafialnych w Sadownem<\/strong>. A wi\u0119c wykona\u0142y, zaprezentowa\u0142y i otrzyma\u0142y wyr\u00f3\u017cnienie.<\/p>\n<p style=\"text-align: center;\">Niestety \u017cycie ma swoje prawa i dyktuje te\u017c \u015bcie\u017cki, kt\u00f3rymi, chc\u0105c, czy te\u017c nie \u00a0\u2013 \u00a0pod\u0105\u017camy.<\/p>\n<h3 style=\"text-align: center;\"><span style=\"color: #ff0000;\"><strong>20 wrze\u015bnia 2021 roku<\/strong><\/span><\/h3>\n<p style=\"text-align: center;\">podczas \u017ca\u0142obnej mszy \u015bwi\u0119tej po\u017cegnali\u015bmy Marysi\u0119.<\/p>\n<p style=\"text-align: center;\"><strong>OSTATNIE PO\u017bEGNANIE<\/strong><\/p>\n<p style=\"text-align: center;\">Spotkali\u015bmy si\u0119 tu dzisiaj, aby po\u017cegna\u0107 nasz\u0105 kole\u017cank\u0119 <strong>Marysi\u0119.<\/strong><\/p>\n<p style=\"text-align: center;\">Jej odej\u015bcie jest wielkim b\u00f3lem dla nas wszystkich. Trudno zacz\u0105\u0107, cho\u0107 chcia\u0142oby si\u0119 powiedzie\u0107 bardzo wiele, to niestety brakuje s\u0142\u00f3w, poniewa\u017c nic nie wyrazi b\u00f3lu, jaki w nas pozostaje po tej stracie.<\/p>\n<p style=\"text-align: center;\">Cytuj\u0105c <strong>ks. Jana Twardowskiego<\/strong> powiem:<\/p>\n<p style=\"text-align: center;\"><strong>,,Odesz\u0142a\u015b cicho, bez s\u0142\u00f3w po\u017cegnania<\/strong><\/p>\n<p style=\"text-align: center;\"><strong>Jakby\u015b nie chcia\u0142a swym odej\u015bciem smuci\u0107\u2026<\/strong><\/p>\n<p style=\"text-align: center;\"><strong>Jakby\u015b wierzy\u0142a w godzin\u0119 rozstania,<\/strong><\/p>\n<p style=\"text-align: center;\"><strong>\u017be masz niebawem z dobr\u0105 wie\u015bci\u0105 wr\u00f3ci\u0107\u201d.<\/strong><\/p>\n<p style=\"text-align: center;\"><strong>\u00a0<\/strong><\/p>\n<p style=\"text-align: center;\">Tak trudno uwierzy\u0107, \u017ce Ciebie ju\u017c nie ma, \u017ce nie zobaczymy si\u0119 na naszych wsp\u00f3lnych spotkaniach zespo\u0142u SADOWIANKI.<\/p>\n<p style=\"text-align: center;\">Marysiu, my cz\u0142onkowie zespo\u0142u dzi\u0119kujemy Ci za Twoj\u0105 niewymuszon\u0105 obecno\u015b\u0107 w\u015br\u00f3d nas.<\/p>\n<p style=\"text-align: center;\">Za ka\u017cdy gest kole\u017ce\u0144stwa, za Twoj\u0105 pomys\u0142owo\u015b\u0107, czas i prac\u0119, nawet krawieck\u0105, w przygotowywaniu naszych przedstawie\u0144. Niejednokrotnie brakowa\u0142o nam aktor\u00f3w do odegrania pewnych r\u00f3l, ty jak to m\u00f3wi\u0105, szybko za\u0142atwia\u0142a\u015b temat, anga\u017cuj\u0105c swoich najbli\u017cszych cz\u0142onk\u00f3w rodziny.<\/p>\n<p style=\"text-align: center;\">Nikt Ci nie odm\u00f3wi\u0142, poniewa\u017c wszyscy Ci\u0119 kochali i darzyli autorytetem.<\/p>\n<p style=\"text-align: center;\">Dzi\u0119ki Tobie nasze spektakle by\u0142y barwne i bardziej doskona\u0142e. W ka\u017cdej pracy by\u0142a\u015b perfekcjonistk\u0105, poniewa\u017c wk\u0142ada\u0142a\u015b w to ca\u0142e swoje Serce.<\/p>\n<p style=\"text-align: center;\">Pami\u0119ta\u0142a\u015b o wszystkich, o\u00a0 \u017cyj\u0105cych, jak i o zmar\u0142ych. Wci\u0105\u017c mamy przed oczyma Marysi\u0119, zawsze eleganck\u0105, id\u0105c\u0105 lub jad\u0105c\u0105 rowerem na nasze spotkania. Taka pozostaniesz w naszych wspomnieniach.<\/p>\n<p style=\"text-align: center;\">Niestety choroba przysz\u0142a niespodziewanie, niechciana, przekre\u015blaj\u0105c Twoje oraz nasze wsp\u00f3lne plany, pomys\u0142y i marzenia.<\/p>\n<p style=\"text-align: center;\">\u017begnamy Ci\u0119 dzisiaj nasza droga kole\u017canko i przyjaci\u00f3\u0142ko. Ty pewnie teraz \u015bpiewasz i wijesz wie\u0144ce, ale ju\u017c nie dla nas. Mamy nadziej\u0119, \u017ce spotkamy si\u0119 kiedy\u015b na tych niebia\u0144skich scenach i razem co\u015b za\u015bpiewamy.<\/p>\n<p style=\"text-align: center;\">Do tego czasu zawsze b\u0119dziesz \u017cy\u0142a w naszej pami\u0119ci.<\/p>\n<p style=\"text-align: center;\">Spoczywaj w pokoju.<\/p>\n<p><a href=\"http:\/\/info.sadowne.pl\/wp-content\/uploads\/2023\/08\/sad948.jpg\"><img loading=\"lazy\" decoding=\"async\" class=\"aligncenter size-full wp-image-28045\" src=\"http:\/\/info.sadowne.pl\/wp-content\/uploads\/2023\/08\/sad948.jpg\" alt=\"\" width=\"223\" height=\"103\" \/><\/a><\/p>\n<p><strong>\u0179r\u00f3d\u0142o:<\/strong>\u00a0SADOWIANKI, Barbara Wr\u00f3bel, Sadowne 2023<\/p>\n","protected":false},"excerpt":{"rendered":"<p>SADOWNE &#8211; 15 sierpnia 2021 roku.<\/p>\n","protected":false},"author":1,"featured_media":0,"comment_status":"closed","ping_status":"closed","sticky":false,"template":"","format":"standard","meta":{"footnotes":""},"categories":[5,31,1202],"tags":[3952,1218,101,960],"class_list":["post-28014","post","type-post","status-publish","format-standard","hentry","category-newsy","category-historia-gminy","category-zespol-spiewaczy-sadowianki","tag-50-lecie-zespolu-spiewaczego-sadowianki","tag-barbara-wrobel","tag-historia-gminy-sadowne","tag-zespol-spiewaczy-sadowianki"],"views":1782,"_links":{"self":[{"href":"https:\/\/info.sadowne.pl\/index.php?rest_route=\/wp\/v2\/posts\/28014","targetHints":{"allow":["GET"]}}],"collection":[{"href":"https:\/\/info.sadowne.pl\/index.php?rest_route=\/wp\/v2\/posts"}],"about":[{"href":"https:\/\/info.sadowne.pl\/index.php?rest_route=\/wp\/v2\/types\/post"}],"author":[{"embeddable":true,"href":"https:\/\/info.sadowne.pl\/index.php?rest_route=\/wp\/v2\/users\/1"}],"replies":[{"embeddable":true,"href":"https:\/\/info.sadowne.pl\/index.php?rest_route=%2Fwp%2Fv2%2Fcomments&post=28014"}],"version-history":[{"count":14,"href":"https:\/\/info.sadowne.pl\/index.php?rest_route=\/wp\/v2\/posts\/28014\/revisions"}],"predecessor-version":[{"id":28047,"href":"https:\/\/info.sadowne.pl\/index.php?rest_route=\/wp\/v2\/posts\/28014\/revisions\/28047"}],"wp:attachment":[{"href":"https:\/\/info.sadowne.pl\/index.php?rest_route=%2Fwp%2Fv2%2Fmedia&parent=28014"}],"wp:term":[{"taxonomy":"category","embeddable":true,"href":"https:\/\/info.sadowne.pl\/index.php?rest_route=%2Fwp%2Fv2%2Fcategories&post=28014"},{"taxonomy":"post_tag","embeddable":true,"href":"https:\/\/info.sadowne.pl\/index.php?rest_route=%2Fwp%2Fv2%2Ftags&post=28014"}],"curies":[{"name":"wp","href":"https:\/\/api.w.org\/{rel}","templated":true}]}}