{"id":28050,"date":"2023-08-20T18:40:05","date_gmt":"2023-08-20T16:40:05","guid":{"rendered":"http:\/\/info.sadowne.pl\/?p=28050"},"modified":"2023-08-20T19:10:25","modified_gmt":"2023-08-20T17:10:25","slug":"ix-szostka-w-raznach","status":"publish","type":"post","link":"https:\/\/info.sadowne.pl\/?p=28050","title":{"rendered":"IX \u201eSz\u00f3stka\u201d w Ra\u017cnach"},"content":{"rendered":"<p><a href=\"http:\/\/info.sadowne.pl\/wp-content\/uploads\/2023\/08\/2023.08.20.1.jpg\" target=\"_blank\" rel=\"noopener\"><img loading=\"lazy\" decoding=\"async\" class=\"alignleft wp-image-28051 size-thumbnail\" src=\"http:\/\/info.sadowne.pl\/wp-content\/uploads\/2023\/08\/2023.08.20.1-180x130.jpg\" alt=\"\" width=\"180\" height=\"130\" \/><\/a><\/p>\n<p><strong>Dziewi\u0105ta \u201eNadbu\u017ca\u0144ska Sz\u00f3stka\u201d ju\u017c po raz trzeci odby\u0142a si\u0119 w Ra\u017cnach. <\/strong><!--more--><\/p>\n<p>W niedziel\u0119 20 sierpnia 2023 r. w m. Ra\u017cny odby\u0142 si\u0119 IX Bieg pn. \u201eNadbu\u017ca\u0144ska Sz\u00f3stka\u201d. Met\u0119 biegu pierwszy przekroczy\u0142 Grzegorz \u015awi\u0119to\u0144 ze Strachowa z czasem 00:24:24.95.<\/p>\n<p>Organizatorami Biegu byli: Gmina Sadowne, Gminny O\u015brodek Kultury w Sadownem, Klub Sportowy \u201eWicher\u201d Sadowne i So\u0142ectwo Ra\u017cny. Zadanie zosta\u0142o dofinansowane ze \u015brodk\u00f3w Samorz\u0105du Wojew\u00f3dztwa Mazowieckiego i wspar\u0142 je r\u00f3wnie\u017c sklep BODZON-FODDER z Sadownego. Imprez\u0119 sportow\u0105 patronatem medialnym obj\u0105\u0142 Portal INFO Sadowne. Elektronicznym pomiarem czasu zaj\u0119\u0142a si\u0119 Firma ChipTiming.pl.<\/p>\n<p>Tegoroczna \u201eNadbu\u017ca\u0144ska Sz\u00f3stka\u201d zgromadzi\u0142a na ponad sze\u015bciokilometrowej (6,7 km) trasie 43. biegaczy i 11. mi\u0142o\u015bnik\u00f3w spacer\u00f3w z kijkami. \u00a0Zawodnik\u00f3w i kibic\u00f3w powita\u0142, jak co roku, p. Tadeusz Danaj z Klubu Sportowego \u201eWicher\u201d Sadowne oraz Zast\u0119pca W\u00f3jta Gminy Sadowne p. Marcin Gr\u0119da, po czym na tras\u0119 wyruszyli zawodnicy marszu nordic walking, a kilka minut po nich &#8211; biegacze.<\/p>\n<p>Po uko\u0144czeniu zawod\u00f3w przez doros\u0142ych, Organizatorzy zagospodarowali te\u017c wolny czas dzieciakom poprzez ich udzia\u0142 w biegu na 800 m. w okolicach startu\/mety. W tym biegu wystartowa\u0142o trzydziestu zawodnik\u00f3w w wieku do 8-miu lat &#8211; wszyscy zawodnicy przekroczyli lini\u0119 mety i wszystkich uznano za zwyci\u0119zc\u00f3w biegu. Zostali uhonorowani medalami i otrzymali nagrody z r\u0105k Organizator\u00f3w.<\/p>\n<p>Na mecie wszystkich ko\u0144cz\u0105cych bieg g\u0142\u00f3wny i marsz nordic walking uhonorowano okoliczno\u015bciowymi medalami.<\/p>\n<p><strong>Ostateczna i oficjalna klasyfikacja zawod\u00f3w przedstawia si\u0119 nast\u0119puj\u0105co:<\/strong><\/p>\n<p><span style=\"color: #ff0000;\"><strong>BIEG<\/strong><\/span><\/p>\n<p><strong>Kobiety OPEN<\/strong><\/p>\n<p>I miejsce \u2013 Ewa Grybo\u015b, Warszawa, 00:31:13.45<\/p>\n<p>II miejsce \u2013 Katarzyna \u015aledziewska, Stary Luboty\u0144, 00:32:19.56<\/p>\n<p>III miejsce \u2013 Justyna Owsianko, Strach\u00f3wka, 00:37:00.55<\/p>\n<p><strong>Kobiety (16 \u2013 40 lat)<\/strong><\/p>\n<p>I miejsce \u2013 Ewa Grybo\u015b, Warszawa, 00:31:13.45<\/p>\n<p>II miejsce \u2013 Katarzyna \u015aledziewska, Stary Luboty\u0144, 00:32:19.56<\/p>\n<p>III miejsce \u2013 Justyna Owsianko, Strach\u00f3wka, 00:37:00.55<\/p>\n<p><strong>Kobiety (lat 41+)<\/strong><\/p>\n<p>I miejsce \u2013 Lidia Szymanik, Bra\u0144szczyk, 00:39:23.51<\/p>\n<p>II miejsce \u2013 Iwona Kochman, Warszawa, 00:45:43.34<\/p>\n<p><span style=\"color: #ff0000;\"><strong>BIEG<\/strong><\/span><\/p>\n<p><strong>M\u0119\u017cczy\u017ani OPEN<\/strong><\/p>\n<p>I miejsce \u2013 Grzegorz \u015awi\u0119to\u0144, Strach\u00f3w, 00:24:24.95<\/p>\n<p>II miejsce \u2013 Tomasz Stelmach, Przew\u00f3z Nurski, 00:25:07.06<\/p>\n<p>III miejsce \u2013 Radek Gozdek, Warszawa, 00:27:04.57<\/p>\n<p><strong>M\u0119\u017cczy\u017ani (16 \u2013 40 lat)<\/strong><\/p>\n<p>I miejsce \u2013 Marcin Tyszka, P\u0142atkownica, 00:28:13.17<\/p>\n<p>II miejsce \u2013 Maciej Szymanik, Sadowne, 00:28:18.29<\/p>\n<p>III miejsce \u2013 Patryk \u015awi\u0119tochowski, Mi\u0144sk Mazowiecki, 00:28:50.81<\/p>\n<p><strong>M\u0119\u017cczy\u017ani (lat 41+)<\/strong><\/p>\n<p>I miejsce \u2013 Grzegorz \u015awi\u0119to\u0144 (Strach\u00f3w), 00:24:24.95<\/p>\n<p>II miejsce \u2013 Tomasz Stelmach, Przew\u00f3z Nurski, 00:25:07.06<\/p>\n<p>III miejsce \u2013 Radek Gozdek, Warszawa, 00:27:04.57<\/p>\n<p><span style=\"color: #ff0000;\"><strong>Kobiety \u2013 Nordic Walking <\/strong><\/span><\/p>\n<p>I miejsce \u2013 Magdalena Wysocka, Sk\u00f3rzec, 00:46:28.15<\/p>\n<p>II miejsce \u2013 Agata S\u0119dek, Sadowne, 00:53:47.14<\/p>\n<p>III miejsce \u2013 Barbara Waloryszak, Radzymin, 01:00:55.49<\/p>\n<p><span style=\"color: #ff0000;\"><strong>M\u0119\u017cczy\u017ani \u2013 Nordic Walking <\/strong><\/span><\/p>\n<p>I miejsce \u2013 Pawe\u0142 Kowalik, Komar\u00f3wka Podlaska, 00:42:15.76<\/p>\n<p>II miejsce \u2013 Rados\u0142aw Wypych, Legionowo, 00:44:21.30<\/p>\n<p>III miejsce \u2013 Marcin Brewczy\u0144ski, \u0141yse, 00:44:59.87<\/p>\n<p><strong>Szczeg\u00f3\u0142owe wyniki na stronie\u00a0 <span style=\"color: #0000ff;\"><a style=\"color: #0000ff;\" href=\"http:\/\/www.chiptiming.pl\/pl\/zawody_szczegoly\/IX-Nadbuzanska-Szostka\" target=\"_blank\" rel=\"noopener\">http:\/\/www.chiptiming.pl\/pl\/zawody_szczegoly\/IX-Nadbuzanska-Szostka<\/a><\/span>.<\/strong><\/p>\n<p><strong>Puchary zwyci\u0119zcom Biegu w poszczeg\u00f3lnych kategoriach wr\u0119czali przedstawiciele Organizator\u00f3w:<\/strong>\u00a0p. Marcin Gr\u0119da \u2013 Zast\u0119pca W\u00f3jta Gminy Sadowne, p. Ewa Pi\u00f3rkowska \u2013 Dyrektor Gminnego O\u015brodka Kultury w Sadowne i p. Marek Zas\u0142ona \u2013 so\u0142tys wsi Ra\u017cny.<\/p>\n<p>Po pocz\u0119stunku przygotowanym dla zawodnik\u00f3w przez Gminny O\u015brodek Kultury w Sadownem Ko\u0142o Gospody\u0144 Wiejskich w Ra\u017cnach, tradycyjnie rozlosowano w\u015br\u00f3d uczestnik\u00f3w drobne upominki, kt\u00f3re zasponsorowali Organizatorzy.<\/p>\n<p>W imieniu Organizator\u00f3w ju\u017c teraz zapraszamy na przysz\u0142oroczny X Bieg pn. \u201eNadbu\u017ca\u0144ska Sz\u00f3stka\u201d, kt\u00f3ry odb\u0119dzie si\u0119 w Ra\u017cnach pod koniec sierpnia 2024 roku.<\/p>\n<p><strong>Organizatorzy dzi\u0119kuj\u0105<\/strong> pracownikom Gminnego O\u015brodka Kultury w Sadownem za przygotowanie posi\u0142ku oraz obs\u0142ug\u0119 ca\u0142ej imprezy, so\u0142tysowi wsi Ra\u017cny p. Markowi Zas\u0142onie, KGW w Ra\u017cnach oraz druhom OSP Zalesie za pomoc w organizacji i zabezpieczeniu tej imprezy sportowej, a Samorz\u0105dowi Wojew\u00f3dztwa Mazowieckiego i sklepowi Bodzon-Fodder za wsparcie finansowe.<\/p>\n<p><span style=\"color: #0000ff;\"><a style=\"color: #0000ff;\" href=\"https:\/\/photos.app.goo.gl\/LRqcAxZmxG4MTy7c7\" target=\"_blank\" rel=\"noopener\"><strong>Zdj\u0119cia w Galerii Google&gt;&gt;&gt;<\/strong><\/a><\/span><\/p>\n<p><strong>Tekst\/foto:\u00a0S\u0142awek Chyli\u0144ski<\/strong><\/p>\n","protected":false},"excerpt":{"rendered":"<p>Dziewi\u0105ta \u201eNadbu\u017ca\u0144ska Sz\u00f3stka\u201d ju\u017c po raz trzeci odby\u0142a si\u0119 w Ra\u017cnach.<\/p>\n","protected":false},"author":1,"featured_media":0,"comment_status":"closed","ping_status":"closed","sticky":false,"template":"","format":"standard","meta":{"footnotes":""},"categories":[5,2135,3627,7],"tags":[1827,169,4007,3043,4014,3820],"class_list":["post-28050","post","type-post","status-publish","format-standard","hentry","category-newsy","category-bieganie","category-nordic-walking","category-sport","tag-gmina-sadowne","tag-gminny-osrodek-kultury-w-sadownem","tag-ix-bieg-i-marsz-nordic-walkin-nadbuzanska-szostka-w-raznach","tag-samorzad-wojewodztwa-mazowieckiego","tag-sklep-bodzon-fooder","tag-solectwo-razny"],"views":2393,"_links":{"self":[{"href":"https:\/\/info.sadowne.pl\/index.php?rest_route=\/wp\/v2\/posts\/28050","targetHints":{"allow":["GET"]}}],"collection":[{"href":"https:\/\/info.sadowne.pl\/index.php?rest_route=\/wp\/v2\/posts"}],"about":[{"href":"https:\/\/info.sadowne.pl\/index.php?rest_route=\/wp\/v2\/types\/post"}],"author":[{"embeddable":true,"href":"https:\/\/info.sadowne.pl\/index.php?rest_route=\/wp\/v2\/users\/1"}],"replies":[{"embeddable":true,"href":"https:\/\/info.sadowne.pl\/index.php?rest_route=%2Fwp%2Fv2%2Fcomments&post=28050"}],"version-history":[{"count":5,"href":"https:\/\/info.sadowne.pl\/index.php?rest_route=\/wp\/v2\/posts\/28050\/revisions"}],"predecessor-version":[{"id":28053,"href":"https:\/\/info.sadowne.pl\/index.php?rest_route=\/wp\/v2\/posts\/28050\/revisions\/28053"}],"wp:attachment":[{"href":"https:\/\/info.sadowne.pl\/index.php?rest_route=%2Fwp%2Fv2%2Fmedia&parent=28050"}],"wp:term":[{"taxonomy":"category","embeddable":true,"href":"https:\/\/info.sadowne.pl\/index.php?rest_route=%2Fwp%2Fv2%2Fcategories&post=28050"},{"taxonomy":"post_tag","embeddable":true,"href":"https:\/\/info.sadowne.pl\/index.php?rest_route=%2Fwp%2Fv2%2Ftags&post=28050"}],"curies":[{"name":"wp","href":"https:\/\/api.w.org\/{rel}","templated":true}]}}