{"id":28063,"date":"2023-08-21T17:09:39","date_gmt":"2023-08-21T15:09:39","guid":{"rendered":"http:\/\/info.sadowne.pl\/?p=28063"},"modified":"2023-08-21T17:09:39","modified_gmt":"2023-08-21T15:09:39","slug":"350-km-przebiegl-w-piecdziesiat-dwie-godziny-czy-to-mozliwe","status":"publish","type":"post","link":"https:\/\/info.sadowne.pl\/?p=28063","title":{"rendered":"350 km przebieg\u0142 w pi\u0119\u0107dziesi\u0105t dwie godziny! Czy to mo\u017cliwe?"},"content":{"rendered":"<p><a href=\"http:\/\/info.sadowne.pl\/wp-content\/uploads\/2023\/08\/2023.08.21.1.jpg\" target=\"_blank\" rel=\"noopener\"><img loading=\"lazy\" decoding=\"async\" class=\"alignleft wp-image-28064 size-thumbnail\" src=\"http:\/\/info.sadowne.pl\/wp-content\/uploads\/2023\/08\/2023.08.21.1-180x130.jpg\" alt=\"\" width=\"180\" height=\"130\" \/><\/a><\/p>\n<p><strong>Tak, to mo\u017cliwe. S\u0105 biegacze, kt\u00f3rzy pokonuj\u0105 takie dystanse prawie bez odpoczynku. No, \u201ejednak odpoczynek w trakcie musi by\u0107\u201d \u2013 twierdzi rekordzista, Patryk \u015awi\u0119tochowski. A jak d\u0142ugi? 20 minut \u2013 dodaje Patryk.<\/strong><!--more--><\/p>\n<p><strong>M\u0142ody biegacz, ale z du\u017cym dorobkiem sportowym, skromny, osiemnastoletni mi\u0144szczanin, Patryk \u015awi\u0119tochowski<\/strong>, kt\u00f3rego znamy ze start\u00f3w w biegach na terenie gminy Sadowne, niedawno wzi\u0105\u0142 udzia\u0142 w imprezie Sowi Backyard Ultra w Bielawie. Zwyci\u0119\u017cy\u0142 z niesamowitym wynikiem 348,712 km w 52 godziny, co jest nowym rekordem Polski kategorii open i \u015bwiata U23.<\/p>\n<p>Zawodnik bior\u0105cy udzia\u0142 w zawodach typu\u00a0 Backyard Ultra ma za zadanie pokona\u0107 6706 metr\u00f3w w czasie kr\u00f3tszym ni\u017c jedna godzina. Wtedy mo\u017ce przyst\u0105pi\u0107 do kolejnej p\u0119tli. Wygrywa ten, kto mieszcz\u0105c si\u0119 w ramach czasowych, zaliczy najwi\u0119ksz\u0105 liczb\u0119 okr\u0105\u017ce\u0144. Nowy rekord Patryka jest poprawiony o 7 godzin wzgl\u0119dem ostatnich zawod\u00f3w na \u0141otwie, a zarazem jest to rekord \u015bwiata w kategorii U23.<\/p>\n<p>Patryk m\u00f3wi, \u017ce jest bardzo zadowolony z tego wyniku, tym bardziej, \u017ce zosta\u0142 on uzyskany na nie\u0142atwej trasie, ale\u2026 czuje pewien niedosyt, gdy\u017c zabrak\u0142o tylko czterech okr\u0105\u017ce\u0144 do uzyskania aktualnego minimum na odbywaj\u0105ce si\u0119 w pa\u017adzierniku indywidualne Mistrzostwa \u015awiata w USA.<\/p>\n<p>Nic jednak straconego, przed Patrykiem kolejne zawody i zapewne kolejne sukcesy, bo jest skromny, ale zawzi\u0119ty i ci\u0105gle pracuje nad sob\u0105. Twierdzi, \u017ce jedynym sposobem, by odkry\u0107 granice mo\u017cliwo\u015bci, to przekroczy\u0107 je i si\u0119gn\u0105\u0107 po niemo\u017cliwe. To prawda i ca\u0142a prawda\u2026 Potwierdzi to ka\u017cdy sportowiec.<\/p>\n<p><strong>Sk\u0105d ten artyku\u0142 o Patryku?<\/strong> Jest sta\u0142ym bywalcem zawod\u00f3w biegowych na naszym terenie. Wzi\u0105\u0142 kilka razy udzia\u0142 w organizowanych u nas biegach, zar\u00f3wno w \u201eBiegu ku czci b\u0142. ks. E. Grzyma\u0142y\u201d, jak i w \u201eNadbu\u017ca\u0144skiej Sz\u00f3stce\u201d. Powiedzmy wprost: gdy startowa\u0142, to zawsze wywalczy\u0142 miejsce na podium. Oto troch\u0119 danych z naszego archiwum:<\/p>\n<ul>\n<li>Rok 2020 \u2013 \u201eNadbu\u017ca\u0144ska Sz\u00f3stka\u201d, Wilczog\u0119by, kategoria m\u0119\u017cczy\u017ani (16 \u2013 35 lat) &#8211; III miejsce \u2013 Patryk \u015awi\u0119tochowski (MKB Dreptak), czas 00:23:49.02 (6 km)<\/li>\n<li>Rok 2021 \u2013 \u201eBieg Grzyma\u0142y\u201d, Sadowne, kategoria m\u0119\u017cczy\u017ani (16 \u2013 29 lat) &#8211; I miejsce \u2013 Patryk \u015awi\u0119tochowski, czas 00:40:16.88 (10 km)<\/li>\n<li>Rok 2021 \u2013 \u201eNadbu\u017ca\u0144ska Sz\u00f3stka\u201d, Ra\u017cny, kategoria m\u0119\u017cczy\u017ani (16 \u2013 35 lat) &#8211; II miejsce \u2013 Patryk \u015awi\u0119tochowski (Mi\u0144sk Mazowiecki), czas 00:26:02.30 (6,7 km)<\/li>\n<li>Rok 2022 \u2013 \u201eBieg Grzyma\u0142y\u201d, Sadowne, kategoria m\u0119\u017cczy\u017ani (16 \u2013 29 lat) &#8211; II miejsce \u2013 Patryk \u015awi\u0119tochowski, czas 00:40:43.94 (10 km)<\/li>\n<li>Rok 2022 \u2013 \u201eNadbu\u017ca\u0144ska Sz\u00f3stka\u201d, Ra\u017cny, kategoria m\u0119\u017cczy\u017ani OPEN &#8211; II miejsce \u2013 Patryk \u015awi\u0119tochowski (Mi\u0144sk Mazowiecki), czas 00:26:28.88 (6,7 km); kategoria m\u0119\u017cczy\u017ani (16 \u2013 35 lat) &#8211; I miejsce \u2013 Patryk \u015awi\u0119tochowski (Mi\u0144sk Mazowiecki), czas 00:26:28.88<\/li>\n<li>Rok 2023 \u2013 \u201eNadbu\u017ca\u0144ska Sz\u00f3stka\u201d, Ra\u017cny, kategoria m\u0119\u017cczy\u017ani (16 \u2013 40 lat) &#8211; III miejsce \u2013 Patryk \u015awi\u0119tochowski, Mi\u0144sk Mazowiecki, czas 00:28:50.81 (6,7 km)<\/li>\n<\/ul>\n<p>Wiadomo\u015bci o sukcesach Patryka szybko si\u0119 rozchodz\u0105, zw\u0142aszcza w\u015br\u00f3d braci sportowej, dlatego te\u017c p. Ryszard Warda, biegaj\u0105cy zawodnik naszego \u201eWichra\u201d, korzystaj\u0105c z obecno\u015bci rekordzisty podczas ostatnich zawod\u00f3w \u201eNadbu\u017ca\u0144ska Sz\u00f3stka\u201d, kt\u00f3re odby\u0142y si\u0119 20 sierpnia 2023 roku w Ra\u017cnach, postanowi\u0142 przeprowadzi\u0107 z nim kr\u00f3tki wywiad.<\/p>\n<p>Na wst\u0119pie: dlaczego przyje\u017cd\u017ca do nas? \u2013 bo lubi te okolice i nasze zawody. <strong>Zobaczmy i pos\u0142uchajmy, co jeszcze powiedzia\u0142 Patryk\u2026<\/strong><\/p>\n<p><iframe loading=\"lazy\" title=\"YouTube video player\" src=\"https:\/\/www.youtube.com\/embed\/Ja7UZN48JU0\" width=\"560\" height=\"315\" frameborder=\"0\" allowfullscreen=\"allowfullscreen\"><\/iframe><\/p>\n<p><strong>Tekst\/foto:<\/strong> S\u0142awek Chyli\u0144ski<\/p>\n<p><strong>\u0179r\u00f3d\u0142a:<\/strong><\/p>\n<p>www.tygodniksiedlecki.com<\/p>\n<p>www.minskmaz.com<\/p>\n","protected":false},"excerpt":{"rendered":"<p>Tak, to mo\u017cliwe. S\u0105 biegacze, kt\u00f3rzy pokonuj\u0105 takie dystanse prawie bez odpoczynku. No, \u201ejednak odpoczynek w trakcie musi by\u0107\u201d \u2013 twierdzi rekordzista, Patryk \u015awi\u0119tochowski. A jak d\u0142ugi? 20 minut \u2013 dodaje Patryk.<\/p>\n","protected":false},"author":1,"featured_media":0,"comment_status":"closed","ping_status":"closed","sticky":false,"template":"","format":"standard","meta":{"footnotes":""},"categories":[5,2135,7],"tags":[],"class_list":["post-28063","post","type-post","status-publish","format-standard","hentry","category-newsy","category-bieganie","category-sport"],"views":1828,"_links":{"self":[{"href":"https:\/\/info.sadowne.pl\/index.php?rest_route=\/wp\/v2\/posts\/28063","targetHints":{"allow":["GET"]}}],"collection":[{"href":"https:\/\/info.sadowne.pl\/index.php?rest_route=\/wp\/v2\/posts"}],"about":[{"href":"https:\/\/info.sadowne.pl\/index.php?rest_route=\/wp\/v2\/types\/post"}],"author":[{"embeddable":true,"href":"https:\/\/info.sadowne.pl\/index.php?rest_route=\/wp\/v2\/users\/1"}],"replies":[{"embeddable":true,"href":"https:\/\/info.sadowne.pl\/index.php?rest_route=%2Fwp%2Fv2%2Fcomments&post=28063"}],"version-history":[{"count":1,"href":"https:\/\/info.sadowne.pl\/index.php?rest_route=\/wp\/v2\/posts\/28063\/revisions"}],"predecessor-version":[{"id":28065,"href":"https:\/\/info.sadowne.pl\/index.php?rest_route=\/wp\/v2\/posts\/28063\/revisions\/28065"}],"wp:attachment":[{"href":"https:\/\/info.sadowne.pl\/index.php?rest_route=%2Fwp%2Fv2%2Fmedia&parent=28063"}],"wp:term":[{"taxonomy":"category","embeddable":true,"href":"https:\/\/info.sadowne.pl\/index.php?rest_route=%2Fwp%2Fv2%2Fcategories&post=28063"},{"taxonomy":"post_tag","embeddable":true,"href":"https:\/\/info.sadowne.pl\/index.php?rest_route=%2Fwp%2Fv2%2Ftags&post=28063"}],"curies":[{"name":"wp","href":"https:\/\/api.w.org\/{rel}","templated":true}]}}