{"id":28153,"date":"2023-09-07T12:14:53","date_gmt":"2023-09-07T10:14:53","guid":{"rendered":"http:\/\/info.sadowne.pl\/?p=28153"},"modified":"2023-09-07T12:35:46","modified_gmt":"2023-09-07T10:35:46","slug":"wojna-1920-roku","status":"publish","type":"post","link":"https:\/\/info.sadowne.pl\/?p=28153","title":{"rendered":"WOJNA 1920 ROKU"},"content":{"rendered":"<p><strong><a href=\"http:\/\/info.sadowne.pl\/wp-content\/uploads\/2023\/09\/Brok142.jpg\" target=\"_blank\" rel=\"noopener\"><img loading=\"lazy\" decoding=\"async\" class=\"alignleft wp-image-28154 size-thumbnail\" src=\"http:\/\/info.sadowne.pl\/wp-content\/uploads\/2023\/09\/Brok142-180x130.jpg\" alt=\"\" width=\"180\" height=\"130\" \/><\/a>W MA\u0141KINI \u017bO\u0141NIERZ POLSKI \u201ePOWSTA\u0141 Z KOLAN\u201d, A W WALKACH W REJONIE BROKU, SADOWNEGO, PROSTYNI, TREBLINKI I KOSOWA POTWIERDZI\u0141 WYSOKIE MORALE I WOL\u0118 WALKI.<\/strong><!--more--><\/p>\n<p>Wojna 1920 roku i bohaterskie wydarzenia z tamtego okresu w rejonie Ma\u0142kini, Broku, Sadownego, Prostyni, Treblinki czy Kosowa i Telak s\u0105 stosunkowo ma\u0142o znane i domagaj\u0105 si\u0119 ci\u0105gle szerszej popularyzacji. Walki na Przedmo\u015bciu Ma\u0142kinia i przycz\u00f3\u0142ku mostowym w Broku to \u017co\u0142nierski przyk\u0142ad wysokiego morale, woli walki, zaufania do dow\u00f3dc\u00f3w i g\u0142\u0119bokiej wiary w s\u0142uszno\u015b\u0107 sprawy. To niemal unikatowy przyk\u0142ad podtrzymywania na duchu tych, kt\u00f3rzy ju\u017c zw\u0105tpili.<\/p>\n<p>W Ma\u0142kini \u017co\u0142nierz polski powsta\u0142 z kolan. Potwierdzi\u0142 swoj\u0105 warto\u015b\u0107 w ca\u0142odziennych bojach w dniu 08 sierpnia w rejonie Broku, Sadownego, Prostyni, Treblinki i Kosowa. \u201eZ rado\u015bci\u0105 stwierdzam, \u017ce t\u0119\u017cyzna i duch w armii podnosi si\u0119. \u015awiadcz\u0105 o tym chlubne akcje wypadowe pod Ma\u0142kini\u0105 i Brokiem\u201d. Tak pisa\u0142 w sierpniu 1920 roku w swoim rozkazie do wojsk no. 3889\/III dow\u00f3dca 1 Armii Wojska Polskiego, genera\u0142 porucznik Andrzejewski po walkach na \u201ePrzedmo\u015bciu Ma\u0142kinia\u201d i \u201ePrzycz\u00f3\u0142ku Brokowskim\u201d, gdzie polski \u017co\u0142nierz \u201epodni\u00f3s\u0142 si\u0119 z kolan\u201d. Jak dosz\u0142o do tego, \u017ce rozbijane i wycofuj\u0105ce si\u0119 od tygodni oddzia\u0142y polskie zdoby\u0142y si\u0119 na ten wyczyn, o kt\u00f3rym pisa\u0142a ca\u0142a Europa i niemal ca\u0142y \u015bwiat, atakuj\u0105c i zmuszaj\u0105c do obrony zwyci\u0119skie do tej pory oddzia\u0142y Armii Czerwonej. Jakie znaczenie w tych walkach odegra\u0142a stacja w Ziele\u0144cu i kolejarze z tej stacji? Dlaczego tak uporczywie toczono walki w rejonie Treblinki, Poniatowa, Prostyni, Sadownego czy Kosowa w dniu 08 i 09 sierpnia, traktuje poni\u017csze opracowanie.<\/p>\n<p><strong>Wi\u0119cej na stronie <span style=\"color: #0000ff;\"><a style=\"color: #0000ff;\" href=\"https:\/\/madzelan.cba.pl\/wojna-1920-roku-w-malkini-zolnierz-polski-powstal-z-kolan-a-w-walkach-w-rejonie-broku-sadownego-prostyni-treblinki-i-kosowa-potwierdzil-wysokie-morale-i-wole-walki\/\" target=\"_blank\" rel=\"noopener\">https:\/\/madzelan.cba.pl\/wojna-1920-roku-w-malkini-zolnierz-polski-powstal-z-kolan-a-w-walkach-w-rejonie-broku-sadownego-prostyni-treblinki-i-kosowa-potwierdzil-wysokie-morale-i-wole-walki\/<\/a><\/span><\/strong><\/p>\n","protected":false},"excerpt":{"rendered":"<p>W MA\u0141KINI \u017bO\u0141NIERZ POLSKI \u201ePOWSTA\u0141 Z KOLAN\u201d, A W WALKACH W REJONIE BROKU, SADOWNEGO, PROSTYNI, TREBLINKI I KOSOWA POTWIERDZI\u0141 WYSOKIE MORALE I WOL\u0118 WALKI.<\/p>\n","protected":false},"author":1,"featured_media":0,"comment_status":"closed","ping_status":"closed","sticky":false,"template":"","format":"standard","meta":{"footnotes":""},"categories":[5,3436,31],"tags":[101,3004,2956,4015],"class_list":["post-28153","post","type-post","status-publish","format-standard","hentry","category-newsy","category-opowiesci-historie-legendy-brokowskie-i-nie-tylko","category-historia-gminy","tag-historia-gminy-sadowne","tag-jerzy-madzelan","tag-opowiesci-historie-legendy-brokowskie-i-nie-tylko","tag-wojna-1920"],"views":1615,"_links":{"self":[{"href":"https:\/\/info.sadowne.pl\/index.php?rest_route=\/wp\/v2\/posts\/28153","targetHints":{"allow":["GET"]}}],"collection":[{"href":"https:\/\/info.sadowne.pl\/index.php?rest_route=\/wp\/v2\/posts"}],"about":[{"href":"https:\/\/info.sadowne.pl\/index.php?rest_route=\/wp\/v2\/types\/post"}],"author":[{"embeddable":true,"href":"https:\/\/info.sadowne.pl\/index.php?rest_route=\/wp\/v2\/users\/1"}],"replies":[{"embeddable":true,"href":"https:\/\/info.sadowne.pl\/index.php?rest_route=%2Fwp%2Fv2%2Fcomments&post=28153"}],"version-history":[{"count":3,"href":"https:\/\/info.sadowne.pl\/index.php?rest_route=\/wp\/v2\/posts\/28153\/revisions"}],"predecessor-version":[{"id":28157,"href":"https:\/\/info.sadowne.pl\/index.php?rest_route=\/wp\/v2\/posts\/28153\/revisions\/28157"}],"wp:attachment":[{"href":"https:\/\/info.sadowne.pl\/index.php?rest_route=%2Fwp%2Fv2%2Fmedia&parent=28153"}],"wp:term":[{"taxonomy":"category","embeddable":true,"href":"https:\/\/info.sadowne.pl\/index.php?rest_route=%2Fwp%2Fv2%2Fcategories&post=28153"},{"taxonomy":"post_tag","embeddable":true,"href":"https:\/\/info.sadowne.pl\/index.php?rest_route=%2Fwp%2Fv2%2Ftags&post=28153"}],"curies":[{"name":"wp","href":"https:\/\/api.w.org\/{rel}","templated":true}]}}