{"id":28171,"date":"2023-09-11T15:03:41","date_gmt":"2023-09-11T13:03:41","guid":{"rendered":"http:\/\/info.sadowne.pl\/?p=28171"},"modified":"2023-09-11T19:55:26","modified_gmt":"2023-09-11T17:55:26","slug":"piknik-ekologiczny-w-sadownem-za-nami","status":"publish","type":"post","link":"https:\/\/info.sadowne.pl\/?p=28171","title":{"rendered":"Piknik Ekologiczny w Sadownem za nami\u2026"},"content":{"rendered":"<p><a href=\"http:\/\/info.sadowne.pl\/wp-content\/uploads\/2023\/09\/2023.09.11.1.jpg\" target=\"_blank\" rel=\"noopener\"><img loading=\"lazy\" decoding=\"async\" class=\"alignleft wp-image-28172 size-thumbnail\" src=\"http:\/\/info.sadowne.pl\/wp-content\/uploads\/2023\/09\/2023.09.11.1-180x130.jpg\" alt=\"\" width=\"180\" height=\"130\" \/><\/a><\/p>\n<p><strong>10 wrze\u015bnia 2023 r. w Sadownem odby\u0142 si\u0119 IV Piknik K\u00f3\u0142 Gospody\u0144 Wiejskich Powiatu W\u0119growskiego i jednocze\u015bnie Ekologiczny Piknik Rodzinny \u201eDary lasu\u201d. Organizatorzy przygotowali dla uczestnik\u00f3w wiele atrakcji.<\/strong><!--more--><\/p>\n<p><strong>Organizatorami Pikniku byli:<\/strong> Powiat W\u0119growski, Gmina Sadowne, Zesp\u00f3\u0142 Szk\u00f3\u0142 Ponadpodstawowych w Sadownem i Szko\u0142a Podstawowa im. b\u0142. ks. Edwarda Grzyma\u0142y w Sadownem, a partnerami: Gminny O\u015brodek Kultury w Sadownem, Nadle\u015bnictwo Siedlce i Nadle\u015bnictwo \u0141och\u00f3w. Patronat honorowy nad Piknikiem obj\u0119\u0142o Ministerstwo Klimatu i \u015arodowiska oraz p. senator RP Maria Koc. Ekologiczny Piknik Rodzinny w Sadownem \u201eDary lasu\u201d zosta\u0142 dofinansowany ze \u015brodk\u00f3w Wojew\u00f3dzkiego Funduszu Ochrony \u015arodowiska i Gospodarki Wodnej w Warszawie.<\/p>\n<p><strong>Piknik w Sadownem poprzedzi\u0142a msza \u015bw. w intencji rolnik\u00f3w i my\u015bliwych<\/strong> w miejscowym ko\u015bciele parafialnym, kt\u00f3r\u0105 koncelebrowali: ks. Antoni Kunicki i ks. Stanis\u0142aw Wojciechowski. Asystowa\u0142y im poczty sztandarowe K\u00f3\u0142 \u0141owieckich: LOT i \u015aW. HUBERTA oraz szk\u00f3\u0142: ZSP w Sadownem i SP w Sadownem.<\/p>\n<p><strong>Po mszy barwny korow\u00f3d przeszed\u0142 na plac targowy za ko\u015bcio\u0142em<\/strong>, gdzie odby\u0142a si\u0119 dalsza cz\u0119\u015b\u0107 Pikniku, kt\u00f3ry poprowadzi\u0142 p. Pawe\u0142 Kryszczuk i gdzie na wszystkich ju\u017c czeka\u0142y jarmarkowe stoiska K\u00f3\u0142 Gospody\u0144 Wiejskich, urz\u0119d\u00f3w i instytucji z powiatu w\u0119growskiego oraz jego wsp\u00f3\u0142pracownik\u00f3w, a tak\u017ce stoiska gastronomiczne i plac zabaw dla dzieci.<\/p>\n<p><strong>Przyby\u0142ych na Piknik mieszka\u0144c\u00f3w gminy Sadowne i zaproszonych go\u015bci powitali przedstawiciele Organizator\u00f3w:<\/strong> p. Ewa Besztak \u2013 Starosta W\u0119growski, p. Marek Renik \u2013 Wicestarosta W\u0119growski i p. Waldemar Cyran \u2013 W\u00f3jt Gminy Sadowne. Po wystrza\u0142ach z armatek Bractwa Kurkowego RP rozpocz\u0119\u0142a si\u0119 cz\u0119\u015b\u0107 artystyczna piknikowego spotkania i korzystanie z dobrodziejstw jarmarku.<\/p>\n<p><strong>Jako pierwszy na scenie zaprezentowa\u0142 si\u0119 Zesp\u00f3\u0142 \u015apiewaczy \u201eSadowianki\u201d<\/strong>, kt\u00f3ry w bie\u017c\u0105cym roku obchodzi 50-lecie utworzenia &#8211; po wyst\u0119pie nadarzy\u0142a si\u0119 okazja, aby uczci\u0107 \u015bwi\u0119to Zespo\u0142u. P. Starosta Ewa Besztak, w imieniu Ministra Kultury i Dziedzictwa Narodowego Rzeczypospolitej Polskiej p. Piotra Gli\u0144skiego, przekaza\u0142a na r\u0119ce kierowniczki Zespo\u0142u p. Krystyny Wetoszki odznak\u0119 honorow\u0105 \u201eZas\u0142u\u017cony dla kultury polskiej\u201d.<\/p>\n<p><strong>Nast\u0119pnie scen\u0105 zaw\u0142adn\u0119li arty\u015bci.<\/strong> Jako pierwsze wyst\u0105pi\u0142y zespo\u0142y taneczne szk\u00f3\u0142 ponadpodstawowych powiatu w\u0119growskiego: Zesp\u00f3\u0142 Pie\u015bni i Ta\u0144ca \u201eZawierucha\u201d z I LO im. Adama Mickiewicza w W\u0119growie, Zesp\u00f3\u0142 Ta\u0144ca Ludowego \u201eSadzewiczowa\u201d z ZSP w \u0141ochowie i Zesp\u00f3\u0142 Ta\u0144ca Ludowego \u201eOrgan\u201d z ZSP w Sadownem. Po zespo\u0142ach szkolnych &#8211; atrakcja dla dzieci: spektakl ekologiczny \u201e\u015amieciaki ratuj\u0105 \u015bwiat\u201d Teatru TAK, z udzia\u0142em naszych maluch\u00f3w i wyst\u0119p dzieciak\u00f3w uczestnicz\u0105cych w zaj\u0119ciach tanecznych Latino Fever w Gminnym O\u015brodku Kultury w Sadownem.<\/p>\n<p><strong>A jeszcze przed nimi atrakcja przygotowana przez Gminn\u0105 Bibliotek\u0119 Publiczn\u0105 w Sadownem \u2013 Narodowe Czytanie<\/strong> po patronatem Pary Prezydenckiej. W tym roku fragmenty powie\u015bci \u201eNad Niemnem\u201d Elizy Orzeszkowej, a na scenie w roli czytaj\u0105cych zaprezentowali si\u0119 pp.: El\u017cbieta D\u0119bkowska \u2013 Akonom, Barbara Klimek, Marcin Gr\u0119da i S\u0142awomir Akonom.<\/p>\n<p><strong>W trakcie wyst\u0119p\u00f3w dokonywano te\u017c oceny najsmaczniejszych potraw w Konkursie K\u00f3\u0142 Gospody\u0144 Wiejskich \u201eDary i bogactwo lasu\u201d<\/strong>, a nad problemem \u201epochyli\u0142a si\u0119\u201d Komisja Konkursowa w sk\u0142adzie pp.: Ma\u0142gorzata Zy\u015bk, Mariola Kowalczyk, Miros\u0142aw Rychta, S\u0142awomir Ryszawa i Marek Renik.<\/p>\n<p><strong>Do Konkursu przyst\u0105pi\u0142o 10 K\u00f3\u0142 Gospody\u0144 Wiejskich, kt\u00f3re uczestniczy\u0142y w Pikniku &#8211; ich potrawy oznaczono numerami:<\/strong><\/p>\n<p>1. KGW \u017bele\u017aniki \u201eZofianka\u201d \u2013 \u201eKartacz na kurkowej polanie, otulony kremowym sosem\u201d<\/p>\n<p>2. KGW Sojk\u00f3wek \u2013 \u201ePol\u0119dwica z jelenia w sosie borowikowo \u2013 \u015bmietanowym\u201d<\/p>\n<p>3. KGW Zarzetka \u2013 \u201eRoladki schabowe z ko\u015bci\u0105, nadziane le\u015bn\u0105 niespodziank\u0105, w sosie kurkowym z pyrglami\u201d<\/p>\n<p>5. KGW Wyszk\u00f3w \u2013 \u201eParowce z jagodami\u201d<\/p>\n<p>7. KGW Krupi\u0144skie \u201eZ\u0142ota R\u00f3\u017ca\u201d \u2013 \u201eBaba ziemniaczana z sosem ma\u015blakowym\u201d<\/p>\n<p>9. KGW Morzyczyn W\u0142\u00f3ki \u2013 \u201eBigos my\u015bliwski\u201d<\/p>\n<p>10. KGW Oci\u0119te \u2013 \u201eBaba na dzikim bekonie w kurkumowym sosie tonie, a na trawienie w ja\u0142owc\u00f3wce ukojenie\u201d<\/p>\n<p>11. KGW Sadowne \u2013 \u201eGulasz z dzika, podany w towarzystwie parzak\u00f3w, w otoczeniu buraczk\u00f3w\u201d<\/p>\n<p>12. KGW Le\u015bniki \u2013 \u201eBigos my\u015bliwski z grzybami i my\u015bliwsk\u0105 kie\u0142bas\u0105\u201d<\/p>\n<p>13. KGW Tch\u00f3rzowa \u2013 \u201ePierogi parowane z farszem, z kurek z Nadbu\u017ca\u0144skiego Parku Krajobrazowego, z okras\u0105 z boczku\u201d<\/p>\n<p><strong>A jak konkursowe potrawy oceni\u0142a Komisja? A w\u0142a\u015bnie tak:<\/strong><\/p>\n<p><strong>&#8211; I miejsce \u2013 KGW Oci\u0119te<\/strong><\/p>\n<p><strong>&#8211; II miejsce \u2013 KGW \u017bele\u017aniki<\/strong><\/p>\n<p><strong>&#8211; III miejsce \u2013 KGW Sadowne<\/strong><\/p>\n<p><strong>P. Marek Reni, p. Waldemar Cyran i p. Ewa Pi\u00f3rkowska wr\u0119czyli zwyci\u0119zcom Konkursu i jego uczestnikom dyplomy i nagrody rzeczowe.<\/strong><\/p>\n<p><strong>Podzi\u0119kowania otrzyma\u0142y te\u017c osoby przygotowuj\u0105ce razem z KGW \u201eZ\u0142ota R\u00f3\u017ca\u201d w Krupi\u0144skiem<\/strong> tegoroczn\u0105 inscenizacj\u0119 wiejskiego wesela \u201eHej wesele\u201d oraz wsp\u00f3\u0142pracuj\u0105ce z tym Ko\u0142em. Statuetki, kt\u00f3re wykona\u0142 kowal z Krupi\u0144skiego p. Edward Danaj, wr\u0119czy\u0142a p. Barbara Laska \u2013 Przewodnicz\u0105ca Ko\u0142a i jednocze\u015bnie So\u0142tys wsi Krupi\u0144skie.<\/p>\n<p><strong>W mi\u0119dzyczasie IV Piknik K\u00f3\u0142 Gospody\u0144 Wiejskich Powiatu W\u0119growskiego odwiedzali r\u00f3wnie\u017c parlamentarzy\u015bci i kandydaci na parlamentarzyst\u00f3w<\/strong> <strong>w najbli\u017cszych wyborach oraz samorz\u0105dowcy<\/strong> \u2013 niekt\u00f3rzy z nich zwr\u00f3cili si\u0119 ze sceny do uczestnik\u00f3w spotkania.<\/p>\n<p><strong>Ca\u0142y czas te\u017c publiczno\u015b\u0107 korzysta\u0142a z przygotowanych dla niej atrakcji.<\/strong> Odbywa\u0142y si\u0119 tu warsztaty, gry, zabawy i konkursy ekologiczne &#8211; r\u00f3wnie\u017c Plac\u00f3wki Terenowej KRUS w W\u0119growie i tu nagrody wr\u0119czy\u0142 Kierownik PT p. Adam Kowalczyk.<\/p>\n<p>Ch\u0119tnie korzystano te\u017c z potraw przygotowanych na stoiskach przez Ko\u0142a Gospody\u0144 Wiejskich, ale te\u017c znalaz\u0142 si\u0119 czas na ta\u0144ce przy rytmach muzyki p\u0142yn\u0105cej ze sceny. Dla publiczno\u015bci zagra\u0142 DJ Sado, Zesp\u00f3\u0142 Luka Rosi i Zesp\u00f3\u0142 CamaSutra. Zabawa trwa\u0142a nie do bia\u0142ego rana, ale do ciemnej nocy.<\/p>\n<p><strong>Podzi\u0119kowania za przygotowanie i przeprowadzenie imprezy nale\u017c\u0105 si\u0119<\/strong> Powiatowi W\u0119growskiemu i Gminie Sadowne, a w szczeg\u00f3lno\u015bci Gminnemu O\u015brodkowi Kultury w Sadownem, kt\u00f3ry zadba\u0142 o \u201eprzygotowanie\u201d terenu i doprowadzenie go do porz\u0105dku tu\u017c po imprezie, ale te\u017c o \u201eciep\u0142y posi\u0142ek\u201d dla artyst\u00f3w, go\u015bci i \u015bwietn\u0105 obs\u0142ug\u0119 ca\u0142ego Pikniku. Wielkie dzi\u0119ki dla wszystkich K\u00f3\u0142 Gospody\u0144 Wiejskich uczestnicz\u0105cych w Pikniku, s\u0142u\u017cb mundurowych zabezpieczaj\u0105cych go, w tym KP PSP W\u0119gr\u00f3w i OSP Sadowne, a tak\u017ce dla mieszka\u0144c\u00f3w gminy Sadowne i go\u015bci, kt\u00f3rzy zaszczycili imprez\u0119 swoj\u0105 obecno\u015bci\u0105.<\/p>\n<p><strong>Pozdrawiam\u2026<\/strong><\/p>\n<p><span style=\"color: #0000ff;\"><a style=\"color: #0000ff;\" href=\"https:\/\/photos.app.goo.gl\/pxjtHSpTPhnm3EQj8\" target=\"_blank\" rel=\"noopener\"><strong>Zdj\u0119cia w galerii Google&gt;&gt;&gt;<\/strong><\/a><\/span><\/p>\n<p><strong>Tekst\/foto:<\/strong> S\u0142awek Chyli\u0144ski<\/p>\n","protected":false},"excerpt":{"rendered":"<p>10 wrze\u015bnia 2023 r. w Sadownem odby\u0142 si\u0119 IV Piknik K\u00f3\u0142 Gospody\u0144 Wiejskich Powiatu W\u0119growskiego i jednocze\u015bnie Ekologiczny Piknik Rodzinny \u201eDary lasu\u201d. Organizatorzy przygotowali dla uczestnik\u00f3w wiele atrakcji.<\/p>\n","protected":false},"author":1,"featured_media":0,"comment_status":"closed","ping_status":"closed","sticky":false,"template":"","format":"standard","meta":{"footnotes":""},"categories":[5,91,6],"tags":[1827,113,169,4018,4019,2880],"class_list":["post-28171","post","type-post","status-publish","format-standard","hentry","category-newsy","category-gminny-osrodek-kultury","category-kultura-rozrywka-edukacja","tag-gmina-sadowne","tag-gminna-biblioteka-publiczna-w-sadownem","tag-gminny-osrodek-kultury-w-sadownem","tag-iv-piknik-kol-gospodyn-wiejskich-powiatu-wegrowskiego","tag-piknik-ekologiczny-dary-lasu","tag-powiat-wegrowski"],"views":2536,"_links":{"self":[{"href":"https:\/\/info.sadowne.pl\/index.php?rest_route=\/wp\/v2\/posts\/28171","targetHints":{"allow":["GET"]}}],"collection":[{"href":"https:\/\/info.sadowne.pl\/index.php?rest_route=\/wp\/v2\/posts"}],"about":[{"href":"https:\/\/info.sadowne.pl\/index.php?rest_route=\/wp\/v2\/types\/post"}],"author":[{"embeddable":true,"href":"https:\/\/info.sadowne.pl\/index.php?rest_route=\/wp\/v2\/users\/1"}],"replies":[{"embeddable":true,"href":"https:\/\/info.sadowne.pl\/index.php?rest_route=%2Fwp%2Fv2%2Fcomments&post=28171"}],"version-history":[{"count":6,"href":"https:\/\/info.sadowne.pl\/index.php?rest_route=\/wp\/v2\/posts\/28171\/revisions"}],"predecessor-version":[{"id":28178,"href":"https:\/\/info.sadowne.pl\/index.php?rest_route=\/wp\/v2\/posts\/28171\/revisions\/28178"}],"wp:attachment":[{"href":"https:\/\/info.sadowne.pl\/index.php?rest_route=%2Fwp%2Fv2%2Fmedia&parent=28171"}],"wp:term":[{"taxonomy":"category","embeddable":true,"href":"https:\/\/info.sadowne.pl\/index.php?rest_route=%2Fwp%2Fv2%2Fcategories&post=28171"},{"taxonomy":"post_tag","embeddable":true,"href":"https:\/\/info.sadowne.pl\/index.php?rest_route=%2Fwp%2Fv2%2Ftags&post=28171"}],"curies":[{"name":"wp","href":"https:\/\/api.w.org\/{rel}","templated":true}]}}