{"id":28190,"date":"2023-09-14T11:33:01","date_gmt":"2023-09-14T09:33:01","guid":{"rendered":"http:\/\/info.sadowne.pl\/?p=28190"},"modified":"2023-09-14T11:33:01","modified_gmt":"2023-09-14T09:33:01","slug":"hipolit-ludwik-dziekonski","status":"publish","type":"post","link":"https:\/\/info.sadowne.pl\/?p=28190","title":{"rendered":"HIPOLIT LUDWIK DZIEKO\u0143SKI"},"content":{"rendered":"<p><span style=\"color: #0000ff;\"><a style=\"color: #0000ff;\" href=\"http:\/\/info.sadowne.pl\/wp-content\/uploads\/2023\/09\/Brok143.jpg\" target=\"_blank\" rel=\"noopener\"><img loading=\"lazy\" decoding=\"async\" class=\"alignleft wp-image-28191 size-thumbnail\" src=\"http:\/\/info.sadowne.pl\/wp-content\/uploads\/2023\/09\/Brok143-180x130.jpg\" alt=\"\" width=\"180\" height=\"130\" \/><\/a><\/span><strong>BROKOWIANIN, ZAPOMNIANY BOHATER POWSTANIA STYCZNIOWEGO.<\/strong><!--more--><\/p>\n<p>W 1826 r. z powiatu pu\u0142tuskiego do Broku, wtedy ma\u0142ego miasteczka, przyby\u0142 czterdziestoo\u015bmioletni Rajmund Dzieko\u0144ski. Od czasu zniszczenia 31 maja 1657 r. przez Jerzego Rakoczego, w\u0119gierskiego ksi\u0119cia Siedmiogrodu, sojusznika Szwed\u00f3w, to niegdy\u015b znacz\u0105ce i tchn\u0105ce \u017cyciem miasto nadbu\u017ca\u0144skie ju\u017c nigdy nie powr\u00f3ci\u0142o do dawnej \u015bwietno\u015bci. Na pocz\u0105tku XIX wieku liczy\u0142o zaledwie kilkuset mieszka\u0144c\u00f3w.<\/p>\n<p>Dzieko\u0144ski by\u0142 cz\u0142owiekiem posiadaj\u0105cym na swoim koncie nie\u0142atwy baga\u017c \u017cyciowy. Urodzi\u0142 si\u0119 w 1778 r. w Nowogrodzie nad Narwi\u0105, 15 km od \u0141om\u017cy, w rodzinie mieszczan Stanis\u0142awa i Agnieszki Dzieko\u0144skich, kt\u00f3rej podstawowym \u017ar\u00f3d\u0142em utrzymania by\u0142o gospodarstwo rolne. W okresie dorastania by\u0142 \u015bwiadkiem upadku Rzeczypospolitej Obojga Narod\u00f3w. Podczas powstania ko\u015bciuszkowskiego Nowogr\u00f3d by\u0142 jednym z punkt\u00f3w polskiej obrony na linii Narwi. Po III rozbiorze miasto i ta cz\u0119\u015b\u0107 Podlasia znalaz\u0142y si\u0119 w r\u0119kach pruskich i sta\u0142y si\u0119 cz\u0119\u015bci\u0105 Nowych Prus Wschodnich. Kr\u00f3l pruski skonfiskowa\u0142 na zaj\u0119tych terenach dobra nale\u017c\u0105ce do Ko\u015bcio\u0142a katolickiego. Ludno\u015b\u0107 zmuszana by\u0142a do p\u0142acenia nowych podatk\u00f3w. Szczeg\u00f3lnie dolegliwy by\u0142 pob\u00f3r m\u0142odych m\u0119\u017cczyzn do wojska.<\/p>\n<p>Prawdopodobnie w trakcie wojny francusko-pruskiej (1806-1807) Rajmund Dzieko\u0144ski postanowi\u0142 przenie\u015b\u0107 si\u0119 do Pu\u0142tuska. Jako osoba dobrze potrafi\u0105ca czyta\u0107, pisa\u0107 oraz maj\u0105ca opanowane podstawy matematyki m\u00f3g\u0142 zaj\u0105\u0107 si\u0119 handlem. Posiada\u0142 \u0142atwo\u015b\u0107 nawi\u0105zywania kontakt\u00f3w i dar przekonywania. Nawi\u0105za\u0142 blisk\u0105 wsp\u00f3\u0142prac\u0119 z kapitu\u0142\u0105 pu\u0142tusk\u0105 i poszczeg\u00f3lnymi kanonikami. Uzna\u0142 w\u00f3wczas, \u017ce jego sytuacja materialna ustabilizowa\u0142a si\u0119. I dlatego 10 lutego 1807 r. w kolegiacie pu\u0142tuskiej zawar\u0142 zwi\u0105zek ma\u0142\u017ce\u0144ski z 25-letni\u0105 mieszkank\u0105 Pu\u0142tuska Mariann\u0105 Wysock\u0105.<\/p>\n<p><strong>Wi\u0119cej na stronie <span style=\"color: #0000ff;\"><a style=\"color: #0000ff;\" href=\"https:\/\/madzelan.cba.pl\/hipolit-ludwik-dziekonski-brokowianin-zapomniany-bohater-powstania-styczniowego\/\" target=\"_blank\" rel=\"noopener\">https:\/\/madzelan.cba.pl\/hipolit-ludwik-dziekonski-brokowianin-zapomniany-bohater-powstania-styczniowego\/<\/a><\/span><\/strong><\/p>\n","protected":false},"excerpt":{"rendered":"<p>BROKOWIANIN, ZAPOMNIANY BOHATER POWSTANIA STYCZNIOWEGO.<\/p>\n","protected":false},"author":1,"featured_media":0,"comment_status":"closed","ping_status":"closed","sticky":false,"template":"","format":"standard","meta":{"footnotes":""},"categories":[5,3436,31],"tags":[745,101,3004,2956],"class_list":["post-28190","post","type-post","status-publish","format-standard","hentry","category-newsy","category-opowiesci-historie-legendy-brokowskie-i-nie-tylko","category-historia-gminy","tag-brok","tag-historia-gminy-sadowne","tag-jerzy-madzelan","tag-opowiesci-historie-legendy-brokowskie-i-nie-tylko"],"views":1592,"_links":{"self":[{"href":"https:\/\/info.sadowne.pl\/index.php?rest_route=\/wp\/v2\/posts\/28190","targetHints":{"allow":["GET"]}}],"collection":[{"href":"https:\/\/info.sadowne.pl\/index.php?rest_route=\/wp\/v2\/posts"}],"about":[{"href":"https:\/\/info.sadowne.pl\/index.php?rest_route=\/wp\/v2\/types\/post"}],"author":[{"embeddable":true,"href":"https:\/\/info.sadowne.pl\/index.php?rest_route=\/wp\/v2\/users\/1"}],"replies":[{"embeddable":true,"href":"https:\/\/info.sadowne.pl\/index.php?rest_route=%2Fwp%2Fv2%2Fcomments&post=28190"}],"version-history":[{"count":1,"href":"https:\/\/info.sadowne.pl\/index.php?rest_route=\/wp\/v2\/posts\/28190\/revisions"}],"predecessor-version":[{"id":28192,"href":"https:\/\/info.sadowne.pl\/index.php?rest_route=\/wp\/v2\/posts\/28190\/revisions\/28192"}],"wp:attachment":[{"href":"https:\/\/info.sadowne.pl\/index.php?rest_route=%2Fwp%2Fv2%2Fmedia&parent=28190"}],"wp:term":[{"taxonomy":"category","embeddable":true,"href":"https:\/\/info.sadowne.pl\/index.php?rest_route=%2Fwp%2Fv2%2Fcategories&post=28190"},{"taxonomy":"post_tag","embeddable":true,"href":"https:\/\/info.sadowne.pl\/index.php?rest_route=%2Fwp%2Fv2%2Ftags&post=28190"}],"curies":[{"name":"wp","href":"https:\/\/api.w.org\/{rel}","templated":true}]}}