{"id":28201,"date":"2023-09-17T16:06:22","date_gmt":"2023-09-17T14:06:22","guid":{"rendered":"http:\/\/info.sadowne.pl\/?p=28201"},"modified":"2023-09-17T16:06:22","modified_gmt":"2023-09-17T14:06:22","slug":"swietowanie-w-wegrowie","status":"publish","type":"post","link":"https:\/\/info.sadowne.pl\/?p=28201","title":{"rendered":"\u015awi\u0119towanie w W\u0119growie!"},"content":{"rendered":"<p><a href=\"http:\/\/info.sadowne.pl\/wp-content\/uploads\/2023\/09\/2023.09.17.1.jpg\" target=\"_blank\" rel=\"noopener\"><img loading=\"lazy\" decoding=\"async\" class=\"alignleft wp-image-28202 size-thumbnail\" src=\"http:\/\/info.sadowne.pl\/wp-content\/uploads\/2023\/09\/2023.09.17.1-180x130.jpg\" alt=\"\" width=\"180\" height=\"130\" \/><\/a><\/p>\n<p><strong>Od po\u0142udnia 17 wrze\u015bnia br. na Rynku Mariackim w W\u0119growie trwa Mazowieckie \u015awi\u0119to Chleba i Sera. Szkoda tylko, \u017ce gmina Sadowne nie ma tu swoich reprezentant\u00f3w.<\/strong><!--more--><\/p>\n<p><strong>Harmonogram i przygotowane atrakcje na plakacie informacyjnym.<\/strong><\/p>\n<p><strong><a href=\"http:\/\/info.sadowne.pl\/wp-content\/uploads\/2023\/09\/2023.09.06.1.jpg\"><img loading=\"lazy\" decoding=\"async\" class=\"aligncenter size-full wp-image-28151\" src=\"http:\/\/info.sadowne.pl\/wp-content\/uploads\/2023\/09\/2023.09.06.1.jpg\" alt=\"\" width=\"526\" height=\"701\" srcset=\"https:\/\/info.sadowne.pl\/wp-content\/uploads\/2023\/09\/2023.09.06.1.jpg 526w, https:\/\/info.sadowne.pl\/wp-content\/uploads\/2023\/09\/2023.09.06.1-225x300.jpg 225w\" sizes=\"auto, (max-width: 526px) 100vw, 526px\" \/><\/a>\u00a0<\/strong><\/p>\n<p><span style=\"color: #0000ff;\"><a style=\"color: #0000ff;\" href=\"https:\/\/photos.app.goo.gl\/Xsf68TQoHk4VKb2r9\" target=\"_blank\" rel=\"noopener\"><strong>Zdj\u0119cia w galerii Google&gt;&gt;&gt;<\/strong><\/a><\/span><\/p>\n<p><strong>Tekst\/foto:<\/strong> S\u0142awek Chyli\u0144ski<\/p>\n","protected":false},"excerpt":{"rendered":"<p>Od po\u0142udnia 17 wrze\u015bnia br. na Rynku Mariackim w W\u0119growie trwa Mazowieckie \u015awi\u0119to Chleba i Sera. Szkoda tylko, \u017ce gmina Sadowne nie ma tu swoich reprezentant\u00f3w.<\/p>\n","protected":false},"author":1,"featured_media":0,"comment_status":"closed","ping_status":"closed","sticky":false,"template":"","format":"standard","meta":{"footnotes":""},"categories":[5,1,2495],"tags":[3202,68],"class_list":["post-28201","post","type-post","status-publish","format-standard","hentry","category-newsy","category-inne","category-nasi-sasiedzi","tag-mazowieckie-swieto-chleba-i-sera-w-wegrowie","tag-wegrow"],"views":2214,"_links":{"self":[{"href":"https:\/\/info.sadowne.pl\/index.php?rest_route=\/wp\/v2\/posts\/28201","targetHints":{"allow":["GET"]}}],"collection":[{"href":"https:\/\/info.sadowne.pl\/index.php?rest_route=\/wp\/v2\/posts"}],"about":[{"href":"https:\/\/info.sadowne.pl\/index.php?rest_route=\/wp\/v2\/types\/post"}],"author":[{"embeddable":true,"href":"https:\/\/info.sadowne.pl\/index.php?rest_route=\/wp\/v2\/users\/1"}],"replies":[{"embeddable":true,"href":"https:\/\/info.sadowne.pl\/index.php?rest_route=%2Fwp%2Fv2%2Fcomments&post=28201"}],"version-history":[{"count":1,"href":"https:\/\/info.sadowne.pl\/index.php?rest_route=\/wp\/v2\/posts\/28201\/revisions"}],"predecessor-version":[{"id":28203,"href":"https:\/\/info.sadowne.pl\/index.php?rest_route=\/wp\/v2\/posts\/28201\/revisions\/28203"}],"wp:attachment":[{"href":"https:\/\/info.sadowne.pl\/index.php?rest_route=%2Fwp%2Fv2%2Fmedia&parent=28201"}],"wp:term":[{"taxonomy":"category","embeddable":true,"href":"https:\/\/info.sadowne.pl\/index.php?rest_route=%2Fwp%2Fv2%2Fcategories&post=28201"},{"taxonomy":"post_tag","embeddable":true,"href":"https:\/\/info.sadowne.pl\/index.php?rest_route=%2Fwp%2Fv2%2Ftags&post=28201"}],"curies":[{"name":"wp","href":"https:\/\/api.w.org\/{rel}","templated":true}]}}