{"id":28206,"date":"2023-09-21T15:38:48","date_gmt":"2023-09-21T13:38:48","guid":{"rendered":"http:\/\/info.sadowne.pl\/?p=28206"},"modified":"2023-09-21T15:38:48","modified_gmt":"2023-09-21T13:38:48","slug":"niezwykly-czlowiek-wiktor-godlewski","status":"publish","type":"post","link":"https:\/\/info.sadowne.pl\/?p=28206","title":{"rendered":"NIEZWYK\u0141Y CZ\u0141OWIEK \u2013 WIKTOR GODLEWSKI"},"content":{"rendered":"<p><strong><a href=\"http:\/\/info.sadowne.pl\/wp-content\/uploads\/2023\/09\/Brok144.jpg\" target=\"_blank\" rel=\"noopener\"><img loading=\"lazy\" decoding=\"async\" class=\"alignleft wp-image-28207 size-thumbnail\" src=\"http:\/\/info.sadowne.pl\/wp-content\/uploads\/2023\/09\/Brok144-180x130.jpg\" alt=\"\" width=\"180\" height=\"130\" \/><\/a>Wertuj\u0105c stare gazety w poszukiwaniu temat\u00f3w do moich opowie\u015bci, natkn\u0105\u0142em si\u0119 na klepsydr\u0119 informuj\u0105c\u0105 z \u017calem, \u017ce 17 listopada 1900 r. zmar\u0142 Wiktor Godlewski, znany podr\u00f3\u017cnik po Syberii, kt\u00f3ry wraz z Benedyktem Dybowskim bada\u0142 tamtejsz\u0105 przyrod\u0119. <\/strong><!--more--><\/p>\n<p>Po powrocie w strony rodzinne gospodarowa\u0142 na dzier\u017cawach, a wreszcie we w\u0142asnym maj\u0105teczku w Smolechach, gdzie \u017cywota dokona\u0142 i spocz\u0105\u0142 na wieki na cmentarzu w Jasienicy.<\/p>\n<p>Do Jasienicy, gdyby jecha\u0107 na skr\u00f3ty rowerem, niewiele jest dalej z Broku ni\u017c do Ostrowi, do wioski za\u015b Smolechy jeszcze bli\u017cej, a ta ostatnia miejscowo\u015b\u0107 nale\u017ca\u0142a przez wieki do klucza brokowskiego d\u00f3br biskup\u00f3w p\u0142ockich. O Wiktorze Godlewskim w \u017cyciu nie s\u0142ysza\u0142em, a lubi\u0119 pisa\u0107 o osobach i wydarzeniach ma\u0142o znanych, wi\u0119c nie pozosta\u0142o nic innego, jak pomyszkowa\u0107 po ksi\u0119gach i dokumentach.<\/p>\n<p>Niestety, je\u015bli nie liczy\u0107 kilku list\u00f3w urz\u0119dowych, to pan Wiktor nie pozostawi\u0142 po sobie \u017cadnej korespondencji prywatnej, a tym bardziej pami\u0119tnik\u00f3w czy wspomnie\u0144, wi\u0119c opowie\u015b\u0107 zosta\u0142a spisana na podstawie materia\u0142\u00f3w pozostawionych przez osoby, kt\u00f3re z naszym bohaterem si\u0119 zetkn\u0119\u0142y, a przede wszystkim wspomnie\u0144 jego przyjaciela Benedykta Dybowskiego. Sympatyczny by\u0142 najwidoczniej pan Wiktor i \u0142atwo sobie ludzi zjednywa\u0142, skoro nie zetkn\u0105\u0142em si\u0119 z \u017cadn\u0105 opini\u0105, kt\u00f3ra by imi\u0119 jego szkalowa\u0142a, a przecie\u017c w polskim syberyjskim \u015bwiatku, kt\u00f3ry szybko adaptowa\u0142 wzory ojczyste, by\u0142o o to \u0142atwo.<\/p>\n<p><strong>Wi\u0119cej na stronie <span style=\"color: #0000ff;\"><a style=\"color: #0000ff;\" href=\"https:\/\/madzelan.cba.pl\/niezwykly-czlowiek-wiktor-godlewski\/\" target=\"_blank\" rel=\"noopener\">https:\/\/madzelan.cba.pl\/niezwykly-czlowiek-wiktor-godlewski\/<\/a><\/span><\/strong><\/p>\n","protected":false},"excerpt":{"rendered":"<p>Wertuj\u0105c stare gazety w poszukiwaniu temat\u00f3w do moich opowie\u015bci, natkn\u0105\u0142em si\u0119 na klepsydr\u0119 informuj\u0105c\u0105 z \u017calem, \u017ce 17 listopada 1900 r. zmar\u0142 Wiktor Godlewski, znany podr\u00f3\u017cnik po Syberii, kt\u00f3ry wraz z Benedyktem Dybowskim bada\u0142 tamtejsz\u0105 przyrod\u0119.<\/p>\n","protected":false},"author":1,"featured_media":0,"comment_status":"closed","ping_status":"closed","sticky":false,"template":"","format":"standard","meta":{"footnotes":""},"categories":[5,3436,31],"tags":[3004,2956],"class_list":["post-28206","post","type-post","status-publish","format-standard","hentry","category-newsy","category-opowiesci-historie-legendy-brokowskie-i-nie-tylko","category-historia-gminy","tag-jerzy-madzelan","tag-opowiesci-historie-legendy-brokowskie-i-nie-tylko"],"views":1840,"_links":{"self":[{"href":"https:\/\/info.sadowne.pl\/index.php?rest_route=\/wp\/v2\/posts\/28206","targetHints":{"allow":["GET"]}}],"collection":[{"href":"https:\/\/info.sadowne.pl\/index.php?rest_route=\/wp\/v2\/posts"}],"about":[{"href":"https:\/\/info.sadowne.pl\/index.php?rest_route=\/wp\/v2\/types\/post"}],"author":[{"embeddable":true,"href":"https:\/\/info.sadowne.pl\/index.php?rest_route=\/wp\/v2\/users\/1"}],"replies":[{"embeddable":true,"href":"https:\/\/info.sadowne.pl\/index.php?rest_route=%2Fwp%2Fv2%2Fcomments&post=28206"}],"version-history":[{"count":1,"href":"https:\/\/info.sadowne.pl\/index.php?rest_route=\/wp\/v2\/posts\/28206\/revisions"}],"predecessor-version":[{"id":28208,"href":"https:\/\/info.sadowne.pl\/index.php?rest_route=\/wp\/v2\/posts\/28206\/revisions\/28208"}],"wp:attachment":[{"href":"https:\/\/info.sadowne.pl\/index.php?rest_route=%2Fwp%2Fv2%2Fmedia&parent=28206"}],"wp:term":[{"taxonomy":"category","embeddable":true,"href":"https:\/\/info.sadowne.pl\/index.php?rest_route=%2Fwp%2Fv2%2Fcategories&post=28206"},{"taxonomy":"post_tag","embeddable":true,"href":"https:\/\/info.sadowne.pl\/index.php?rest_route=%2Fwp%2Fv2%2Ftags&post=28206"}],"curies":[{"name":"wp","href":"https:\/\/api.w.org\/{rel}","templated":true}]}}