{"id":28216,"date":"2023-09-24T12:24:14","date_gmt":"2023-09-24T10:24:14","guid":{"rendered":"http:\/\/info.sadowne.pl\/?p=28216"},"modified":"2023-09-24T12:24:14","modified_gmt":"2023-09-24T10:24:14","slug":"sadowianki-wiejskie-wesele-2022","status":"publish","type":"post","link":"https:\/\/info.sadowne.pl\/?p=28216","title":{"rendered":"Sadowianki \u2013 wiejskie wesele 2022"},"content":{"rendered":"<p><strong><a href=\"http:\/\/info.sadowne.pl\/wp-content\/uploads\/2023\/09\/sad990.jpg\"><img loading=\"lazy\" decoding=\"async\" class=\"alignleft size-thumbnail wp-image-28227\" src=\"http:\/\/info.sadowne.pl\/wp-content\/uploads\/2023\/09\/sad990-180x130.jpg\" alt=\"\" width=\"180\" height=\"130\" \/><\/a>KRUPI\u0143SKIE \u2013 OCI\u0118TE &#8211; <\/strong><strong>9 lipca 2022 roku.<\/strong><!--more--><\/p>\n<h3 style=\"text-align: center;\"><strong>\u00a0<\/strong><em><strong>Inscenizacja<\/strong><\/em><\/h3>\n<h2 style=\"text-align: center;\"><strong>\u00a0<span style=\"color: #ff0000;\"><em>Wiejskiego Wesela<\/em><\/span><\/strong><strong>\u00a0<\/strong><\/h2>\n<p style=\"text-align: center;\">A by\u0142o to tak!<\/p>\n<p style=\"text-align: center;\">Go\u015bcie zebrali si\u0119 w Krupi\u0144skiem u pana m\u0142odego, gdzie odby\u0142a si\u0119 kr\u00f3tka biesiada.<\/p>\n<p><a href=\"http:\/\/info.sadowne.pl\/wp-content\/uploads\/2023\/09\/sad984.jpg\"><img loading=\"lazy\" decoding=\"async\" class=\"alignleft size-full wp-image-28218\" src=\"http:\/\/info.sadowne.pl\/wp-content\/uploads\/2023\/09\/sad984.jpg\" alt=\"\" width=\"290\" height=\"326\" srcset=\"https:\/\/info.sadowne.pl\/wp-content\/uploads\/2023\/09\/sad984.jpg 290w, https:\/\/info.sadowne.pl\/wp-content\/uploads\/2023\/09\/sad984-267x300.jpg 267w\" sizes=\"auto, (max-width: 290px) 100vw, 290px\" \/><\/a><a href=\"http:\/\/info.sadowne.pl\/wp-content\/uploads\/2023\/09\/sad985.jpg\"><img loading=\"lazy\" decoding=\"async\" class=\"alignright size-full wp-image-28219\" src=\"http:\/\/info.sadowne.pl\/wp-content\/uploads\/2023\/09\/sad985.jpg\" alt=\"\" width=\"290\" height=\"338\" srcset=\"https:\/\/info.sadowne.pl\/wp-content\/uploads\/2023\/09\/sad985.jpg 290w, https:\/\/info.sadowne.pl\/wp-content\/uploads\/2023\/09\/sad985-257x300.jpg 257w\" sizes=\"auto, (max-width: 290px) 100vw, 290px\" \/><\/a><\/p>\n<p><strong>\u00a0<\/strong><\/p>\n<p>&nbsp;<\/p>\n<p>&nbsp;<\/p>\n<p>&nbsp;<\/p>\n<p>&nbsp;<\/p>\n<p>&nbsp;<\/p>\n<p>&nbsp;<\/p>\n<p>&nbsp;<\/p>\n<p>&nbsp;<\/p>\n<p style=\"text-align: center;\"><strong>M<\/strong><strong>\u0142oda para \u2013 Agnieszka i Piotr.<\/strong><\/p>\n<p><strong> <a href=\"http:\/\/info.sadowne.pl\/wp-content\/uploads\/2023\/09\/sad986.jpg\"><img loading=\"lazy\" decoding=\"async\" class=\"alignleft size-full wp-image-28221\" src=\"http:\/\/info.sadowne.pl\/wp-content\/uploads\/2023\/09\/sad986.jpg\" alt=\"\" width=\"288\" height=\"251\" \/><\/a><a href=\"http:\/\/info.sadowne.pl\/wp-content\/uploads\/2023\/09\/sad987.jpg\"><img loading=\"lazy\" decoding=\"async\" class=\"alignright size-full wp-image-28222\" src=\"http:\/\/info.sadowne.pl\/wp-content\/uploads\/2023\/09\/sad987.jpg\" alt=\"\" width=\"288\" height=\"239\" \/><\/a><\/strong><\/p>\n<p><strong>\u00a0 <\/strong><\/p>\n<p><strong>\u00a0<\/strong><\/p>\n<p>&nbsp;<\/p>\n<p>&nbsp;<\/p>\n<p>&nbsp;<\/p>\n<p>&nbsp;<\/p>\n<p>&nbsp;<\/p>\n<p style=\"text-align: center;\"><strong>Rodzice M\u0142odego \u2013 <\/strong>Ela D\u0119bkowska i Zbyszek Danaj.<\/p>\n<p><a href=\"http:\/\/info.sadowne.pl\/wp-content\/uploads\/2023\/09\/sad988.jpg\"><img loading=\"lazy\" decoding=\"async\" class=\"aligncenter size-full wp-image-28225\" src=\"http:\/\/info.sadowne.pl\/wp-content\/uploads\/2023\/09\/sad988.jpg\" alt=\"\" width=\"476\" height=\"394\" srcset=\"https:\/\/info.sadowne.pl\/wp-content\/uploads\/2023\/09\/sad988.jpg 476w, https:\/\/info.sadowne.pl\/wp-content\/uploads\/2023\/09\/sad988-300x248.jpg 300w\" sizes=\"auto, (max-width: 476px) 100vw, 476px\" \/><\/a><\/p>\n<p style=\"text-align: center;\">Piotr Olkowski \u2013 pan m\u0142ody oraz \u2013 tata, czyli Zbyszek Danaj.<\/p>\n<p>&nbsp;<\/p>\n<p>Zesp\u00f3\u0142 \u015apiewaczy Sadowianki zosta\u0142 zaproszony, aby zabawia\u0107 swoim \u015bpiewem i skeczami go\u015bci weselnych w Krupi\u0144skiem.<\/p>\n<p><a href=\"http:\/\/info.sadowne.pl\/wp-content\/uploads\/2023\/09\/sad989.jpg\"><img loading=\"lazy\" decoding=\"async\" class=\"aligncenter size-full wp-image-28226\" src=\"http:\/\/info.sadowne.pl\/wp-content\/uploads\/2023\/09\/sad989.jpg\" alt=\"\" width=\"600\" height=\"267\" srcset=\"https:\/\/info.sadowne.pl\/wp-content\/uploads\/2023\/09\/sad989.jpg 600w, https:\/\/info.sadowne.pl\/wp-content\/uploads\/2023\/09\/sad989-300x134.jpg 300w\" sizes=\"auto, (max-width: 600px) 100vw, 600px\" \/><\/a><\/p>\n<p>&nbsp;<\/p>\n<p>&nbsp;<\/p>\n<p style=\"text-align: center;\">Zesp\u00f3\u0142 \u015apiewaczy Sadowianki.<\/p>\n<p><a href=\"http:\/\/info.sadowne.pl\/wp-content\/uploads\/2023\/09\/sad990.jpg\"><img loading=\"lazy\" decoding=\"async\" class=\"aligncenter size-full wp-image-28227\" src=\"http:\/\/info.sadowne.pl\/wp-content\/uploads\/2023\/09\/sad990.jpg\" alt=\"\" width=\"603\" height=\"267\" srcset=\"https:\/\/info.sadowne.pl\/wp-content\/uploads\/2023\/09\/sad990.jpg 603w, https:\/\/info.sadowne.pl\/wp-content\/uploads\/2023\/09\/sad990-300x133.jpg 300w\" sizes=\"auto, (max-width: 603px) 100vw, 603px\" \/><\/a><\/p>\n<p style=\"text-align: center;\">Basia Wr\u00f3bel, Krysia Wetoszka, Andrzej Olton, Stoj\u0105: Wiesia Steplikowska, Bogusia Danaj, Hania D\u0119bkowska, Tereska W\u00f3jcik, Jadzia Borowa i Dorota Olkowska.<\/p>\n<p style=\"text-align: center;\"><strong>REPERTUAR <\/strong><\/p>\n<p><span style=\"color: #ff0000;\"><strong>WESELE w OCI\u0118TEM<\/strong><\/span><strong> \u2013 9 lipca 2022 r.\u00a0 <\/strong><\/p>\n<ol>\n<li><strong>Hej, ode wsi do miasta <span style=\"color: #ff0000;\">C<\/span><\/strong><\/li>\n<li><strong>Stoi grusza w polu <span style=\"color: #ff0000;\">F<\/span><\/strong><\/li>\n<li><strong>W nocy po p\u00f3\u0142nocy \/oj dana, oj dana, oj dana\u2026\/ <span style=\"color: #ff0000;\">D<\/span><\/strong><\/li>\n<li><strong>Jeszcze po kropelce <span style=\"color: #ff0000;\">C<\/span><\/strong><\/li>\n<li><strong>Ch\u0142opaki z Oci\u0119tego <span style=\"color: #ff0000;\">C<\/span> <em>(<span style=\"color: #0000ff;\">przygr<\/span>)<\/em> <span style=\"color: #ff0000;\">FC<\/span><\/strong><\/li>\n<li><strong>Kt\u00f3r\u0119dy prowadzi droga <span style=\"color: #ff0000;\">d-moll<\/span><\/strong><\/li>\n<li><strong>Oj, ko\u0142em, ko\u0142em s\u0142oneczko idzie <\/strong><\/li>\n<\/ol>\n<p><span style=\"color: #ff0000;\"><strong><em>W czasie jazdy: <\/em><\/strong><\/span><\/p>\n<ol>\n<li><strong>Jedziemy, jedziemy <span style=\"color: #ff0000;\">C<\/span><\/strong><\/li>\n<li><strong>Jedzie Janek, jedzie <em>(<\/em> <em><span style=\"color: #0000ff;\">pocz\u0105tek<\/span> <span style=\"color: #ff0000;\">a-moll<\/span>) <\/em>\u00a0<span style=\"color: #ff0000;\">c-moll<\/span><\/strong><\/li>\n<li><strong>Kiedy m\u0142ody przyje\u017cd\u017ca do m\u0142odej <span style=\"color: #ff0000;\">F<\/span><\/strong><\/li>\n<li><strong>Witanie m\u0142odego u m\u0142odej <span style=\"color: #ff0000;\">C-dur<\/span><\/strong><\/li>\n<li><strong>Na polu stoi leszczyna <span style=\"color: #ff0000;\">C<\/span><\/strong><\/li>\n<\/ol>\n<p><span style=\"color: #ff0000;\"><strong><em>W domu panny m\u0142odej po \u015blubie:<\/em><\/strong><\/span><\/p>\n<ol>\n<li><strong>Dwana\u015bcie listeczk\u00f3w <span style=\"color: #ff0000;\">C<\/span><\/strong><\/li>\n<li><strong>Nie na ka\u017cdym polu <span style=\"color: #ff0000;\">B<\/span><\/strong><\/li>\n<li><strong>Drobny groszek, drobny <span style=\"color: #ff0000;\">C<\/span><\/strong><\/li>\n<li><strong>Oj panie m\u0142ody buzi nie \u017ca\u0142uj <span style=\"color: #ff0000;\">C<\/span><\/strong><\/li>\n<\/ol>\n<p><span style=\"color: #ff0000;\"><strong><em>Oczepiny:<\/em><\/strong><\/span><\/p>\n<ol>\n<li><strong>Przypatrzcie si\u0119 wszyscy <span style=\"color: #ff0000;\">F<\/span><\/strong><\/li>\n<li><strong>Krzyczy baba krzyczy\u2026 \/ELA\/ <span style=\"color: #ff0000;\">C<\/span><\/strong><\/li>\n<li><strong>Przy\u015bpiewki 1 i 2 <span style=\"color: #ff0000;\">C<\/span><\/strong><\/li>\n<li><strong>Czerwone i bure <span style=\"color: #ff0000;\">a-moll \/\u00a0 d-moll<\/span><\/strong><\/li>\n<li><strong>Ko\u0142o mego ogr\u00f3deczka <span style=\"color: #ff0000;\">F<\/span><\/strong><\/li>\n<li><strong>Idzie dziewcz\u0119 po lesie <span style=\"color: #ff0000;\">F<\/span><\/strong><\/li>\n<li><strong>Czerwone jagody <span style=\"color: #ff0000;\">d-moll<\/span><\/strong><\/li>\n<li><strong>Jest dro\u017cyna, jest <span style=\"color: #ff0000;\">d-moll<\/span><\/strong><\/li>\n<li><strong>Nie chod\u017a ko\u0142o r\u00f3\u017cy <span style=\"color: #ff0000;\">d-moll<\/span><\/strong><\/li>\n<li><strong>Na w\u00f3jtowej roli <span style=\"color: #ff0000;\">C<\/span><\/strong><\/li>\n<li><strong>Wie\u017a mnie koniku, wie\u017a <span style=\"color: #ff0000;\">d-moll<\/span><\/strong><\/li>\n<\/ol>\n<p>Po wst\u0119pnej biesiadzie w Krupi\u0144skiem, przyszed\u0142 czas na wyjazd do panny m\u0142odej. Go\u015bcie weselni wsiedli na furmanki i pojechali do Oci\u0119tego.<\/p>\n<p><a href=\"http:\/\/info.sadowne.pl\/wp-content\/uploads\/2023\/09\/sad991.jpg\"><img loading=\"lazy\" decoding=\"async\" class=\"aligncenter size-full wp-image-28228\" src=\"http:\/\/info.sadowne.pl\/wp-content\/uploads\/2023\/09\/sad991.jpg\" alt=\"\" width=\"607\" height=\"468\" srcset=\"https:\/\/info.sadowne.pl\/wp-content\/uploads\/2023\/09\/sad991.jpg 607w, https:\/\/info.sadowne.pl\/wp-content\/uploads\/2023\/09\/sad991-300x231.jpg 300w\" sizes=\"auto, (max-width: 607px) 100vw, 607px\" \/><\/a><\/p>\n<p style=\"text-align: center;\">Sadowianki.<\/p>\n<p><a href=\"http:\/\/info.sadowne.pl\/wp-content\/uploads\/2023\/09\/sad992.jpg\"><img loading=\"lazy\" decoding=\"async\" class=\"aligncenter size-full wp-image-28229\" src=\"http:\/\/info.sadowne.pl\/wp-content\/uploads\/2023\/09\/sad992.jpg\" alt=\"\" width=\"396\" height=\"523\" srcset=\"https:\/\/info.sadowne.pl\/wp-content\/uploads\/2023\/09\/sad992.jpg 396w, https:\/\/info.sadowne.pl\/wp-content\/uploads\/2023\/09\/sad992-227x300.jpg 227w\" sizes=\"auto, (max-width: 396px) 100vw, 396px\" \/><\/a><\/p>\n<p style=\"text-align: center;\">Go\u015bcie weselni:<\/p>\n<p style=\"text-align: center;\">p. Waldemar Cyran., p. Ma\u0142gorzata Zy\u015bk i p. El\u017cbieta Lanc.<\/p>\n<p style=\"text-align: left;\"><a href=\"http:\/\/info.sadowne.pl\/wp-content\/uploads\/2023\/09\/sad993.jpg\"><img loading=\"lazy\" decoding=\"async\" class=\"aligncenter size-full wp-image-28230\" src=\"http:\/\/info.sadowne.pl\/wp-content\/uploads\/2023\/09\/sad993.jpg\" alt=\"\" width=\"608\" height=\"374\" srcset=\"https:\/\/info.sadowne.pl\/wp-content\/uploads\/2023\/09\/sad993.jpg 608w, https:\/\/info.sadowne.pl\/wp-content\/uploads\/2023\/09\/sad993-300x185.jpg 300w\" sizes=\"auto, (max-width: 608px) 100vw, 608px\" \/><\/a><\/p>\n<p style=\"text-align: center;\">Pan w\u00f3jt Waldemar Cyran i Pani marsza\u0142ek El\u017cbieta Lanc w drodze do Oci\u0119tego.<\/p>\n<p><a href=\"http:\/\/info.sadowne.pl\/wp-content\/uploads\/2023\/09\/sad994.jpg\"><img loading=\"lazy\" decoding=\"async\" class=\"aligncenter size-full wp-image-28231\" src=\"http:\/\/info.sadowne.pl\/wp-content\/uploads\/2023\/09\/sad994.jpg\" alt=\"\" width=\"605\" height=\"449\" srcset=\"https:\/\/info.sadowne.pl\/wp-content\/uploads\/2023\/09\/sad994.jpg 605w, https:\/\/info.sadowne.pl\/wp-content\/uploads\/2023\/09\/sad994-300x223.jpg 300w\" sizes=\"auto, (max-width: 605px) 100vw, 605px\" \/><\/a><\/p>\n<p style=\"text-align: center;\">A to weselna brama, przygotowana przez p. Danusi\u0119 Chyli\u0144sk\u0105 razem z k\u00f3\u0142kiem teatralnym, kt\u00f3rego jest opiekunk\u0105.<\/p>\n<p><a href=\"http:\/\/info.sadowne.pl\/wp-content\/uploads\/2023\/09\/sad995.jpg\"><img loading=\"lazy\" decoding=\"async\" class=\"aligncenter size-full wp-image-28232\" src=\"http:\/\/info.sadowne.pl\/wp-content\/uploads\/2023\/09\/sad995.jpg\" alt=\"\" width=\"604\" height=\"303\" srcset=\"https:\/\/info.sadowne.pl\/wp-content\/uploads\/2023\/09\/sad995.jpg 604w, https:\/\/info.sadowne.pl\/wp-content\/uploads\/2023\/09\/sad995-300x150.jpg 300w\" sizes=\"auto, (max-width: 604px) 100vw, 604px\" \/><\/a><\/p>\n<p>W Oci\u0119tem ju\u017c oczekiwa\u0142 Zesp\u00f3\u0142 K\u0105dzio\u0142eczka, kt\u00f3ry mocno targowa\u0142 si\u0119 o pann\u0119 m\u0142od\u0105 i dopiero po otrzymaniu wielu posagowych prezent\u00f3w, zgodzi\u0142 si\u0119 odda\u0107 j\u0105 panu m\u0142odemu.<\/p>\n<p><a href=\"http:\/\/info.sadowne.pl\/wp-content\/uploads\/2023\/09\/sad996.jpg\"><img loading=\"lazy\" decoding=\"async\" class=\"aligncenter size-full wp-image-28233\" src=\"http:\/\/info.sadowne.pl\/wp-content\/uploads\/2023\/09\/sad996.jpg\" alt=\"\" width=\"603\" height=\"311\" srcset=\"https:\/\/info.sadowne.pl\/wp-content\/uploads\/2023\/09\/sad996.jpg 603w, https:\/\/info.sadowne.pl\/wp-content\/uploads\/2023\/09\/sad996-300x155.jpg 300w\" sizes=\"auto, (max-width: 603px) 100vw, 603px\" \/><\/a><\/p>\n<p style=\"text-align: center;\">Przy\u015bpiewki weselne K\u0105dzio\u0142eczki i Sadowianek.<\/p>\n<p><a href=\"http:\/\/info.sadowne.pl\/wp-content\/uploads\/2023\/09\/sad997.jpg\"><img loading=\"lazy\" decoding=\"async\" class=\"aligncenter size-full wp-image-28234\" src=\"http:\/\/info.sadowne.pl\/wp-content\/uploads\/2023\/09\/sad997.jpg\" alt=\"\" width=\"607\" height=\"357\" srcset=\"https:\/\/info.sadowne.pl\/wp-content\/uploads\/2023\/09\/sad997.jpg 607w, https:\/\/info.sadowne.pl\/wp-content\/uploads\/2023\/09\/sad997-300x176.jpg 300w\" sizes=\"auto, (max-width: 607px) 100vw, 607px\" \/><\/a><\/p>\n<p style=\"text-align: center;\">Wreszcie po lamentach i spazmach mamusi, oddano dziewczyn\u0119 m\u0142odemu!<\/p>\n<p><a href=\"http:\/\/info.sadowne.pl\/wp-content\/uploads\/2023\/09\/sad998.jpg\"><img loading=\"lazy\" decoding=\"async\" class=\"aligncenter size-full wp-image-28235\" src=\"http:\/\/info.sadowne.pl\/wp-content\/uploads\/2023\/09\/sad998.jpg\" alt=\"\" width=\"603\" height=\"484\" srcset=\"https:\/\/info.sadowne.pl\/wp-content\/uploads\/2023\/09\/sad998.jpg 603w, https:\/\/info.sadowne.pl\/wp-content\/uploads\/2023\/09\/sad998-300x241.jpg 300w\" sizes=\"auto, (max-width: 603px) 100vw, 603px\" \/><\/a><\/p>\n<p style=\"text-align: center;\">B\u0142ogos\u0142awie\u0144stwo przed wyjazdem do ko\u015bcio\u0142a.<\/p>\n<p><a href=\"http:\/\/info.sadowne.pl\/wp-content\/uploads\/2023\/09\/sad999.jpg\"><img loading=\"lazy\" decoding=\"async\" class=\"aligncenter size-full wp-image-28236\" src=\"http:\/\/info.sadowne.pl\/wp-content\/uploads\/2023\/09\/sad999.jpg\" alt=\"\" width=\"606\" height=\"595\" srcset=\"https:\/\/info.sadowne.pl\/wp-content\/uploads\/2023\/09\/sad999.jpg 606w, https:\/\/info.sadowne.pl\/wp-content\/uploads\/2023\/09\/sad999-300x295.jpg 300w\" sizes=\"auto, (max-width: 606px) 100vw, 606px\" \/><\/a><\/p>\n<p style=\"text-align: center;\">Agnieszka i Piotr \u2013 nadesz\u0142a chwila upragnionego wyjazdu, przecie\u017c czeka\u0142 ksi\u0105dz proboszcz.<\/p>\n<p><a href=\"http:\/\/info.sadowne.pl\/wp-content\/uploads\/2023\/09\/sad1000.jpg\"><img loading=\"lazy\" decoding=\"async\" class=\"aligncenter size-full wp-image-28237\" src=\"http:\/\/info.sadowne.pl\/wp-content\/uploads\/2023\/09\/sad1000.jpg\" alt=\"\" width=\"607\" height=\"284\" srcset=\"https:\/\/info.sadowne.pl\/wp-content\/uploads\/2023\/09\/sad1000.jpg 607w, https:\/\/info.sadowne.pl\/wp-content\/uploads\/2023\/09\/sad1000-300x140.jpg 300w\" sizes=\"auto, (max-width: 607px) 100vw, 607px\" \/><\/a><\/p>\n<p>Ca\u0142y orszak weselny wraz z par\u0105 m\u0142od\u0105 r\u00f3\u017cnymi pojazdami dotarli przed ko\u015bci\u00f3\u0142 w Sadownem, gdzie przy wej\u015bciu czeka\u0142 na nich ksi\u0105dz proboszcz.<\/p>\n<p><a href=\"http:\/\/info.sadowne.pl\/wp-content\/uploads\/2023\/09\/sad1001.jpg\"><img loading=\"lazy\" decoding=\"async\" class=\"aligncenter size-full wp-image-28238\" src=\"http:\/\/info.sadowne.pl\/wp-content\/uploads\/2023\/09\/sad1001.jpg\" alt=\"\" width=\"519\" height=\"756\" srcset=\"https:\/\/info.sadowne.pl\/wp-content\/uploads\/2023\/09\/sad1001.jpg 519w, https:\/\/info.sadowne.pl\/wp-content\/uploads\/2023\/09\/sad1001-206x300.jpg 206w\" sizes=\"auto, (max-width: 519px) 100vw, 519px\" \/><\/a><\/p>\n<p style=\"text-align: center;\">Ksi\u0105dz proboszcz Antoni Kunicki.<\/p>\n<p><a href=\"http:\/\/info.sadowne.pl\/wp-content\/uploads\/2023\/09\/sad1002.jpg\"><img loading=\"lazy\" decoding=\"async\" class=\"aligncenter size-full wp-image-28239\" src=\"http:\/\/info.sadowne.pl\/wp-content\/uploads\/2023\/09\/sad1002.jpg\" alt=\"\" width=\"604\" height=\"448\" srcset=\"https:\/\/info.sadowne.pl\/wp-content\/uploads\/2023\/09\/sad1002.jpg 604w, https:\/\/info.sadowne.pl\/wp-content\/uploads\/2023\/09\/sad1002-300x223.jpg 300w\" sizes=\"auto, (max-width: 604px) 100vw, 604px\" \/><\/a><\/p>\n<p style=\"text-align: center;\">Agnieszka i Piotr oraz dru\u017cbowie, czyli m\u0142oda para z poprzedniej inscenizacji wiejskiego wesela.<\/p>\n<p><a href=\"http:\/\/info.sadowne.pl\/wp-content\/uploads\/2023\/09\/sad1003.jpg\"><img loading=\"lazy\" decoding=\"async\" class=\"aligncenter size-full wp-image-28240\" src=\"http:\/\/info.sadowne.pl\/wp-content\/uploads\/2023\/09\/sad1003.jpg\" alt=\"\" width=\"606\" height=\"298\" srcset=\"https:\/\/info.sadowne.pl\/wp-content\/uploads\/2023\/09\/sad1003.jpg 606w, https:\/\/info.sadowne.pl\/wp-content\/uploads\/2023\/09\/sad1003-300x148.jpg 300w\" sizes=\"auto, (max-width: 606px) 100vw, 606px\" \/><\/a><\/p>\n<p>Ksi\u0105dz proboszcz wprowadzi\u0142 par\u0119 m\u0142od\u0105 z ca\u0142ym \u015blubnym orszakiem do ko\u015bcio\u0142a. Pomodli\u0142 si\u0119 w intencji m\u0142odej pary i uczestnik\u00f3w ca\u0142ej inscenizacji, dzi\u0119kuj\u0105c za kultywowanie tradycji, w tym obrz\u0119d\u00f3w weselnych. Zespo\u0142y za\u015bpiewa\u0142y dwie religijne pie\u015bni, nast\u0119pnie ksi\u0105dz pob\u0142ogos\u0142awi\u0142 odtw\u00f3rc\u00f3w r\u00f3l i wszystkich zebranych.<\/p>\n<p><a href=\"http:\/\/info.sadowne.pl\/wp-content\/uploads\/2023\/09\/sad1004.jpg\"><img loading=\"lazy\" decoding=\"async\" class=\"aligncenter size-full wp-image-28241\" src=\"http:\/\/info.sadowne.pl\/wp-content\/uploads\/2023\/09\/sad1004.jpg\" alt=\"\" width=\"473\" height=\"709\" srcset=\"https:\/\/info.sadowne.pl\/wp-content\/uploads\/2023\/09\/sad1004.jpg 473w, https:\/\/info.sadowne.pl\/wp-content\/uploads\/2023\/09\/sad1004-200x300.jpg 200w\" sizes=\"auto, (max-width: 473px) 100vw, 473px\" \/><\/a><\/p>\n<p style=\"text-align: center;\">B\u0142ogos\u0142awie\u0144stwo.<\/p>\n<p><a href=\"http:\/\/info.sadowne.pl\/wp-content\/uploads\/2023\/09\/sad1005.jpg\"><img loading=\"lazy\" decoding=\"async\" class=\"aligncenter size-full wp-image-28242\" src=\"http:\/\/info.sadowne.pl\/wp-content\/uploads\/2023\/09\/sad1005.jpg\" alt=\"\" width=\"606\" height=\"354\" srcset=\"https:\/\/info.sadowne.pl\/wp-content\/uploads\/2023\/09\/sad1005.jpg 606w, https:\/\/info.sadowne.pl\/wp-content\/uploads\/2023\/09\/sad1005-300x175.jpg 300w\" sizes=\"auto, (max-width: 606px) 100vw, 606px\" \/><\/a><\/p>\n<p style=\"text-align: center;\">I oczywi\u015bcie pami\u0105tkowe zdj\u0119cie przed nasz\u0105 pi\u0119kn\u0105 \u015bwi\u0105tyni\u0105.<\/p>\n<p><a href=\"http:\/\/info.sadowne.pl\/wp-content\/uploads\/2023\/09\/sad1006.jpg\"><img loading=\"lazy\" decoding=\"async\" class=\"aligncenter size-full wp-image-28243\" src=\"http:\/\/info.sadowne.pl\/wp-content\/uploads\/2023\/09\/sad1006.jpg\" alt=\"\" width=\"602\" height=\"383\" srcset=\"https:\/\/info.sadowne.pl\/wp-content\/uploads\/2023\/09\/sad1006.jpg 602w, https:\/\/info.sadowne.pl\/wp-content\/uploads\/2023\/09\/sad1006-300x191.jpg 300w\" sizes=\"auto, (max-width: 602px) 100vw, 602px\" \/><\/a><\/p>\n<p>Na przywitanie m\u0142odych wracaj\u0105cych z ko\u015bcio\u0142a, pada najcz\u0119\u015bciej jedno pytanie:<\/p>\n<p>&#8211; ,,co wolisz pani m\u0142oda \u2013 chleb, czy pana m\u0142odego?\u201d<\/p>\n<p>Ona odpowiada:<\/p>\n<p>&#8211; ,,i chleb i pana m\u0142odego, \u017ceby pracowa\u0142 na niego!\u201d<\/p>\n<p><a href=\"http:\/\/info.sadowne.pl\/wp-content\/uploads\/2023\/09\/sad1007.jpg\"><img loading=\"lazy\" decoding=\"async\" class=\"aligncenter size-full wp-image-28244\" src=\"http:\/\/info.sadowne.pl\/wp-content\/uploads\/2023\/09\/sad1007.jpg\" alt=\"\" width=\"605\" height=\"296\" srcset=\"https:\/\/info.sadowne.pl\/wp-content\/uploads\/2023\/09\/sad1007.jpg 605w, https:\/\/info.sadowne.pl\/wp-content\/uploads\/2023\/09\/sad1007-300x147.jpg 300w\" sizes=\"auto, (max-width: 605px) 100vw, 605px\" \/><\/a><\/p>\n<p style=\"text-align: center;\">A to tradycyjne przeniesienie panny m\u0142odej przez pr\u00f3g.<\/p>\n<p><a href=\"http:\/\/info.sadowne.pl\/wp-content\/uploads\/2023\/09\/sad1008.jpg\"><img loading=\"lazy\" decoding=\"async\" class=\"aligncenter size-full wp-image-28245\" src=\"http:\/\/info.sadowne.pl\/wp-content\/uploads\/2023\/09\/sad1008.jpg\" alt=\"\" width=\"453\" height=\"491\" srcset=\"https:\/\/info.sadowne.pl\/wp-content\/uploads\/2023\/09\/sad1008.jpg 453w, https:\/\/info.sadowne.pl\/wp-content\/uploads\/2023\/09\/sad1008-277x300.jpg 277w\" sizes=\"auto, (max-width: 453px) 100vw, 453px\" \/><\/a><\/p>\n<p style=\"text-align: center;\">Agnieszka Pi\u0119tka z <strong>K\u0105dzio\u0142eczk<\/strong>i i Piotr Olkowski z <strong>Sadowianek.<\/strong><\/p>\n<p style=\"text-align: left;\"><strong>Czy teraz ju\u017c biesiada? O nie! Stop!<\/strong><\/p>\n<p><a href=\"http:\/\/info.sadowne.pl\/wp-content\/uploads\/2023\/09\/sad1009.jpg\"><img loading=\"lazy\" decoding=\"async\" class=\"aligncenter size-full wp-image-28246\" src=\"http:\/\/info.sadowne.pl\/wp-content\/uploads\/2023\/09\/sad1009.jpg\" alt=\"\" width=\"404\" height=\"617\" srcset=\"https:\/\/info.sadowne.pl\/wp-content\/uploads\/2023\/09\/sad1009.jpg 404w, https:\/\/info.sadowne.pl\/wp-content\/uploads\/2023\/09\/sad1009-196x300.jpg 196w\" sizes=\"auto, (max-width: 404px) 100vw, 404px\" \/><\/a><\/p>\n<p style=\"text-align: center;\">Nasi przedstawiciele urz\u0119d\u00f3w jeszcze <strong>udziel\u0105 \u015blubu cywilnego.<\/strong><\/p>\n<p><a href=\"http:\/\/info.sadowne.pl\/wp-content\/uploads\/2023\/09\/sad1010.jpg\"><img loading=\"lazy\" decoding=\"async\" class=\"aligncenter size-full wp-image-28247\" src=\"http:\/\/info.sadowne.pl\/wp-content\/uploads\/2023\/09\/sad1010.jpg\" alt=\"\" width=\"603\" height=\"394\" srcset=\"https:\/\/info.sadowne.pl\/wp-content\/uploads\/2023\/09\/sad1010.jpg 603w, https:\/\/info.sadowne.pl\/wp-content\/uploads\/2023\/09\/sad1010-300x196.jpg 300w\" sizes=\"auto, (max-width: 603px) 100vw, 603px\" \/><\/a><\/p>\n<p style=\"text-align: center;\">A teraz b\u0142ogos\u0142awie\u0144stwo biesiadnych potraw i \u017cyczenia od ksi\u0119dza proboszcza Antoniego Kunickiego i pani marsza\u0142ek El\u017cbiety Lanc.<\/p>\n<p><a href=\"http:\/\/info.sadowne.pl\/wp-content\/uploads\/2023\/09\/sad1011.jpg\"><img loading=\"lazy\" decoding=\"async\" class=\"aligncenter size-full wp-image-28248\" src=\"http:\/\/info.sadowne.pl\/wp-content\/uploads\/2023\/09\/sad1011.jpg\" alt=\"\" width=\"591\" height=\"590\" srcset=\"https:\/\/info.sadowne.pl\/wp-content\/uploads\/2023\/09\/sad1011.jpg 591w, https:\/\/info.sadowne.pl\/wp-content\/uploads\/2023\/09\/sad1011-300x300.jpg 300w\" sizes=\"auto, (max-width: 591px) 100vw, 591px\" \/><\/a><\/p>\n<p>&nbsp;<\/p>\n<p><a href=\"http:\/\/info.sadowne.pl\/wp-content\/uploads\/2023\/09\/sad1012.jpg\"><img loading=\"lazy\" decoding=\"async\" class=\"aligncenter size-full wp-image-28249\" src=\"http:\/\/info.sadowne.pl\/wp-content\/uploads\/2023\/09\/sad1012.jpg\" alt=\"\" width=\"600\" height=\"388\" srcset=\"https:\/\/info.sadowne.pl\/wp-content\/uploads\/2023\/09\/sad1012.jpg 600w, https:\/\/info.sadowne.pl\/wp-content\/uploads\/2023\/09\/sad1012-300x194.jpg 300w\" sizes=\"auto, (max-width: 600px) 100vw, 600px\" \/><\/a><\/p>\n<p style=\"text-align: center;\">Bogusia Danaj, Henia Kibart, Basia Decyk.<\/p>\n<p style=\"text-align: left;\"><strong>Bawimy si\u0119, wesele trwa!<\/strong><\/p>\n<p><a href=\"http:\/\/info.sadowne.pl\/wp-content\/uploads\/2023\/09\/sad1013.jpg\"><img loading=\"lazy\" decoding=\"async\" class=\"aligncenter size-full wp-image-28250\" src=\"http:\/\/info.sadowne.pl\/wp-content\/uploads\/2023\/09\/sad1013.jpg\" alt=\"\" width=\"602\" height=\"280\" srcset=\"https:\/\/info.sadowne.pl\/wp-content\/uploads\/2023\/09\/sad1013.jpg 602w, https:\/\/info.sadowne.pl\/wp-content\/uploads\/2023\/09\/sad1013-300x140.jpg 300w\" sizes=\"auto, (max-width: 602px) 100vw, 602px\" \/><\/a><\/p>\n<p style=\"text-align: center;\">Krysia Wetoszka z m\u0119\u017cem Andrzejem, akordeonista Andrzej Olton, Hania D\u0119bkowska, Wiesia Steplikowska, Gabrysia Siewiera, akordeonista zespo\u0142u K\u0105dzio\u0142eczka i siedz\u0105ca Henia Kibart.<\/p>\n<p><a href=\"http:\/\/info.sadowne.pl\/wp-content\/uploads\/2023\/09\/sad1014.jpg\"><img loading=\"lazy\" decoding=\"async\" class=\"aligncenter size-full wp-image-28251\" src=\"http:\/\/info.sadowne.pl\/wp-content\/uploads\/2023\/09\/sad1014.jpg\" alt=\"\" width=\"608\" height=\"340\" srcset=\"https:\/\/info.sadowne.pl\/wp-content\/uploads\/2023\/09\/sad1014.jpg 608w, https:\/\/info.sadowne.pl\/wp-content\/uploads\/2023\/09\/sad1014-300x168.jpg 300w\" sizes=\"auto, (max-width: 608px) 100vw, 608px\" \/><\/a><\/p>\n<p style=\"text-align: center;\">Tereska Biernat, Basia Wr\u00f3bel, Krysia Wetoszka z m\u0119\u017cem Andrzejem i akordeonista Zespo\u0142u Sadowianki Andrzej Olton.<\/p>\n<p><a href=\"http:\/\/info.sadowne.pl\/wp-content\/uploads\/2023\/09\/sad1015.jpg\"><img loading=\"lazy\" decoding=\"async\" class=\"aligncenter size-full wp-image-28252\" src=\"http:\/\/info.sadowne.pl\/wp-content\/uploads\/2023\/09\/sad1015.jpg\" alt=\"\" width=\"604\" height=\"353\" srcset=\"https:\/\/info.sadowne.pl\/wp-content\/uploads\/2023\/09\/sad1015.jpg 604w, https:\/\/info.sadowne.pl\/wp-content\/uploads\/2023\/09\/sad1015-300x175.jpg 300w\" sizes=\"auto, (max-width: 604px) 100vw, 604px\" \/><\/a><\/p>\n<p style=\"text-align: center;\">Sto lat dla pary m\u0142odej i ,,gorzka w\u00f3dka\u201d od Zespo\u0142u Sadowianki.<\/p>\n<p style=\"text-align: center;\">A potem:<\/p>\n<h3 style=\"text-align: center;\"><span style=\"color: #ff0000;\"><strong>Czas na oczepiny. Krzese\u0142ka ju\u017c przygotowane.<\/strong><\/span><\/h3>\n<h3 style=\"text-align: center;\"><span style=\"color: #ff0000;\"><strong>Bo wreszcie pani m\u0142oda musi odda\u0107 wianek!<\/strong><\/span><\/h3>\n<p><a href=\"http:\/\/info.sadowne.pl\/wp-content\/uploads\/2023\/09\/sad1016.jpg\"><img loading=\"lazy\" decoding=\"async\" class=\"aligncenter size-full wp-image-28253\" src=\"http:\/\/info.sadowne.pl\/wp-content\/uploads\/2023\/09\/sad1016.jpg\" alt=\"\" width=\"597\" height=\"463\" srcset=\"https:\/\/info.sadowne.pl\/wp-content\/uploads\/2023\/09\/sad1016.jpg 597w, https:\/\/info.sadowne.pl\/wp-content\/uploads\/2023\/09\/sad1016-300x233.jpg 300w\" sizes=\"auto, (max-width: 597px) 100vw, 597px\" \/><\/a><\/p>\n<p style=\"text-align: center;\">Hanna D\u0119bkowska, Dorota Olkowska, Teresa W\u00f3jcik.<\/p>\n<p style=\"text-align: center;\">Stoj\u0105: Wiesia Steplikowska, Gabrysia Siewiera.<\/p>\n<p><a href=\"http:\/\/info.sadowne.pl\/wp-content\/uploads\/2023\/09\/sad1017.jpg\"><img loading=\"lazy\" decoding=\"async\" class=\"aligncenter size-full wp-image-28254\" src=\"http:\/\/info.sadowne.pl\/wp-content\/uploads\/2023\/09\/sad1017.jpg\" alt=\"\" width=\"607\" height=\"407\" srcset=\"https:\/\/info.sadowne.pl\/wp-content\/uploads\/2023\/09\/sad1017.jpg 607w, https:\/\/info.sadowne.pl\/wp-content\/uploads\/2023\/09\/sad1017-300x201.jpg 300w\" sizes=\"auto, (max-width: 607px) 100vw, 607px\" \/><\/a><\/p>\n<p style=\"text-align: center;\"><strong>Kochani, to musz\u0119 koniecznie pokaza\u0107!<\/strong><\/p>\n<p style=\"text-align: center;\"><strong>Pani marsza\u0142ek w podzi\u0119kowaniu od m\u0142odej pary za\u2026\u00a0 A mo\u017ce to przemilcz\u0119, powiem za\u015b, co otrzyma\u0142a. <\/strong><\/p>\n<p style=\"text-align: center;\"><strong>Jak widzimy, \u015bliczna ma\u0142a owieczka.<\/strong><\/p>\n<p>Po wszystkich ceremoniach weselnych trwa\u0142a zabawa, a do ta\u0144ca przygrywa\u0142 <strong>Zesp\u00f3\u0142 ,,Sami Swoi\u201d z Ziele\u0144ca.<\/strong><\/p>\n<p style=\"text-align: center;\"><span style=\"color: #0000ff;\"><strong>SADOWNE \u2013 OSIECK <\/strong><\/span><\/p>\n<p style=\"text-align: center;\"><span style=\"color: #ff0000;\"><strong>30 lipca 2022 roku<\/strong><\/span><\/p>\n<p><strong>\u00a0<\/strong>Zaprzyja\u017aniony z Sadowiankami <strong>ZESP\u00d3\u0141 K\u0104DZIO\u0141ECZKA <\/strong>obchodzi\u0142 jubileusz 10-lecia istnienia.<\/p>\n<p><strong>Sadowianki<\/strong> zosta\u0142y zaproszone na t\u0119 uroczysto\u015b\u0107 do Domu Kultury w Osiecku, by tam wsp\u00f3lnie z przyjaci\u00f3\u0142mi i innymi zaproszonymi zespo\u0142ami \u015bwi\u0119towa\u0107.<\/p>\n<p>Na t\u0119 okoliczno\u015b\u0107 zesp\u00f3\u0142 przygotowa\u0142 specjalny repertuar piosenek, poniewa\u017c K\u0105dzio\u0142eczka zaproponowa\u0142a, aby podczas ucztowania wyst\u0105pi\u0142y jej zaprzyja\u017anione zespo\u0142y w programie o nazwie:<\/p>\n<h3 style=\"text-align: center;\"><strong>\u00a0<span style=\"color: #000080;\"><em>&#8222;PRZEL\u0104D PIOSENKI LUDOWEJ&#8221;<\/em><\/span><\/strong><\/h3>\n<p style=\"text-align: center;\"><strong>Repertuar Zespo\u0142u Sadowianki:<\/strong><\/p>\n<p style=\"text-align: center;\"><strong>Wszyscy tu przyszli\u015bmy <span style=\"color: #ff0000;\">C<\/span><\/strong><\/p>\n<p style=\"text-align: center;\"><strong>Na zielonym polu <span style=\"color: #ff0000;\">B<\/span><\/strong><\/p>\n<p style=\"text-align: center;\"><strong>Za\u015bpiewa\u0142 ptaszek <span style=\"color: #ff0000;\">F<\/span><\/strong><\/p>\n<p style=\"text-align: center;\"><strong>U jeziora zimna woda <span style=\"color: #ff0000;\">D<\/span><\/strong><\/p>\n<p style=\"text-align: center;\"><strong>Moja mi\u0142a kochaneczko <span style=\"color: #ff0000;\">C<\/span><\/strong><\/p>\n<p style=\"text-align: center;\"><strong>Ta\u0144cowa\u0142 Kuba w sieni <span style=\"color: #ff0000;\">F<\/span><\/strong><\/p>\n<p style=\"text-align: center;\"><strong>Zagrajcie mi skrzypce <span style=\"color: #ff0000;\">g-moll<\/span>, <span style=\"color: #ff0000;\">d-moll<\/span><\/strong><\/p>\n<p style=\"text-align: center;\"><strong>Gdybym by\u0142a tak m\u0142oda <span style=\"color: #ff0000;\">C<\/span><\/strong><\/p>\n<p style=\"text-align: center;\"><strong>Trzymajmy si\u0119 za r\u0119ce <span style=\"color: #ff0000;\">C<\/span><\/strong><\/p>\n<p><strong>\u0179r\u00f3d\u0142o: <\/strong>SADOWIANKI, Barbara Wr\u00f3bel, Sadowne 2023<\/p>\n","protected":false},"excerpt":{"rendered":"<p>KRUPI\u0143SKIE \u2013 OCI\u0118TE &#8211; 9 lipca 2022 roku.<\/p>\n","protected":false},"author":1,"featured_media":0,"comment_status":"closed","ping_status":"closed","sticky":false,"template":"","format":"standard","meta":{"footnotes":""},"categories":[5,31,1202],"tags":[3943,1218,101,960],"class_list":["post-28216","post","type-post","status-publish","format-standard","hentry","category-newsy","category-historia-gminy","category-zespol-spiewaczy-sadowianki","tag-50-lat-zespolu-spiewaczego-sadowianki","tag-barbara-wrobel","tag-historia-gminy-sadowne","tag-zespol-spiewaczy-sadowianki"],"views":1874,"_links":{"self":[{"href":"https:\/\/info.sadowne.pl\/index.php?rest_route=\/wp\/v2\/posts\/28216","targetHints":{"allow":["GET"]}}],"collection":[{"href":"https:\/\/info.sadowne.pl\/index.php?rest_route=\/wp\/v2\/posts"}],"about":[{"href":"https:\/\/info.sadowne.pl\/index.php?rest_route=\/wp\/v2\/types\/post"}],"author":[{"embeddable":true,"href":"https:\/\/info.sadowne.pl\/index.php?rest_route=\/wp\/v2\/users\/1"}],"replies":[{"embeddable":true,"href":"https:\/\/info.sadowne.pl\/index.php?rest_route=%2Fwp%2Fv2%2Fcomments&post=28216"}],"version-history":[{"count":5,"href":"https:\/\/info.sadowne.pl\/index.php?rest_route=\/wp\/v2\/posts\/28216\/revisions"}],"predecessor-version":[{"id":28255,"href":"https:\/\/info.sadowne.pl\/index.php?rest_route=\/wp\/v2\/posts\/28216\/revisions\/28255"}],"wp:attachment":[{"href":"https:\/\/info.sadowne.pl\/index.php?rest_route=%2Fwp%2Fv2%2Fmedia&parent=28216"}],"wp:term":[{"taxonomy":"category","embeddable":true,"href":"https:\/\/info.sadowne.pl\/index.php?rest_route=%2Fwp%2Fv2%2Fcategories&post=28216"},{"taxonomy":"post_tag","embeddable":true,"href":"https:\/\/info.sadowne.pl\/index.php?rest_route=%2Fwp%2Fv2%2Ftags&post=28216"}],"curies":[{"name":"wp","href":"https:\/\/api.w.org\/{rel}","templated":true}]}}