{"id":28259,"date":"2023-09-28T16:11:21","date_gmt":"2023-09-28T14:11:21","guid":{"rendered":"http:\/\/info.sadowne.pl\/?p=28259"},"modified":"2023-09-28T16:11:21","modified_gmt":"2023-09-28T14:11:21","slug":"grzybki-w-lipkach-ceremonia-z-dziecmi-w-sadownem","status":"publish","type":"post","link":"https:\/\/info.sadowne.pl\/?p=28259","title":{"rendered":"Grzybki w Lipkach, ceremonia z dzie\u0107mi w Sadownem,"},"content":{"rendered":"<p><strong><a href=\"http:\/\/info.sadowne.pl\/wp-content\/uploads\/2023\/09\/Brok145.jpg\" target=\"_blank\" rel=\"noopener\"><img loading=\"lazy\" decoding=\"async\" class=\"alignleft wp-image-28260 size-thumbnail\" src=\"http:\/\/info.sadowne.pl\/wp-content\/uploads\/2023\/09\/Brok145-180x130.jpg\" alt=\"\" width=\"180\" height=\"130\" \/><\/a>\u2026wystrzegajcie si\u0119 nieznajomych na jarmarku w Andrzejewie, przemiana Kurpi\u00f3w w dekadent\u00f3w etycznych, sier\u017cant zastrzeli\u0142 \u017con\u0119.<\/strong><!--more--><\/p>\n<p>Pilnie nadstawiaj\u0105c uszu, zebra\u0142 pan Tymoteusz Lipi\u0144ski spory zas\u00f3b rozmaitych przys\u0142\u00f3w, po czym opublikowa\u0142 je w wysokich lot\u00f3w kwartalniku \u201eBiblioteka Warszawska\u201d. Z przys\u0142owiami dotycz\u0105cymi naszego szeroko poj\u0119tego regionu czytelnicy maj\u0105 okazj\u0119 zapozna\u0107 si\u0119 w niniejszym opracowaniu.<\/p>\n<p>Jan Olton, reprezentant rodu, kt\u00f3ry od wiek\u00f3w zamieszkuje nad Bugiem, zdaje szczeg\u00f3\u0142ow\u0105 relacj\u0119 z przebiegu uroczysto\u015bci przyj\u0119cia pierwszej Komunii \u015awi\u0119tej przez dziatki z parafii Sadowne. Niestety, nie wspomina o prezentach, jakie bohaterom tego wydarzenia wr\u0119czano zwyczajowo przy tej okazji.<\/p>\n<p>Je\u017celi kto\u015b zauwa\u017cy na jarmarku m\u0142odzika z w\u0105sami i zgolon\u0105 brod\u0105, pucu\u0142owatego na twarzy, o spojrzeniu nieprzyjemnym i odzianego w kus\u0105 marynark\u0119, to prosimy nie wchodzi\u0107 z nim w \u017cadne uk\u0142ady, lecz natychmiast wo\u0142a\u0107 st\u00f3jkowego.<\/p>\n<p>Pan Dominik Staszewski odkrywa przed nami kolejne ma\u0142o znane, a tak\u017ce zupe\u0142nie nieznane strony \u017cycia puszcza\u0144skiego ludu. W dzisiejszym odcinku nie ma nic o \u201eameryckich\u201d ladacznicach, ale za to sporo jest o etycznej secesji Kurpi\u00f3w dokonanej pomimo \u201ebraku znajomo\u015bci pr\u0105d\u00f3w i kierunk\u00f3w artystycznych, literackich\u201d oraz o tym, \u017ce wyrwanie si\u0119 Kurpi\u00f3w spod opieki Ko\u015bcio\u0142a, odda\u0142o ich na pastw\u0119 zagranicznej demoralizacji.<\/p>\n<p>W podostrowskim Komorowie dosz\u0142o do przykrego rodzinnego incydentu. Motywy wci\u0105\u017c nie s\u0105 znane. B\u0119dziemy informowa\u0107 o najnowszych ustaleniach, gdy tylko w\u0142adze cywilne i wojskowe podziel\u0105 si\u0119 nimi z pras\u0105.<\/p>\n<p><strong>Wi\u0119cej na stronie <span style=\"color: #0000ff;\"><a style=\"color: #0000ff;\" href=\"https:\/\/madzelan.cba.pl\/grzybki-w-lipkach-ceremonia-z-dziecmi-w-sadownem-wystrzegajcie-sie-nieznajomych-na-jarmarku-w-andrzejewie-przemiana-kurpiow-w-dekadentow-etycznych-sierzant-zastrzelil-zone\/\" target=\"_blank\" rel=\"noopener\">https:\/\/madzelan.cba.pl\/grzybki-w-lipkach-ceremonia-z-dziecmi-w-sadownem-wystrzegajcie-sie-nieznajomych-na-jarmarku-w-andrzejewie-przemiana-kurpiow-w-dekadentow-etycznych-sierzant-zastrzelil-zone\/<\/a><\/span><\/strong><\/p>\n","protected":false},"excerpt":{"rendered":"<p>\u2026wystrzegajcie si\u0119 nieznajomych na jarmarku w Andrzejewie, przemiana Kurpi\u00f3w w dekadent\u00f3w etycznych, sier\u017cant zastrzeli\u0142 \u017con\u0119.<\/p>\n","protected":false},"author":1,"featured_media":0,"comment_status":"closed","ping_status":"closed","sticky":false,"template":"","format":"standard","meta":{"footnotes":""},"categories":[5,3436,31],"tags":[101,3004,2956],"class_list":["post-28259","post","type-post","status-publish","format-standard","hentry","category-newsy","category-opowiesci-historie-legendy-brokowskie-i-nie-tylko","category-historia-gminy","tag-historia-gminy-sadowne","tag-jerzy-madzelan","tag-opowiesci-historie-legendy-brokowskie-i-nie-tylko"],"views":1849,"_links":{"self":[{"href":"https:\/\/info.sadowne.pl\/index.php?rest_route=\/wp\/v2\/posts\/28259","targetHints":{"allow":["GET"]}}],"collection":[{"href":"https:\/\/info.sadowne.pl\/index.php?rest_route=\/wp\/v2\/posts"}],"about":[{"href":"https:\/\/info.sadowne.pl\/index.php?rest_route=\/wp\/v2\/types\/post"}],"author":[{"embeddable":true,"href":"https:\/\/info.sadowne.pl\/index.php?rest_route=\/wp\/v2\/users\/1"}],"replies":[{"embeddable":true,"href":"https:\/\/info.sadowne.pl\/index.php?rest_route=%2Fwp%2Fv2%2Fcomments&post=28259"}],"version-history":[{"count":1,"href":"https:\/\/info.sadowne.pl\/index.php?rest_route=\/wp\/v2\/posts\/28259\/revisions"}],"predecessor-version":[{"id":28261,"href":"https:\/\/info.sadowne.pl\/index.php?rest_route=\/wp\/v2\/posts\/28259\/revisions\/28261"}],"wp:attachment":[{"href":"https:\/\/info.sadowne.pl\/index.php?rest_route=%2Fwp%2Fv2%2Fmedia&parent=28259"}],"wp:term":[{"taxonomy":"category","embeddable":true,"href":"https:\/\/info.sadowne.pl\/index.php?rest_route=%2Fwp%2Fv2%2Fcategories&post=28259"},{"taxonomy":"post_tag","embeddable":true,"href":"https:\/\/info.sadowne.pl\/index.php?rest_route=%2Fwp%2Fv2%2Ftags&post=28259"}],"curies":[{"name":"wp","href":"https:\/\/api.w.org\/{rel}","templated":true}]}}