{"id":28262,"date":"2023-10-01T18:26:13","date_gmt":"2023-10-01T16:26:13","guid":{"rendered":"http:\/\/info.sadowne.pl\/?p=28262"},"modified":"2023-10-01T18:26:13","modified_gmt":"2023-10-01T16:26:13","slug":"dzien-otwarty-w-npk","status":"publish","type":"post","link":"https:\/\/info.sadowne.pl\/?p=28262","title":{"rendered":"DZIE\u0143 OTWARTY w NPK"},"content":{"rendered":"<p><a href=\"http:\/\/info.sadowne.pl\/wp-content\/uploads\/2023\/10\/2023.10.01.1.jpg\" target=\"_blank\" rel=\"noopener\"><img loading=\"lazy\" decoding=\"async\" class=\"alignleft wp-image-28263 size-thumbnail\" src=\"http:\/\/info.sadowne.pl\/wp-content\/uploads\/2023\/10\/2023.10.01.1-180x130.jpg\" alt=\"\" width=\"180\" height=\"130\" \/><\/a><\/p>\n<p><strong>1 pa\u017adziernika 2023 roku, w ramach obchod\u00f3w 30-lecia, odby\u0142 si\u0119 Dzie\u0144 Otwarty w Nadbu\u017ca\u0144skim Parku Krajobrazowym.<\/strong><!--more--><\/p>\n<p>Nadbu\u017ca\u0144ski Park Krajobrazowy utworzono w 1993 roku, a siedziba Dyrekcji Parku obecnie mie\u015bci si\u0119 w Kaliskach, gm. \u0141och\u00f3w. Tam te\u017c od kilku dni obchodzono 30-t\u0105 rocznic\u0119 istnienia NPK, a 1 pa\u017adziernika br. zorganizowano Dzie\u0144 Otwarty.<\/p>\n<p>W po\u0142udnie, w imieniu organizator\u00f3w uroczyste spotkanie otworzyli i powitali go\u015bci: p. Sylwester Cho\u0142ast \u2013 Dyrektor Mazowieckiego Zespo\u0142u Park\u00f3w Krajobrazowych oraz p. Maria \u0141opuska \u2013 Dyrektor Nadbu\u017ca\u0144skiego Parku Krajobrazowego. Kilka s\u0142\u00f3w o historii Parku, Helenie i Ignacym Janie Paderewskich oraz bogactwie fauny i flory wyst\u0119puj\u0105cej na tym terenie przekaza\u0142 p. Krzysztof Fedorczyk, a nast\u0119pnie scen\u0105 zaw\u0142adn\u0119li arty\u015bci z Zespo\u0142u Kapela sChodowa, grupy artystycznej ze \u015arodowiskowego Domu Samopomocy z Soko\u0142owa Podlaskiego, EKO-kabaretu-URLE. Ze swoim programem wyst\u0105pi\u0142 te\u017c solista Adam Karpi\u0144ski oraz uczniowie KPS \u201eJulin\u201d im. Heleny i Ignacego Paderewskich w Kalisakch.<\/p>\n<p>O godz. 14-tej rozpocz\u0105\u0142 si\u0119 Koncert pt. \u201ePARY\u017b \u2013 WIEDE\u0143 \u2013 RZYM\u00a0 Muzyczna Wyprawa\u201d, podczas kt\u00f3rego widzowie us\u0142yszeli najpi\u0119kniejsze piosenki z operetek i musicali. Wyst\u0105pili: p. Anna Potyra\u0142a \u2013 Listwon (sopran) i p. S\u0142awomir Naborczyk (tenor). Akompaniament: p. Kaila Malik (skrzypce) i p. Pawe\u0142 Listwon (fortepian). Koncert prowadzi\u0142a p. Zofia Pacz\u00f3ska \u2013 Prezes Stowarzyszenia Edukacyjnego Ziemi W\u0119growskiej i wsp\u00f3\u0142organizator wydarzenia.<\/p>\n<p>W mi\u0119dzyczasie, podczas Dnia Otwartego, na terenie NPK prowadzone by\u0142y zaj\u0119cia edukacyjno \u2013 przyrodnicze dla dzieci, wszyscy mogli skorzysta\u0107 ze stoisk promocyjnych Mazowieckiego Zespo\u0142u Park\u00f3w Krajobrazowych oraz stoisk z wyrobami artystycznymi i regionalnymi. Mo\u017cna te\u017c by\u0142o zapozna\u0107 si\u0119 z nowo otwart\u0105 \u015bcie\u017ck\u0105 przyrodniczo \u2013 edukacyjn\u0105, a na uczestnik\u00f3w czeka\u0142 r\u00f3wnie\u017c darmowy grill i \u201eco\u015b\u201d na s\u0142odko.<\/p>\n<p><span style=\"color: #0000ff;\"><a style=\"color: #0000ff;\" href=\"https:\/\/photos.app.goo.gl\/7nCGDdRDyuv6vPo57\" target=\"_blank\" rel=\"noopener\"><strong>Zdj\u0119cia w galerii Google&gt;&gt;&gt;<\/strong><\/a><\/span><\/p>\n<p><strong>Tekst\/foto:<\/strong> S\u0142awek Chyli\u0144ski<\/p>\n","protected":false},"excerpt":{"rendered":"<p>1 pa\u017adziernika 2023 roku, w ramach obchod\u00f3w 30-lecia, odby\u0142 si\u0119 Dzie\u0144 Otwarty w Nadbu\u017ca\u0144skim Parku Krajobrazowym.<\/p>\n","protected":false},"author":1,"featured_media":0,"comment_status":"closed","ping_status":"closed","sticky":false,"template":"","format":"standard","meta":{"footnotes":""},"categories":[5,1,3370],"tags":[4026,3169],"class_list":["post-28262","post","type-post","status-publish","format-standard","hentry","category-newsy","category-inne","category-nadbuzanski-park-krajobrazowy","tag-30-lecie-nadbuzanskiego-parku-krajobrazowego","tag-nadbuzanski-park-krajobrazowy"],"views":2186,"_links":{"self":[{"href":"https:\/\/info.sadowne.pl\/index.php?rest_route=\/wp\/v2\/posts\/28262","targetHints":{"allow":["GET"]}}],"collection":[{"href":"https:\/\/info.sadowne.pl\/index.php?rest_route=\/wp\/v2\/posts"}],"about":[{"href":"https:\/\/info.sadowne.pl\/index.php?rest_route=\/wp\/v2\/types\/post"}],"author":[{"embeddable":true,"href":"https:\/\/info.sadowne.pl\/index.php?rest_route=\/wp\/v2\/users\/1"}],"replies":[{"embeddable":true,"href":"https:\/\/info.sadowne.pl\/index.php?rest_route=%2Fwp%2Fv2%2Fcomments&post=28262"}],"version-history":[{"count":1,"href":"https:\/\/info.sadowne.pl\/index.php?rest_route=\/wp\/v2\/posts\/28262\/revisions"}],"predecessor-version":[{"id":28264,"href":"https:\/\/info.sadowne.pl\/index.php?rest_route=\/wp\/v2\/posts\/28262\/revisions\/28264"}],"wp:attachment":[{"href":"https:\/\/info.sadowne.pl\/index.php?rest_route=%2Fwp%2Fv2%2Fmedia&parent=28262"}],"wp:term":[{"taxonomy":"category","embeddable":true,"href":"https:\/\/info.sadowne.pl\/index.php?rest_route=%2Fwp%2Fv2%2Fcategories&post=28262"},{"taxonomy":"post_tag","embeddable":true,"href":"https:\/\/info.sadowne.pl\/index.php?rest_route=%2Fwp%2Fv2%2Ftags&post=28262"}],"curies":[{"name":"wp","href":"https:\/\/api.w.org\/{rel}","templated":true}]}}