{"id":28335,"date":"2023-10-14T18:37:01","date_gmt":"2023-10-14T16:37:01","guid":{"rendered":"http:\/\/info.sadowne.pl\/?p=28335"},"modified":"2023-10-14T18:37:01","modified_gmt":"2023-10-14T16:37:01","slug":"sadowianki-z-wyroznieniem","status":"publish","type":"post","link":"https:\/\/info.sadowne.pl\/?p=28335","title":{"rendered":"\u201eSadowianki\u201d z wyr\u00f3\u017cnieniem"},"content":{"rendered":"<p><a href=\"http:\/\/info.sadowne.pl\/wp-content\/uploads\/2023\/10\/2023.10.14.1.jpg\" target=\"_blank\" rel=\"noopener\"><img loading=\"lazy\" decoding=\"async\" class=\"alignleft wp-image-28336 size-thumbnail\" src=\"http:\/\/info.sadowne.pl\/wp-content\/uploads\/2023\/10\/2023.10.14.1-180x130.jpg\" alt=\"\" width=\"180\" height=\"130\" \/><\/a><\/p>\n<p><strong>Zako\u0144czy\u0142 si\u0119 XVII Mazowiecki Przegl\u0105d Tw\u00f3rczo\u015bci Artystycznej Senior\u00f3w \u201eW\u0119growskie Barwy Jesieni\u201d. Zesp\u00f3\u0142 \u015apiewaczy \u201eSadowianki\u201d otrzyma\u0142 wyr\u00f3\u017cnienie.<\/strong><!--more--><\/p>\n<p>7 i 8 pa\u017adziernika 2023 r. w W\u0119growskim O\u015brodku Kultury odby\u0142y si\u0119 prezentacje sceniczne tegorocznych \u201eW\u0119growskich Barw Jesieni\u201d. Komisja konkursowa oceni\u0142a uczestnik\u00f3w Przegl\u0105du, kt\u00f3rzy zaprezentowali si\u0119 w 6-ciu kategoriach:<\/p>\n<ol>\n<li>ch\u00f3ry, zespo\u0142y wokalno-muzyczne,<\/li>\n<li>zespo\u0142y folklorystyczne,<\/li>\n<li>soli\u015bci i duety,<\/li>\n<li>zespo\u0142y taneczne,<\/li>\n<li>teatry i kabarety,<\/li>\n<li>monolog lub recytacja.<\/li>\n<\/ol>\n<p>Do konkursu przyst\u0105pi\u0142y \u0142\u0105cznie 33 podmioty artystyczne (w kategorii zespo\u0142y taneczne brak by\u0142o konkurencji, gdy\u017c zg\u0142osi\u0142 si\u0119 tylko jeden podmiot: Zesp\u00f3l Taneczny LUZ 50+ z Siedlec).<\/p>\n<p>Oczywi\u015bcie w Mazowieckim Przegl\u0105dzie Tw\u00f3rczo\u015bci Artystycznej Senior\u00f3w nie mog\u0142o zabrakn\u0105\u0107 naszego Zespo\u0142u \u015apiewaczego \u201eSadowianki\u201d, kt\u00f3ry jest uczestnikiem Przegl\u0105du od wielu lat. Jak dowiedzieli\u015bmy si\u0119, \u201eSadowianki\u201d zaprezentowa\u0142y si\u0119 \u015bwietnie na scenie podczas pierwszego dnia \u201eW\u0119growskich Barw Jesieni\u201d. Doceni\u0142a to komisja konkursowa i nasz Zesp\u00f3\u0142 zosta\u0142 zaproszony na Fina\u0142 Przegl\u0105du.<\/p>\n<p>Gal\u0119 Fina\u0142ow\u0105 w WOK W\u0119gr\u00f3w w dniu 14 pa\u017adziernika br. poprowadzi\u0142a p. Katarzyna Zabada\u0142a \u2013 Dyrektor W\u0119growskiego O\u015brodka Kultury. Rozpocz\u0105\u0142 j\u0105 wyst\u0119p Zespo\u0142u \u201eArt-Senior\u201d, a kilka s\u0142\u00f3w do publiczno\u015bci skierowali: p. El\u017cbieta Lanc \u2013 cz\u0142onek Zarz\u0105du Wojew\u00f3dztwa Mazowieckiego, p. Pawe\u0142 Marchela \u2013 Burmistrz W\u0119growa i przedstawiciele Komisji Konkursowej XVII Mazowieckiego Przegl\u0105du Tw\u00f3rczo\u015bci Artystycznej. Osoby te wr\u0119czy\u0142y r\u00f3wnie\u017c dyplomy i nagrody pieni\u0119\u017cne finalistom poszczeg\u00f3lnych kategorii konkursu.<\/p>\n<p>P. Dyrektor Zabada\u0142a zapozna\u0142a wszystkich z wynikami konkursu, a podmioty artystyczne, kt\u00f3re zaj\u0119\u0142y I-sze miejsca w swoich kategoriach, ponownie przedstawi\u0142y na scenie swoje prezentacje konkursowe. By\u0142y to: Zesp\u00f3\u0142 Wokalny \u201eArt Styl\u201d z Siedlec w kategorii ch\u00f3ry, zespo\u0142y wokalno &#8211; muzyczne; Zesp\u00f3\u0142 Kabaretowy \u201eJar-Senior\u201d z Jarnic i Weso\u0142a Grupa Teatralna \u201ePantominki\u201d z \u0141ochowa w kategorii teatry i kabarety; p. Irena Zdunek z Wyszkowa w kategorii soli\u015bci i duety; p. Mieczys\u0142aw Staniszewski ze Starejwsi w kategorii monolog lub recytacja; Zesp\u00f3\u0142 Ludowy \u201eW\u0119growianie\u201d w kategorii zespo\u0142y folklorystyczne.<\/p>\n<p>W tej ostatniej kategorii (zespo\u0142y folklorystyczne) II miejsce zaj\u0105\u0142 Zesp\u00f3\u0142 Ludowy \u201eJab\u0142oniacy\u201d z Jab\u0142onnej Lackiej, a III miejsce \u2013 Zesp\u00f3\u0142 Piosenki Biesiadnej \u201eMrokowiacy\u201d z Lesznowoli. Wyr\u00f3\u017cnienia otrzyma\u0142y zespo\u0142y: \u201eGwizdalanki\u201d, \u201eS\u0105siadeczki\u201d i \u201eSadowianki\u201d (szczeg\u00f3\u0142owe wyniki konkursu zapewne b\u0119d\u0105 dost\u0119pne na stronie W\u0119growskiego O\u015brodka Kultury).<\/p>\n<p><strong>Wszystkim finalistom XVII \u201eW\u0119growskich Barw Jesieni\u201d gratulujemy wyr\u00f3\u017cnie\u0144 i \u017cyczymy dalszej, owocnej kariery artystycznej.<\/strong><\/p>\n<p>Podczas tej uroczysto\u015bci rozstrzygni\u0119to te\u017c konkurs literacki \u201eW\u0119growskich Barw Jesieni 2023\u201d i wr\u0119czono nagrody jego laureatom. Oto oni: I miejsce \u2013 p. Barbara Maksymiuk z Siedlec, II miejsce \u2013 p. Zbigniew Mys\u0142owiecki z Sadownego i III miejsce \u2013 p. Barbara Maczkowska z Gr\u0119bkowa. Gratulujemy!<\/p>\n<p><span style=\"color: #0000ff;\"><a style=\"color: #0000ff;\" href=\"https:\/\/photos.app.goo.gl\/6L8WNrEgEsgNjFR6A\" target=\"_blank\" rel=\"noopener\"><strong>Zdj\u0119cia w galerii Google&gt;&gt;&gt;<\/strong><\/a><\/span><\/p>\n<p><strong>Tekst\/foto:<\/strong> S\u0142awek Chyli\u0144ski<\/p>\n","protected":false},"excerpt":{"rendered":"<p>Zako\u0144czy\u0142 si\u0119 XVII Mazowiecki Przegl\u0105d Tw\u00f3rczo\u015bci Artystycznej Senior\u00f3w \u201eW\u0119growskie Barwy Jesieni\u201d. Zesp\u00f3\u0142 \u015apiewaczy \u201eSadowianki\u201d otrzyma\u0142 wyr\u00f3\u017cnienie.<\/p>\n","protected":false},"author":1,"featured_media":0,"comment_status":"closed","ping_status":"closed","sticky":false,"template":"","format":"standard","meta":{"footnotes":""},"categories":[5,1,2495],"tags":[153,4034,960],"class_list":["post-28335","post","type-post","status-publish","format-standard","hentry","category-newsy","category-inne","category-nasi-sasiedzi","tag-wegrowski-osrodek-kultury","tag-wegrowskie-barwy-jesieni-2023","tag-zespol-spiewaczy-sadowianki"],"views":2086,"_links":{"self":[{"href":"https:\/\/info.sadowne.pl\/index.php?rest_route=\/wp\/v2\/posts\/28335","targetHints":{"allow":["GET"]}}],"collection":[{"href":"https:\/\/info.sadowne.pl\/index.php?rest_route=\/wp\/v2\/posts"}],"about":[{"href":"https:\/\/info.sadowne.pl\/index.php?rest_route=\/wp\/v2\/types\/post"}],"author":[{"embeddable":true,"href":"https:\/\/info.sadowne.pl\/index.php?rest_route=\/wp\/v2\/users\/1"}],"replies":[{"embeddable":true,"href":"https:\/\/info.sadowne.pl\/index.php?rest_route=%2Fwp%2Fv2%2Fcomments&post=28335"}],"version-history":[{"count":1,"href":"https:\/\/info.sadowne.pl\/index.php?rest_route=\/wp\/v2\/posts\/28335\/revisions"}],"predecessor-version":[{"id":28337,"href":"https:\/\/info.sadowne.pl\/index.php?rest_route=\/wp\/v2\/posts\/28335\/revisions\/28337"}],"wp:attachment":[{"href":"https:\/\/info.sadowne.pl\/index.php?rest_route=%2Fwp%2Fv2%2Fmedia&parent=28335"}],"wp:term":[{"taxonomy":"category","embeddable":true,"href":"https:\/\/info.sadowne.pl\/index.php?rest_route=%2Fwp%2Fv2%2Fcategories&post=28335"},{"taxonomy":"post_tag","embeddable":true,"href":"https:\/\/info.sadowne.pl\/index.php?rest_route=%2Fwp%2Fv2%2Ftags&post=28335"}],"curies":[{"name":"wp","href":"https:\/\/api.w.org\/{rel}","templated":true}]}}