{"id":28366,"date":"2023-10-20T12:10:14","date_gmt":"2023-10-20T10:10:14","guid":{"rendered":"http:\/\/info.sadowne.pl\/?p=28366"},"modified":"2023-10-20T12:19:26","modified_gmt":"2023-10-20T10:19:26","slug":"kolejne-swietne-widowisko-w-sadownem","status":"publish","type":"post","link":"https:\/\/info.sadowne.pl\/?p=28366","title":{"rendered":"Kolejne \u015bwietne widowisko w Sadownem"},"content":{"rendered":"<p><a href=\"http:\/\/info.sadowne.pl\/wp-content\/uploads\/2023\/10\/2023.10.20.1.jpg\" target=\"_blank\" rel=\"noopener\"><img loading=\"lazy\" decoding=\"async\" class=\"alignleft wp-image-28367 size-thumbnail\" src=\"http:\/\/info.sadowne.pl\/wp-content\/uploads\/2023\/10\/2023.10.20.1-180x130.jpg\" alt=\"\" width=\"180\" height=\"130\" \/><\/a><\/p>\n<p><strong>Popo\u0142udniem 19 pa\u017adziernika br. mieli\u015bmy zaszczyt go\u015bci\u0107 w Sadownem artyst\u00f3w Mazowieckiego Teatru Muzycznego im. Jana Kiepury w Warszawie z widowiskiem muzycznym pt. \u201eDla Ciebie \u015bpiewa\u0142em\u201d.<\/strong><!--more--><\/p>\n<p>Sk\u0105d pomys\u0142 na zaprezentowanie tego widowiska w Sadownem? Odpowiedzia\u0142a na to pytanie na pocz\u0105tku\u00a0 spotkania reprezentuj\u0105ca dyrekcj\u0119 Mazowieckiego Teatru Muzycznego p. Katarzyna Derdzikowska. Jak stwierdzi\u0142a, wszystko za spraw\u0105 \u015bwietnej wsp\u00f3\u0142pracy p. El\u017cbiety Lanc \u2013 cz\u0142onka Zarz\u0105du Wojew\u00f3dztwa Mazowieckiego, p. Waldemara Cyrana \u2013 W\u00f3jta gminy Sadowne i p. Ewy Pi\u00f3rkowskiej \u2013 Dyrektora Gminnego O\u015brodka Kultury w Sadownem, w\u0142a\u015bnie z\u2026 Mazowieckim Teatrem Muzycznym.<\/p>\n<p>Potwierdzi\u0142 to r\u00f3wnie\u017c p. Waldemar Cyran, kt\u00f3ry w imieniu widz\u00f3w i mieszka\u0144c\u00f3w Sadownego powita\u0142 wszystkich oraz podzi\u0119kowa\u0142 za przybycie warszawskim artystom. Zaznaczy\u0142, i\u017c widowisko prezentowane jest w ramach obchod\u00f3w 25-lecia Samorz\u0105du Wojew\u00f3dztwa Mazowieckiego, a \u201ezawita\u0142o\u201d do nas g\u0142\u00f3wnie dzi\u0119ki p. El\u017cbiecie Lanc, kt\u00f3ra zawsze dba o szerzenie kultury na naszym terenie w najlepszym jej wydaniu.<\/p>\n<p>P. Kierownik K. Derdzikowska, po powitaniu przyby\u0142ych na wyst\u0119p mieszka\u0144c\u00f3w naszej i s\u0105siednich gmin, pokr\u00f3tce opowiedzia\u0142a o tematyce widowiska, a tak\u017ce przedstawi\u0142a aktor\u00f3w, instrumentalist\u00f3w i cz\u0142onk\u00f3w obs\u0142ugi technicznej.<\/p>\n<p><strong>Jeszcze tylko przypomnijmy:<\/strong><\/p>\n<p>\u201eDla Ciebie \u015bpiewa\u0142em\u2026\u201d to widowisko skrojone specjalnie na inauguracj\u0119 obchod\u00f3w jubileuszowych z okazji 120-tych urodzin Jana Kiepury. Jest to nostalgiczna podr\u00f3\u017c ku wspomnieniom, w towarzystwie najwi\u0119kszych, przedwojennych przeboj\u00f3w: \u201eBlondynki, brunetki\u2026\u201d, \u201eNinon, ach u\u015bmiechnij si\u0119\u201d, \u201eMi\u0142o\u015b\u0107 Ci wszystko wybaczy\u201d, \u201eUm\u00f3wi\u0142em si\u0119 z ni\u0105 na dziewi\u0105t\u0105\u201d. Nie zabraknie r\u00f3wnie\u017c hit\u00f3w prosto z wielkiego ekranu, gdzie t\u0142umy fan\u00f3w podziwia\u0142y mi\u0142o\u015b\u0107 Marty i Jana. To podr\u00f3\u017c pe\u0142na wzrusze\u0144 i szczerego u\u015bmiechu. Na scenie Teatru spotkaj\u0105 si\u0119: Jan jubilat \u2013 tenor wszechczas\u00f3w, Marta Eggerth \u2013 najwi\u0119ksza mi\u0142o\u015b\u0107 Kiepury, Hanka Ordon\u00f3wna \u2013 legenda polskiej sceny, Eugeniusz Bodo \u2013 najbardziej popularny i uwielbiany aktor dwudziestolecia mi\u0119dzywojennego.<\/p>\n<p><strong>Dla Ciebie \u015apiewa\u0142em\u2026<\/strong><\/p>\n<p>Scenariusz: Jakub Milewski (koncepcja), Dariusz Taraszkiewicz (dialogi)<\/p>\n<p>Re\u017cyseria, ruch sceniczny, scenografia: Beata Redo-Dobber<\/p>\n<p>Kierownictwo i opracowanie muzyczne: Mieczys\u0142aw Smyda<\/p>\n<p>Choreografia: Violetta Suska<\/p>\n<p>Kostiumy: Maria Balcerek<\/p>\n<p>Re\u017cyseria \u015bwiat\u0142a: Artur Wytrykus<\/p>\n<p>Obsada:<\/p>\n<p>Wielbiciel starych fotografii: Jacek Kawalec<\/p>\n<p>Jan Kiepura: \u0141ukasz Ratajczak<\/p>\n<p>Marta Eggerth: Anna Gigiel<\/p>\n<p>Hanka Ordon\u00f3wna: Marta Burdynowicz<\/p>\n<p>Eugeniusz Bodo: Jakub Milewski<\/p>\n<p>Instrumentali\u015bci (muzycy soli\u015bci): Piotr Kaniuga (skrzypce), Bartosz Ko\u0142sut (bandoneon\/akordeon), Mateusz Gramburg (fortepian), Andrzej Zielak (kontrabas), Marcin Jahr (instrumenty perkusyjne).<\/p>\n<p><strong>I rozpocz\u0119\u0142o si\u0119 widowisko\u2026 Jak je podsumowa\u0107? \u015awietne widowisko, \u015bwietny repertuar, \u015bwietni arty\u015bci i wielkie dzi\u0119ki, \u017ce mogli\u015bmy zobaczy\u0107 to na sadowie\u0144skiej \u201escenie\u201d. Dzi\u0119kujemy i prosimy oczywi\u015bcie o wi\u0119cej.<\/strong><\/p>\n<p><span style=\"color: #0000ff;\"><a style=\"color: #0000ff;\" href=\"https:\/\/photos.app.goo.gl\/vsi4Wj1mAHeiTvwc8\" target=\"_blank\" rel=\"noopener\"><strong>Zdj\u0119cia w galerii Google&gt;&gt;&gt;<\/strong><\/a><\/span><\/p>\n<p><strong>Tekst\/foto:<\/strong> S\u0142awek Chyli\u0144ski<\/p>\n","protected":false},"excerpt":{"rendered":"<p>Popo\u0142udniem 19 pa\u017adziernika br. mieli\u015bmy zaszczyt go\u015bci\u0107 w Sadownem artyst\u00f3w Mazowieckiego Teatru Muzycznego im. Jana Kiepury w Warszawie z widowiskiem muzycznym pt. \u201eDla Ciebie \u015bpiewa\u0142em\u201d.<\/p>\n","protected":false},"author":1,"featured_media":0,"comment_status":"closed","ping_status":"closed","sticky":false,"template":"","format":"standard","meta":{"footnotes":""},"categories":[5,91,6],"tags":[4043,25,4038],"class_list":["post-28366","post","type-post","status-publish","format-standard","hentry","category-newsy","category-gminny-osrodek-kultury","category-kultura-rozrywka-edukacja","tag-mazowiecki-teatr-muzyczny-im-jana-kiepury-w-warszawie","tag-sadowne","tag-widowisko-muzyczne-pt-dla-ciebie-spiewalem"],"views":2218,"_links":{"self":[{"href":"https:\/\/info.sadowne.pl\/index.php?rest_route=\/wp\/v2\/posts\/28366","targetHints":{"allow":["GET"]}}],"collection":[{"href":"https:\/\/info.sadowne.pl\/index.php?rest_route=\/wp\/v2\/posts"}],"about":[{"href":"https:\/\/info.sadowne.pl\/index.php?rest_route=\/wp\/v2\/types\/post"}],"author":[{"embeddable":true,"href":"https:\/\/info.sadowne.pl\/index.php?rest_route=\/wp\/v2\/users\/1"}],"replies":[{"embeddable":true,"href":"https:\/\/info.sadowne.pl\/index.php?rest_route=%2Fwp%2Fv2%2Fcomments&post=28366"}],"version-history":[{"count":2,"href":"https:\/\/info.sadowne.pl\/index.php?rest_route=\/wp\/v2\/posts\/28366\/revisions"}],"predecessor-version":[{"id":28369,"href":"https:\/\/info.sadowne.pl\/index.php?rest_route=\/wp\/v2\/posts\/28366\/revisions\/28369"}],"wp:attachment":[{"href":"https:\/\/info.sadowne.pl\/index.php?rest_route=%2Fwp%2Fv2%2Fmedia&parent=28366"}],"wp:term":[{"taxonomy":"category","embeddable":true,"href":"https:\/\/info.sadowne.pl\/index.php?rest_route=%2Fwp%2Fv2%2Fcategories&post=28366"},{"taxonomy":"post_tag","embeddable":true,"href":"https:\/\/info.sadowne.pl\/index.php?rest_route=%2Fwp%2Fv2%2Ftags&post=28366"}],"curies":[{"name":"wp","href":"https:\/\/api.w.org\/{rel}","templated":true}]}}