{"id":28380,"date":"2023-10-24T20:07:09","date_gmt":"2023-10-24T18:07:09","guid":{"rendered":"http:\/\/info.sadowne.pl\/?p=28380"},"modified":"2023-12-07T15:40:43","modified_gmt":"2023-12-07T14:40:43","slug":"kolo-gospodyn-wiejskich-w-zarzetce-w-programie-z-jakubem-kuroniem","status":"publish","type":"post","link":"https:\/\/info.sadowne.pl\/?p=28380","title":{"rendered":"Ko\u0142o Gospody\u0144 Wiejskich w Zarzetce w programie z Jakubem Kuroniem!"},"content":{"rendered":"<p><strong><a href=\"http:\/\/info.sadowne.pl\/wp-content\/uploads\/2023\/10\/2023.10.24.10.jpg\"><img loading=\"lazy\" decoding=\"async\" class=\"alignleft size-thumbnail wp-image-28392\" src=\"http:\/\/info.sadowne.pl\/wp-content\/uploads\/2023\/10\/2023.10.24.10-180x130.jpg\" alt=\"\" width=\"180\" height=\"130\" \/><\/a>Ko\u0142o Gospody\u0144 Wiejskich w Zarzetce dosta\u0142o si\u0119 do programu Fundacji Biedronki \u201eDanie Wsp\u00f3lnych Chwil\u201d! <\/strong><!--more--><\/p>\n<p><strong>Projekt ma przeciwdzia\u0142a\u0107 samotno\u015bci senior\u00f3w z teren\u00f3w wiejskich i zach\u0119ca\u0107 ich do wyj\u015bcia z domu. Prowadzony jest wsp\u00f3lnie z Ko\u0142ami Gospody\u0144 Wiejskich, kt\u00f3re organizuj\u0105 posi\u0142ki przy wsp\u00f3lnym stole dla os\u00f3b starszych ze swojej okolicy. Ambasadorem akcji jest znany kucharz &#8211; Jakub Kuro\u0144.<\/strong><\/p>\n<p>Ko\u0142o Gospody\u0144 Wiejskich w Zarzetce otrzyma\u0142o od Fundacji Biedronki 4000 z\u0142 na zakupy do sklep\u00f3w Biedronka. Pieni\u0105dze pozwol\u0105 naby\u0107 produkty, kt\u00f3re zostan\u0105 wykorzystane do przygotowania spotka\u0144 z seniorami.<\/p>\n<p>Pierwsze spotkanie zorganizowane przez Ko\u0142o Gospody\u0144 Wiejskich w Zarzetce pod has\u0142em \u201ePa\u017adziernik miesi\u0105cem senior\u00f3w\u201d odby\u0142o si\u0119 22.10.2023 r. W ten spos\u00f3b \u015bwi\u0119towano obchody Mi\u0119dzynarodowego Dnia Os\u00f3b Starszych przypadaj\u0105ce na dzie\u0144 1 pa\u017adziernika oraz Europejski Dzie\u0144 Seniora przypadaj\u0105cy na 20 pa\u017adziernika. Nie oby\u0142o si\u0119 bez ciep\u0142ych s\u0142\u00f3w oraz u\u015bmiech\u00f3w rado\u015bci ze strony uczestnik\u00f3w, co doda\u0142o energii organizatorom do dalszego dzia\u0142ania i przygotowania kolejnych ciekawych spotka\u0144 senior\u00f3w, przewidzianych na listopad i grudzie\u0144.<\/p>\n<p>Ko\u0142a Gospody\u0144 Wiejskich bardzo dobrze znaj\u0105 wsp\u00f3lnot\u0119 s\u0105siedzk\u0105 i wiedz\u0105, kt\u00f3ry senior potrzebuje chwili rozmowy albo ciep\u0142ego posi\u0142ku w mi\u0142ym towarzystwie. Dlatego te\u017c to w\u0142a\u015bnie one zosta\u0142y zaanga\u017cowane do prowadzenia programu \u201eDanie Wsp\u00f3lnych Chwil\u201d. Ko\u0142a Gospody\u0144 Wiejskich nie tylko zapraszaj\u0105 na spotkania osoby starsze, ale r\u00f3wnie\u017c gotuj\u0105 dla senior\u00f3w i dbaj\u0105 o dobr\u0105 atmosfer\u0119.<\/p>\n<p>\u2013 <em>Jestem pod absolutnym wra\u017ceniem skali zaanga\u017cowania K\u00f3\u0142 Gospody\u0144 Wiejskich, kt\u00f3re realizuj\u0105 program \u201eDanie Wsp\u00f3lnych Chwil\u201d. Spotkania z seniorami przygotowywane s\u0105 z ogromnym zaanga\u017cowaniem, pasj\u0105 do gotowania i pysznymi daniami, w kt\u00f3rych przygotowanie w\u0142o\u017cono ca\u0142e serce. Mam nadziej\u0119, \u017ce nie tylko b\u0119d\u0119 m\u00f3g\u0142 przekaza\u0107 swoje wskaz\u00f3wki kulinarne uczestnikom programu, ale \u017ce r\u00f3wnie\u017c i ja b\u0119d\u0119 m\u00f3g\u0142 zaczerpn\u0105\u0107 inspiracje z bogactwa kuchni regionalnej<\/em> \u2013 m\u00f3wi Jakub Kuro\u0144, ambasador programu \u201eDanie Wsp\u00f3lnych Chwil\u201d.<\/p>\n<p>Ko\u0142a, kt\u00f3re bior\u0105 udzia\u0142 w programie, wspierane s\u0105 te\u017c przez dietetyka klinicznego, kt\u00f3ry edukuje uczestnik\u00f3w na temat \u017cywienia senior\u00f3w. Ko\u0142a otrzymuj\u0105 wi\u0119c przepisy dostosowane do potrzeb senior\u00f3w, porady i materia\u0142y edukacyjne.<\/p>\n<p>&#8211; <em>W poprzedniej edycji ka\u017cdego miesi\u0105ca przy wsp\u00f3lnych sto\u0142ach spotyka\u0142o si\u0119 ponad 20 tys. senior\u00f3w w 750 miejscowo\u015bciach w ca\u0142ym kraju. Ko\u0142a w ci\u0105gu zaledwie czterech miesi\u0119cy zorganizowa\u0142y 2300 spotka\u0144 dla os\u00f3b starszych i przygotowa\u0142y dla nich ponad 70\u00a0000 posi\u0142k\u00f3w. Program \u201eDanie Wsp\u00f3lnych Chwil\u201d wyzwoli\u0142 wspania\u0142\u0105 energi\u0119 spo\u0142eczn\u0105, wzmacniaj\u0105c lokalne wsp\u00f3lnoty w mniejszych miejscowo\u015bciach, gdzie wielu senior\u00f3w \u017cyje w samotno\u015bci\u00a0 <\/em>\u2013 m\u00f3wi prezeska Fundacji Biedronki, Katarzyna Scheer.<\/p>\n<p><strong>O Fundacji Biedronki<\/strong><\/p>\n<p>Fundacja Biedronki zosta\u0142a powo\u0142ana w kwietniu 2020 roku. Podejmuje inicjatywy na rzecz przeciwdzia\u0142ania ub\u00f3stwu, niedo\u017cywieniu, samotno\u015bci i wykluczeniu spo\u0142ecznemu os\u00f3b starszych. Rozwija w partnerstwie z innymi organizacjami pomocowymi programy takie, jak \u201eNa codzienne zakupy\u201d czy \u201eKarta dobra\u201d, w kt\u00f3rych potrzebuj\u0105ce osoby starsze otrzymuj\u0105 przedp\u0142acon\u0105 kart\u0119 na zakupy do sklep\u00f3w Biedronka. Fundacja reaguje r\u00f3wnie\u017c na sytuacje kryzysowe \u2013 prowadzi\u0142a m.in. projekt pomocy w czasie pandemii i programy na rzecz Ukrainy. Na programy spo\u0142eczne przeznaczy\u0142a ponad 144 mln z\u0142otych (status na wrzesie\u0144 2023).<\/p>\n<p><a href=\"http:\/\/info.sadowne.pl\/wp-content\/uploads\/2023\/10\/2023.10.24.16.jpg\"><img loading=\"lazy\" decoding=\"async\" class=\"aligncenter size-full wp-image-28381\" src=\"http:\/\/info.sadowne.pl\/wp-content\/uploads\/2023\/10\/2023.10.24.16.jpg\" alt=\"\" width=\"599\" height=\"111\" srcset=\"https:\/\/info.sadowne.pl\/wp-content\/uploads\/2023\/10\/2023.10.24.16.jpg 599w, https:\/\/info.sadowne.pl\/wp-content\/uploads\/2023\/10\/2023.10.24.16-300x56.jpg 300w\" sizes=\"auto, (max-width: 599px) 100vw, 599px\" \/><\/a><\/p>\n<p><strong>Program \u201eDanie Wsp\u00f3lnych Chwil\u201d pokazuje, \u017ce jesie\u0144 \u017cycia mo\u017ce by\u0107 barwna, weso\u0142a, satysfakcjonuj\u0105ca, pe\u0142na ciep\u0142ych emocji i po prostu dobrego \u017cycia. Kontakt do fundacji <\/strong><span style=\"color: #0000ff;\"><a style=\"color: #0000ff;\" href=\"mailto:media@fundacjabiedronki.pl\" target=\"_blank\" rel=\"noopener\">media@fundacjabiedronki.pl<\/a><\/span>.<\/p>\n<p><strong>Agata Kiko\u0142a<\/strong><\/p>\n<p><strong>Przewodnicz\u0105ca Ko\u0142a Gospody\u0144 Wiejskich w Zarzetce<\/strong><\/p>\n\n\t\t<style type=\"text\/css\">\n\t\t\t#gallery-1 {\n\t\t\t\tmargin: auto;\n\t\t\t}\n\t\t\t#gallery-1 .gallery-item {\n\t\t\t\tfloat: left;\n\t\t\t\tmargin-top: 10px;\n\t\t\t\ttext-align: center;\n\t\t\t\twidth: 33%;\n\t\t\t}\n\t\t\t#gallery-1 img {\n\t\t\t\tborder: 2px solid #cfcfcf;\n\t\t\t}\n\t\t\t#gallery-1 .gallery-caption {\n\t\t\t\tmargin-left: 0;\n\t\t\t}\n\t\t\t\/* see gallery_shortcode() in wp-includes\/media.php *\/\n\t\t<\/style>\n\t\t<div id='gallery-1' class='gallery galleryid-28380 gallery-columns-3 gallery-size-thumbnail'><dl class='gallery-item'>\n\t\t\t<dt class='gallery-icon landscape'>\n\t\t\t\t<a href='https:\/\/info.sadowne.pl\/?attachment_id=28382'><img loading=\"lazy\" decoding=\"async\" width=\"180\" height=\"130\" src=\"https:\/\/info.sadowne.pl\/wp-content\/uploads\/2023\/10\/2023.10.5.1-180x130.jpg\" class=\"attachment-thumbnail size-thumbnail\" alt=\"\" \/><\/a>\n\t\t\t<\/dt><\/dl><dl class='gallery-item'>\n\t\t\t<dt class='gallery-icon landscape'>\n\t\t\t\t<a href='https:\/\/info.sadowne.pl\/?attachment_id=28383'><img loading=\"lazy\" decoding=\"async\" width=\"180\" height=\"130\" src=\"https:\/\/info.sadowne.pl\/wp-content\/uploads\/2023\/10\/2023.10.24.1-180x130.jpg\" class=\"attachment-thumbnail size-thumbnail\" alt=\"\" srcset=\"https:\/\/info.sadowne.pl\/wp-content\/uploads\/2023\/10\/2023.10.24.1-180x130.jpg 180w, https:\/\/info.sadowne.pl\/wp-content\/uploads\/2023\/10\/2023.10.24.1-300x219.jpg 300w, https:\/\/info.sadowne.pl\/wp-content\/uploads\/2023\/10\/2023.10.24.1-768x560.jpg 768w, https:\/\/info.sadowne.pl\/wp-content\/uploads\/2023\/10\/2023.10.24.1.jpg 796w\" sizes=\"auto, (max-width: 180px) 100vw, 180px\" \/><\/a>\n\t\t\t<\/dt><\/dl><dl class='gallery-item'>\n\t\t\t<dt class='gallery-icon landscape'>\n\t\t\t\t<a href='https:\/\/info.sadowne.pl\/?attachment_id=28384'><img loading=\"lazy\" decoding=\"async\" width=\"180\" height=\"130\" src=\"https:\/\/info.sadowne.pl\/wp-content\/uploads\/2023\/10\/2023.10.24.2-180x130.jpg\" class=\"attachment-thumbnail size-thumbnail\" alt=\"\" \/><\/a>\n\t\t\t<\/dt><\/dl><br style=\"clear: both\" \/><dl class='gallery-item'>\n\t\t\t<dt class='gallery-icon landscape'>\n\t\t\t\t<a href='https:\/\/info.sadowne.pl\/?attachment_id=28385'><img loading=\"lazy\" decoding=\"async\" width=\"180\" height=\"130\" src=\"https:\/\/info.sadowne.pl\/wp-content\/uploads\/2023\/10\/2023.10.24.3-180x130.jpg\" class=\"attachment-thumbnail size-thumbnail\" alt=\"\" \/><\/a>\n\t\t\t<\/dt><\/dl><dl class='gallery-item'>\n\t\t\t<dt class='gallery-icon landscape'>\n\t\t\t\t<a href='https:\/\/info.sadowne.pl\/?attachment_id=28386'><img loading=\"lazy\" decoding=\"async\" width=\"180\" height=\"130\" src=\"https:\/\/info.sadowne.pl\/wp-content\/uploads\/2023\/10\/2023.10.24.4-180x130.jpg\" class=\"attachment-thumbnail size-thumbnail\" alt=\"\" \/><\/a>\n\t\t\t<\/dt><\/dl><dl class='gallery-item'>\n\t\t\t<dt class='gallery-icon landscape'>\n\t\t\t\t<a href='https:\/\/info.sadowne.pl\/?attachment_id=28387'><img loading=\"lazy\" decoding=\"async\" width=\"180\" height=\"130\" src=\"https:\/\/info.sadowne.pl\/wp-content\/uploads\/2023\/10\/2023.10.24.5-180x130.jpg\" class=\"attachment-thumbnail size-thumbnail\" alt=\"\" \/><\/a>\n\t\t\t<\/dt><\/dl><br style=\"clear: both\" \/><dl class='gallery-item'>\n\t\t\t<dt class='gallery-icon landscape'>\n\t\t\t\t<a href='https:\/\/info.sadowne.pl\/?attachment_id=28388'><img loading=\"lazy\" decoding=\"async\" width=\"180\" height=\"130\" src=\"https:\/\/info.sadowne.pl\/wp-content\/uploads\/2023\/10\/2023.10.24.6-180x130.jpg\" class=\"attachment-thumbnail size-thumbnail\" alt=\"\" \/><\/a>\n\t\t\t<\/dt><\/dl><dl class='gallery-item'>\n\t\t\t<dt class='gallery-icon landscape'>\n\t\t\t\t<a href='https:\/\/info.sadowne.pl\/?attachment_id=28389'><img loading=\"lazy\" decoding=\"async\" width=\"180\" height=\"130\" src=\"https:\/\/info.sadowne.pl\/wp-content\/uploads\/2023\/10\/2023.10.24.7-180x130.jpg\" class=\"attachment-thumbnail size-thumbnail\" alt=\"\" \/><\/a>\n\t\t\t<\/dt><\/dl><dl class='gallery-item'>\n\t\t\t<dt class='gallery-icon landscape'>\n\t\t\t\t<a href='https:\/\/info.sadowne.pl\/?attachment_id=28390'><img loading=\"lazy\" decoding=\"async\" width=\"180\" height=\"130\" src=\"https:\/\/info.sadowne.pl\/wp-content\/uploads\/2023\/10\/2023.10.24.8-180x130.jpg\" class=\"attachment-thumbnail size-thumbnail\" alt=\"\" \/><\/a>\n\t\t\t<\/dt><\/dl><br style=\"clear: both\" \/><dl class='gallery-item'>\n\t\t\t<dt class='gallery-icon landscape'>\n\t\t\t\t<a href='https:\/\/info.sadowne.pl\/?attachment_id=28391'><img loading=\"lazy\" decoding=\"async\" width=\"180\" height=\"130\" src=\"https:\/\/info.sadowne.pl\/wp-content\/uploads\/2023\/10\/2023.10.24.9-180x130.jpg\" class=\"attachment-thumbnail size-thumbnail\" alt=\"\" \/><\/a>\n\t\t\t<\/dt><\/dl><dl class='gallery-item'>\n\t\t\t<dt class='gallery-icon landscape'>\n\t\t\t\t<a href='https:\/\/info.sadowne.pl\/?attachment_id=28392'><img loading=\"lazy\" decoding=\"async\" width=\"180\" height=\"130\" src=\"https:\/\/info.sadowne.pl\/wp-content\/uploads\/2023\/10\/2023.10.24.10-180x130.jpg\" class=\"attachment-thumbnail size-thumbnail\" alt=\"\" \/><\/a>\n\t\t\t<\/dt><\/dl><dl class='gallery-item'>\n\t\t\t<dt class='gallery-icon landscape'>\n\t\t\t\t<a href='https:\/\/info.sadowne.pl\/?attachment_id=28393'><img loading=\"lazy\" decoding=\"async\" width=\"180\" height=\"130\" src=\"https:\/\/info.sadowne.pl\/wp-content\/uploads\/2023\/10\/2023.10.24.11-180x130.jpg\" class=\"attachment-thumbnail size-thumbnail\" alt=\"\" \/><\/a>\n\t\t\t<\/dt><\/dl><br style=\"clear: both\" \/><dl class='gallery-item'>\n\t\t\t<dt class='gallery-icon landscape'>\n\t\t\t\t<a href='https:\/\/info.sadowne.pl\/?attachment_id=28394'><img loading=\"lazy\" decoding=\"async\" width=\"180\" height=\"130\" src=\"https:\/\/info.sadowne.pl\/wp-content\/uploads\/2023\/10\/2023.10.24.12-180x130.jpg\" class=\"attachment-thumbnail size-thumbnail\" alt=\"\" \/><\/a>\n\t\t\t<\/dt><\/dl><dl class='gallery-item'>\n\t\t\t<dt class='gallery-icon landscape'>\n\t\t\t\t<a href='https:\/\/info.sadowne.pl\/?attachment_id=28395'><img loading=\"lazy\" decoding=\"async\" width=\"180\" height=\"130\" src=\"https:\/\/info.sadowne.pl\/wp-content\/uploads\/2023\/10\/2023.10.24.13-180x130.jpg\" class=\"attachment-thumbnail size-thumbnail\" alt=\"\" \/><\/a>\n\t\t\t<\/dt><\/dl><dl class='gallery-item'>\n\t\t\t<dt class='gallery-icon landscape'>\n\t\t\t\t<a href='https:\/\/info.sadowne.pl\/?attachment_id=28396'><img loading=\"lazy\" decoding=\"async\" width=\"180\" height=\"130\" src=\"https:\/\/info.sadowne.pl\/wp-content\/uploads\/2023\/10\/2023.10.24.15-180x130.jpg\" class=\"attachment-thumbnail size-thumbnail\" alt=\"\" \/><\/a>\n\t\t\t<\/dt><\/dl><br style=\"clear: both\" \/>\n\t\t<\/div>\n\n","protected":false},"excerpt":{"rendered":"<p>Ko\u0142o Gospody\u0144 Wiejskich w Zarzetce dosta\u0142o si\u0119 do programu Fundacji Biedronki \u201eDanie Wsp\u00f3lnych Chwil\u201d!<\/p>\n","protected":false},"author":1,"featured_media":0,"comment_status":"closed","ping_status":"closed","sticky":false,"template":"","format":"standard","meta":{"footnotes":""},"categories":[5,4062,41],"tags":[3738,3164,4050,111],"class_list":["post-28380","post","type-post","status-publish","format-standard","hentry","category-newsy","category-kola-gospodyn-wiejskich","category-wiesci-gminne","tag-agata-kikola","tag-kolo-gospodyn-wiejskich-w-zarzetce","tag-program-fundacji-biedronki-danie-wspolnych-chwil","tag-zarzetka"],"views":2437,"_links":{"self":[{"href":"https:\/\/info.sadowne.pl\/index.php?rest_route=\/wp\/v2\/posts\/28380","targetHints":{"allow":["GET"]}}],"collection":[{"href":"https:\/\/info.sadowne.pl\/index.php?rest_route=\/wp\/v2\/posts"}],"about":[{"href":"https:\/\/info.sadowne.pl\/index.php?rest_route=\/wp\/v2\/types\/post"}],"author":[{"embeddable":true,"href":"https:\/\/info.sadowne.pl\/index.php?rest_route=\/wp\/v2\/users\/1"}],"replies":[{"embeddable":true,"href":"https:\/\/info.sadowne.pl\/index.php?rest_route=%2Fwp%2Fv2%2Fcomments&post=28380"}],"version-history":[{"count":1,"href":"https:\/\/info.sadowne.pl\/index.php?rest_route=\/wp\/v2\/posts\/28380\/revisions"}],"predecessor-version":[{"id":28397,"href":"https:\/\/info.sadowne.pl\/index.php?rest_route=\/wp\/v2\/posts\/28380\/revisions\/28397"}],"wp:attachment":[{"href":"https:\/\/info.sadowne.pl\/index.php?rest_route=%2Fwp%2Fv2%2Fmedia&parent=28380"}],"wp:term":[{"taxonomy":"category","embeddable":true,"href":"https:\/\/info.sadowne.pl\/index.php?rest_route=%2Fwp%2Fv2%2Fcategories&post=28380"},{"taxonomy":"post_tag","embeddable":true,"href":"https:\/\/info.sadowne.pl\/index.php?rest_route=%2Fwp%2Fv2%2Ftags&post=28380"}],"curies":[{"name":"wp","href":"https:\/\/api.w.org\/{rel}","templated":true}]}}