{"id":28400,"date":"2023-10-26T15:53:24","date_gmt":"2023-10-26T13:53:24","guid":{"rendered":"http:\/\/info.sadowne.pl\/?p=28400"},"modified":"2023-10-26T15:53:24","modified_gmt":"2023-10-26T13:53:24","slug":"kary-aresztu-i-robot-publicznych-dla-naduzywajacych-w-kosowie","status":"publish","type":"post","link":"https:\/\/info.sadowne.pl\/?p=28400","title":{"rendered":"Kary aresztu i rob\u00f3t publicznych dla nadu\u017cywaj\u0105cych w Kosowie,"},"content":{"rendered":"<p><strong><a href=\"http:\/\/info.sadowne.pl\/wp-content\/uploads\/2023\/10\/Brok149.jpg\" target=\"_blank\" rel=\"noopener\"><img loading=\"lazy\" decoding=\"async\" class=\"alignleft wp-image-28401 size-thumbnail\" src=\"http:\/\/info.sadowne.pl\/wp-content\/uploads\/2023\/10\/Brok149-180x130.jpg\" alt=\"\" width=\"180\" height=\"130\" \/><\/a>\u2026zgony s\u0142yn\u0105cych ze swej uczciwo\u015bci mieszka\u0144c\u00f3w Ostrowi, linia kolejowa po\u0142\u0105czy\u0142a Ostro\u0142\u0119k\u0119 z Ma\u0142kini\u0105, zubo\u017cenie w Bogutach, gor\u0105czka \u017ceniaczki na Kurpiach, postrza\u0142 w Komorowie.<\/strong><!--more--><\/p>\n<p>W\u0142odarze gminni i duchowni z Kosowa wypowiedzieli nieprzejednan\u0105 walk\u0119 demonowi kryj\u0105cemu si\u0119 w butelkach i beczkach. Karczmarze nie poddaj\u0105 si\u0119 bez walki, ale s\u0105 na straconej pozycji. Zatwardzia\u0142ych grzesznik\u00f3w, kt\u00f3rzy pomimo upomnie\u0144 nie chc\u0105 wyzwoli\u0107 si\u0119 z p\u0119t na\u0142ogu, czekaj\u0105 surowe kary.<\/p>\n<p>Do lepszego \u015bwiata odeszli dwaj mieszka\u0144cy Ostrowi, kt\u00f3rych nazwisk pr\u00f3\u017cno by szuka\u0107 na kartach historii. Zas\u0142yn\u0119li z prostolinijno\u015bci i gotowo\u015bci do niesienia pomocy innym, a musia\u0142y to by\u0107 cnoty wielkie, skoro uznano za stosowne wspomnie\u0107 w gazetach o J\u00f3zefie Owsiku i J\u00f3zefie Gregorku.<\/p>\n<p>Donosz\u0105, \u017ce funkcjonuj\u0105ca pomi\u0119dzy Ma\u0142kini\u0105 i Ostro\u0142\u0119k\u0105 poczta konna w\u0142a\u015bnie zaprzestaje dzia\u0142alno\u015bci. Sympatyczne koniki zast\u0105pi\u0105 bezduszne maszyny.<\/p>\n<p>Szlachta szaraczkowa z parafii Boguty podupada i ubo\u017ceje w nies\u0142ychanym tempie. Powodem s\u0105 niszcz\u0105ce zasiewy dopusty Bo\u017ce oraz niemaj\u0105ce ko\u0144ca rozdrabnianie maj\u0105teczk\u00f3w. Szcz\u0119\u015bcie, \u017ce nawet siedz\u0105cy na kilku morgach biedniacy staraj\u0105 si\u0119 posy\u0142a\u0107 dzieci do szko\u0142y, tak by wyros\u0142y na ludzi uczciwych i \u015bwiat\u0142ych.<\/p>\n<p>Tak\u017ce Kurpie dziel\u0105 swe gospodarstwa na coraz to mniejsze cz\u0105stki, tak \u017ce trudno z pracy na roli zwi\u0105za\u0107 koniec z ko\u0144cem. Win\u0105 za ten stan rzeczy obarcza Dominik Staszewski \u201epochopno\u015b\u0107\u201d Kurpi\u00f3w w zawieraniu ma\u0142\u017ce\u0144stw, a p\u00f3\u017aniej to wiadomo \u2013 \u201eco rok, to prorok\u201d.<\/p>\n<p><strong>Wi\u0119cej na stronie <span style=\"color: #0000ff;\"><a style=\"color: #0000ff;\" href=\"https:\/\/madzelan.cba.pl\/kary-aresztu-i-robot-publicznych-dla-naduzywajacych-w-kosowie-zgony-slynacych-ze-swej-uczciwosci-mieszkancow-ostrowi-linia-kolejowa-polaczyla-ostroleke-z-malkinia-zubozenie-w-bogutach-goraczka-zen\/\" target=\"_blank\" rel=\"noopener\">https:\/\/madzelan.cba.pl\/kary-aresztu-i-robot-publicznych-dla-naduzywajacych-w-kosowie-zgony-slynacych-ze-swej-uczciwosci-mieszkancow-ostrowi-linia-kolejowa-polaczyla-ostroleke-z-malkinia-zubozenie-w-bogutach-goraczka-zen\/<\/a><\/span><\/strong><\/p>\n","protected":false},"excerpt":{"rendered":"<p>\u2026zgony s\u0142yn\u0105cych ze swej uczciwo\u015bci mieszka\u0144c\u00f3w Ostrowi, linia kolejowa po\u0142\u0105czy\u0142a Ostro\u0142\u0119k\u0119 z Ma\u0142kini\u0105, zubo\u017cenie w Bogutach, gor\u0105czka \u017ceniaczki na Kurpiach, postrza\u0142 w Komorowie.<\/p>\n","protected":false},"author":1,"featured_media":0,"comment_status":"closed","ping_status":"closed","sticky":false,"template":"","format":"standard","meta":{"footnotes":""},"categories":[5,3436,31],"tags":[3004,2956],"class_list":["post-28400","post","type-post","status-publish","format-standard","hentry","category-newsy","category-opowiesci-historie-legendy-brokowskie-i-nie-tylko","category-historia-gminy","tag-jerzy-madzelan","tag-opowiesci-historie-legendy-brokowskie-i-nie-tylko"],"views":1684,"_links":{"self":[{"href":"https:\/\/info.sadowne.pl\/index.php?rest_route=\/wp\/v2\/posts\/28400","targetHints":{"allow":["GET"]}}],"collection":[{"href":"https:\/\/info.sadowne.pl\/index.php?rest_route=\/wp\/v2\/posts"}],"about":[{"href":"https:\/\/info.sadowne.pl\/index.php?rest_route=\/wp\/v2\/types\/post"}],"author":[{"embeddable":true,"href":"https:\/\/info.sadowne.pl\/index.php?rest_route=\/wp\/v2\/users\/1"}],"replies":[{"embeddable":true,"href":"https:\/\/info.sadowne.pl\/index.php?rest_route=%2Fwp%2Fv2%2Fcomments&post=28400"}],"version-history":[{"count":1,"href":"https:\/\/info.sadowne.pl\/index.php?rest_route=\/wp\/v2\/posts\/28400\/revisions"}],"predecessor-version":[{"id":28402,"href":"https:\/\/info.sadowne.pl\/index.php?rest_route=\/wp\/v2\/posts\/28400\/revisions\/28402"}],"wp:attachment":[{"href":"https:\/\/info.sadowne.pl\/index.php?rest_route=%2Fwp%2Fv2%2Fmedia&parent=28400"}],"wp:term":[{"taxonomy":"category","embeddable":true,"href":"https:\/\/info.sadowne.pl\/index.php?rest_route=%2Fwp%2Fv2%2Fcategories&post=28400"},{"taxonomy":"post_tag","embeddable":true,"href":"https:\/\/info.sadowne.pl\/index.php?rest_route=%2Fwp%2Fv2%2Ftags&post=28400"}],"curies":[{"name":"wp","href":"https:\/\/api.w.org\/{rel}","templated":true}]}}