{"id":28404,"date":"2023-10-28T19:57:00","date_gmt":"2023-10-28T17:57:00","guid":{"rendered":"http:\/\/info.sadowne.pl\/?p=28404"},"modified":"2023-10-28T19:57:00","modified_gmt":"2023-10-28T17:57:00","slug":"turniej-karate-w-sadownem-2","status":"publish","type":"post","link":"https:\/\/info.sadowne.pl\/?p=28404","title":{"rendered":"Turniej Karate w Sadownem"},"content":{"rendered":"<p><a href=\"http:\/\/info.sadowne.pl\/wp-content\/uploads\/2023\/10\/2023.10.28.1.jpg\" target=\"_blank\" rel=\"noopener\"><img loading=\"lazy\" decoding=\"async\" class=\"alignleft wp-image-28405 size-thumbnail\" src=\"http:\/\/info.sadowne.pl\/wp-content\/uploads\/2023\/10\/2023.10.28.1-180x130.jpg\" alt=\"\" width=\"180\" height=\"130\" \/><\/a><\/p>\n<p><strong>W sobot\u0119 29 pa\u017adziernika 2023 r. w Gminnej Hali Sportowej w Sadownem odby\u0142 si\u0119 XIII Og\u00f3lnopolski Turniej Karate Kyokushin.<\/strong><!--more--><\/p>\n<p>Organizatorem Turnieju dla dzieci i m\u0142odzie\u017cy by\u0142 Brokowski Klub Karate Kyokushinkai, kt\u00f3rego sekcja dzia\u0142a r\u00f3wnie\u017c w Sadownem, a jego prezesem jest p. Zbigniew W\u00f3jcicki.<\/p>\n<p><a href=\"http:\/\/info.sadowne.pl\/wp-content\/uploads\/2023\/10\/2023.10.18.1.jpg\" target=\"_blank\" rel=\"noopener\"><img loading=\"lazy\" decoding=\"async\" class=\"alignright wp-image-28349 size-medium\" src=\"http:\/\/info.sadowne.pl\/wp-content\/uploads\/2023\/10\/2023.10.18.1-210x300.jpg\" alt=\"\" width=\"210\" height=\"300\" srcset=\"https:\/\/info.sadowne.pl\/wp-content\/uploads\/2023\/10\/2023.10.18.1-210x300.jpg 210w, https:\/\/info.sadowne.pl\/wp-content\/uploads\/2023\/10\/2023.10.18.1.jpg 607w\" sizes=\"auto, (max-width: 210px) 100vw, 210px\" \/><\/a>Impreza sportowa zosta\u0142a dofinansowana z bud\u017cetu Samorz\u0105du Wojew\u00f3dztwa Mazowieckiego oraz Gminy Sadowne i Banku Sp\u00f3\u0142dzielczego w Ostrowi Mazowieckiej, a patronat honorowy nad ni\u0105 obj\u0105\u0142 W\u00f3jt Gminy Sadowne p. Waldemar Cyran.<\/p>\n<p>Nad przebiegiem Turnieju czuwa\u0142a profesjonalna komisja s\u0119dziowska. Wzi\u0119\u0142o w nim udzia\u0142 120. zawodnik\u00f3w z 11. klub\u00f3w:<\/p>\n<p>&#8211; Olecka Szko\u0142a Sztuk Walki Karate Kyokushin<\/p>\n<p>&#8211; Ostro\u0142\u0119cki Klub Karate Kyokushin<\/p>\n<p>&#8211; \u0141om\u017cy\u0144ski Klub Karate<\/p>\n<p>&#8211; Augustowski Klub Karate Kyokushin<\/p>\n<p>&#8211; W\u0119gorzewski KKK<\/p>\n<p>&#8211; KKK Czarna Bia\u0142ostocka<\/p>\n<p>&#8211; Przasnyski Klub Karate Kyokushin<\/p>\n<p>&#8211; Brokowski Klub Karate Kyokushinkai<\/p>\n<p>&#8211; Bushi Team<\/p>\n<p>&#8211; Akademia Sztuk Walki Jonkowo<\/p>\n<p>&#8211; UKS I\u0142awski Klub Kyokusin Karate<\/p>\n<p>Po oficjalnym otwarciu Turniej rozpocz\u0119\u0142a si\u0119 konkurencja kata. Nast\u0119pnie odby\u0142y si\u0119 walki eliminacyjne w poszczeg\u00f3lnych kategoriach wiekowych ch\u0142opc\u00f3w i dziewcz\u0105t, po czym mia\u0142y miejsce walki fina\u0142owe, kt\u00f3re wy\u0142oni\u0142y najlepszych karatek\u00f3w &#8211; na zako\u0144czenie Turnieju nagrodzono ich pucharami, medalami i dyplomami. Dekoracji dokonali przedstawiciele organizator\u00f3w, s\u0119dzi\u00f3w oraz gospodarz terenu. Imprez\u0119 sportow\u0105 zako\u0144czono wsp\u00f3lnym zdj\u0119ciem.<\/p>\n<p>Szczeg\u00f3\u0142owe wyniki Turnieju b\u0119d\u0105 opublikowane na stronie <span style=\"color: #0000ff;\"><a style=\"color: #0000ff;\" href=\"http:\/\/www.karate-brok.pl\/\" target=\"_blank\" rel=\"noopener\"><strong>Brokowskiego Klubu Karate Kyokushinkai&gt;&gt;&gt;<\/strong><\/a><\/span><\/p>\n<p><span style=\"color: #0000ff;\"><a style=\"color: #0000ff;\" href=\"https:\/\/photos.app.goo.gl\/TxyaPCAUTMVnSa4k6\" target=\"_blank\" rel=\"noopener\"><strong>Zdj\u0119cia w galerii Google&gt;&gt;&gt;<\/strong><\/a><\/span><\/p>\n<p><span style=\"color: #0000ff;\"><a style=\"color: #0000ff;\" href=\"https:\/\/youtu.be\/dJNE5BoROoo\" target=\"_blank\" rel=\"noopener\"><strong>Zobacz te\u017c film&gt;&gt;&gt;<\/strong><\/a><\/span><\/p>\n<p><strong>Tekst\/foto:<\/strong> S\u0142awek Chyli\u0144ski<\/p>\n","protected":false},"excerpt":{"rendered":"<p>W sobot\u0119 29 pa\u017adziernika 2023 r. w Gminnej Hali Sportowej w Sadownem odby\u0142 si\u0119 XIII Og\u00f3lnopolski Turniej Karate Kyokushin.<\/p>\n","protected":false},"author":1,"featured_media":0,"comment_status":"closed","ping_status":"closed","sticky":false,"template":"","format":"standard","meta":{"footnotes":""},"categories":[5,2029,7],"tags":[794,4039,2030],"class_list":["post-28404","post","type-post","status-publish","format-standard","hentry","category-newsy","category-karate","category-sport","tag-brokowski-klub-karate-kyokushinkai","tag-xiii-ogolnopolski-turniej-karate-kyokushin-w-sadownem","tag-zbigniew-wojcicki"],"views":1620,"_links":{"self":[{"href":"https:\/\/info.sadowne.pl\/index.php?rest_route=\/wp\/v2\/posts\/28404","targetHints":{"allow":["GET"]}}],"collection":[{"href":"https:\/\/info.sadowne.pl\/index.php?rest_route=\/wp\/v2\/posts"}],"about":[{"href":"https:\/\/info.sadowne.pl\/index.php?rest_route=\/wp\/v2\/types\/post"}],"author":[{"embeddable":true,"href":"https:\/\/info.sadowne.pl\/index.php?rest_route=\/wp\/v2\/users\/1"}],"replies":[{"embeddable":true,"href":"https:\/\/info.sadowne.pl\/index.php?rest_route=%2Fwp%2Fv2%2Fcomments&post=28404"}],"version-history":[{"count":1,"href":"https:\/\/info.sadowne.pl\/index.php?rest_route=\/wp\/v2\/posts\/28404\/revisions"}],"predecessor-version":[{"id":28406,"href":"https:\/\/info.sadowne.pl\/index.php?rest_route=\/wp\/v2\/posts\/28404\/revisions\/28406"}],"wp:attachment":[{"href":"https:\/\/info.sadowne.pl\/index.php?rest_route=%2Fwp%2Fv2%2Fmedia&parent=28404"}],"wp:term":[{"taxonomy":"category","embeddable":true,"href":"https:\/\/info.sadowne.pl\/index.php?rest_route=%2Fwp%2Fv2%2Fcategories&post=28404"},{"taxonomy":"post_tag","embeddable":true,"href":"https:\/\/info.sadowne.pl\/index.php?rest_route=%2Fwp%2Fv2%2Ftags&post=28404"}],"curies":[{"name":"wp","href":"https:\/\/api.w.org\/{rel}","templated":true}]}}