{"id":28408,"date":"2023-10-30T17:41:49","date_gmt":"2023-10-30T16:41:49","guid":{"rendered":"http:\/\/info.sadowne.pl\/?p=28408"},"modified":"2023-10-30T17:41:49","modified_gmt":"2023-10-30T16:41:49","slug":"swieto-zmarlych-w-sadownem","status":"publish","type":"post","link":"https:\/\/info.sadowne.pl\/?p=28408","title":{"rendered":"\u015awi\u0119to Zmar\u0142ych w Sadownem"},"content":{"rendered":"<p><strong><a href=\"http:\/\/info.sadowne.pl\/wp-content\/uploads\/2023\/10\/2023.10.30.1a.jpg\" target=\"_blank\" rel=\"noopener\"><img loading=\"lazy\" decoding=\"async\" class=\"alignleft wp-image-28410 size-thumbnail\" src=\"http:\/\/info.sadowne.pl\/wp-content\/uploads\/2023\/10\/2023.10.30.1a-180x130.jpg\" alt=\"\" width=\"180\" height=\"130\" \/><\/a>Dzie\u0144 Wszystkich \u015awi\u0119tych ma na celu uczczenie ludzi wyniesionych na o\u0142tarze, jak r\u00f3wnie\u017c tych, kt\u00f3rzy osi\u0105gn\u0119li zbawienie, a nie zostali beatyfikowani. <\/strong><!--more--><\/p>\n<p><a href=\"http:\/\/info.sadowne.pl\/wp-content\/uploads\/2023\/10\/2023.10.30.2.jpg\" target=\"_blank\" rel=\"noopener\"><img loading=\"lazy\" decoding=\"async\" class=\"alignright wp-image-28411 size-thumbnail\" src=\"http:\/\/info.sadowne.pl\/wp-content\/uploads\/2023\/10\/2023.10.30.2-180x130.jpg\" alt=\"\" width=\"180\" height=\"130\" \/><\/a>W Polsce 1 listopada jest dniem wolnym od pracy. Ludzie tradycyjnie odwiedzaj\u0105 w ten dzie\u0144 groby zmar\u0142ych, modl\u0105 si\u0119 w ich intencji, ozdabiaj\u0105 groby kwiatami i zapalaj\u0105 znicze. W odr\u00f3\u017cnieniu od dnia Wszystkich \u015awi\u0119tych, nast\u0119pnego dnia, w Dzie\u0144 Zaduszny wspomina si\u0119 wszystkich zmar\u0142ych. To dzie\u0144 modlitwy za tych, kt\u00f3rzy znajduj\u0105 si\u0119 w czy\u015b\u0107cu i przygotowuj\u0105 si\u0119 na przej\u015bcie do nieba.<\/p>\n<p><a href=\"http:\/\/info.sadowne.pl\/wp-content\/uploads\/2023\/10\/2023.10.30.3.jpg\" target=\"_blank\" rel=\"noopener\"><img loading=\"lazy\" decoding=\"async\" class=\"alignleft wp-image-28412 size-thumbnail\" src=\"http:\/\/info.sadowne.pl\/wp-content\/uploads\/2023\/10\/2023.10.30.3-180x130.jpg\" alt=\"\" width=\"180\" height=\"130\" \/><\/a>W tym roku \u015bwi\u0119ta te wypadaj\u0105 w po\u0142owie tygodnia i dobrze jest odby\u0107 wizyty na grobach najbli\u017cszych bez po\u015bpiechu i rozs\u0105dnie. Nekropolia sadowie\u0144ska jest ju\u017c przygotowana do nadchodz\u0105cych uroczysto\u015bci \u2013 trwaj\u0105 jeszcze drobne prace porz\u0105dkowe na grobach, ale wi\u0119kszo\u015b\u0107 z nich jest ju\u017c w pe\u0142ni przystrojona i pal\u0105 si\u0119 symboliczne lampki. W okolicy cmentarza na odwiedzaj\u0105cych ju\u017c od kilku dni oczekuj\u0105 sprzedawcy kwiat\u00f3w i zniczy.<\/p>\n<p><a href=\"http:\/\/info.sadowne.pl\/wp-content\/uploads\/2023\/10\/2023.10.30.4.jpg\" target=\"_blank\" rel=\"noopener\"><img loading=\"lazy\" decoding=\"async\" class=\"alignright wp-image-28413 size-thumbnail\" src=\"http:\/\/info.sadowne.pl\/wp-content\/uploads\/2023\/10\/2023.10.30.4-180x130.jpg\" alt=\"\" width=\"180\" height=\"130\" \/><\/a>W okresie \u015bwi\u0105tecznym prosz\u0119 koniecznie przemy\u015ble\u0107 spos\u00f3b przybycia na cmentarz, gdy\u017c miejsca parkingowe s\u0105 ograniczone. W obr\u0119bie cmentarza i na drogach dojazdowych nie dokonano \u017cadnych zmian w organizacji ruchu, ale zapewne wyst\u0105pi\u0105 utrudnienia, gdy\u017c zaplanowane stanowiska dla sprzedawc\u00f3w kwiat\u00f3w i zniczy zajmuj\u0105 drogi dojazdowe do cmentarza &#8211; r\u00f3wnie\u017c przy bocznej bramie cmentarza od strony Sadolesia.<\/p>\n<p><a href=\"http:\/\/info.sadowne.pl\/wp-content\/uploads\/2023\/10\/2023.10.30.5.jpg\" target=\"_blank\" rel=\"noopener\"><img loading=\"lazy\" decoding=\"async\" class=\"alignleft wp-image-28414 size-thumbnail\" src=\"http:\/\/info.sadowne.pl\/wp-content\/uploads\/2023\/10\/2023.10.30.5-180x130.jpg\" alt=\"\" width=\"180\" height=\"130\" \/><\/a>Ze wzgl\u0119du na to wskazane jest pozostawienie pojazd\u00f3w daleko, na ulicach dojazdowych do ko\u015bcio\u0142a \u2013 ul. Ko\u015bciuszki, Stra\u017cacka, Sosnowa, Wiejska, itp. lub \u2013 je\u015bli b\u0119d\u0105 wolne miejsca \u2013 skorzystanie z parking\u00f3w: Plac Ko\u015bcielny (dawne targowisko przy skwerku), przy sklepie Topaz, nowy parking \u201eM\u00f3j Rynek\u201d za ko\u015bcio\u0142em, ale te\u017c na \u0142\u0105ce przy murze cmentarnym od strony ko\u015bcio\u0142a ( tu prawdopodobnie, jak co roku, b\u0119dzie parking p\u0142atny).<\/p>\n<p><a href=\"http:\/\/info.sadowne.pl\/wp-content\/uploads\/2018\/10\/swzm.jpg\"><img loading=\"lazy\" decoding=\"async\" class=\"aligncenter size-full wp-image-19395\" src=\"http:\/\/info.sadowne.pl\/wp-content\/uploads\/2018\/10\/swzm.jpg\" alt=\"\" width=\"416\" height=\"255\" srcset=\"https:\/\/info.sadowne.pl\/wp-content\/uploads\/2018\/10\/swzm.jpg 416w, https:\/\/info.sadowne.pl\/wp-content\/uploads\/2018\/10\/swzm-300x184.jpg 300w\" sizes=\"auto, (max-width: 416px) 100vw, 416px\" \/><\/a><\/p>\n<p><strong>Tekst\/foto:<\/strong> S\u0142awek Chyli\u0144ski<\/p>\n<p><strong>\u00a0\u00a0\u00a0\u00a0\u00a0\u00a0\u00a0\u00a0\u00a0\u00a0\u00a0\u00a0\u00a0\u00a0\u00a0\u00a0\u00a0\u00a0\u00a0\u00a0\u00a0\u00a0\u00a0\u00a0\u00a0\u00a0\u00a0\u00a0\u00a0\u00a0\u00a0\u00a0\u00a0\u00a0\u00a0\u00a0\u00a0\u00a0\u00a0\u00a0\u00a0\u00a0\u00a0\u00a0\u00a0\u00a0\u00a0 <\/strong><\/p>\n","protected":false},"excerpt":{"rendered":"<p>Dzie\u0144 Wszystkich \u015awi\u0119tych ma na celu uczczenie ludzi wyniesionych na o\u0142tarze, jak r\u00f3wnie\u017c tych, kt\u00f3rzy osi\u0105gn\u0119li zbawienie, a nie zostali beatyfikowani.<\/p>\n","protected":false},"author":1,"featured_media":0,"comment_status":"closed","ping_status":"closed","sticky":false,"template":"","format":"standard","meta":{"footnotes":""},"categories":[5,1],"tags":[1439,25,1622],"class_list":["post-28408","post","type-post","status-publish","format-standard","hentry","category-newsy","category-inne","tag-ograniczenia-w-ruchu-w-sadownem","tag-sadowne","tag-swieto-zmarlych"],"views":2026,"_links":{"self":[{"href":"https:\/\/info.sadowne.pl\/index.php?rest_route=\/wp\/v2\/posts\/28408","targetHints":{"allow":["GET"]}}],"collection":[{"href":"https:\/\/info.sadowne.pl\/index.php?rest_route=\/wp\/v2\/posts"}],"about":[{"href":"https:\/\/info.sadowne.pl\/index.php?rest_route=\/wp\/v2\/types\/post"}],"author":[{"embeddable":true,"href":"https:\/\/info.sadowne.pl\/index.php?rest_route=\/wp\/v2\/users\/1"}],"replies":[{"embeddable":true,"href":"https:\/\/info.sadowne.pl\/index.php?rest_route=%2Fwp%2Fv2%2Fcomments&post=28408"}],"version-history":[{"count":1,"href":"https:\/\/info.sadowne.pl\/index.php?rest_route=\/wp\/v2\/posts\/28408\/revisions"}],"predecessor-version":[{"id":28415,"href":"https:\/\/info.sadowne.pl\/index.php?rest_route=\/wp\/v2\/posts\/28408\/revisions\/28415"}],"wp:attachment":[{"href":"https:\/\/info.sadowne.pl\/index.php?rest_route=%2Fwp%2Fv2%2Fmedia&parent=28408"}],"wp:term":[{"taxonomy":"category","embeddable":true,"href":"https:\/\/info.sadowne.pl\/index.php?rest_route=%2Fwp%2Fv2%2Fcategories&post=28408"},{"taxonomy":"post_tag","embeddable":true,"href":"https:\/\/info.sadowne.pl\/index.php?rest_route=%2Fwp%2Fv2%2Ftags&post=28408"}],"curies":[{"name":"wp","href":"https:\/\/api.w.org\/{rel}","templated":true}]}}