{"id":28416,"date":"2023-11-02T19:51:25","date_gmt":"2023-11-02T18:51:25","guid":{"rendered":"http:\/\/info.sadowne.pl\/?p=28416"},"modified":"2023-11-02T19:51:25","modified_gmt":"2023-11-02T18:51:25","slug":"huta-szkla-w-malkini-gornej-robotnicza-jednosc","status":"publish","type":"post","link":"https:\/\/info.sadowne.pl\/?p=28416","title":{"rendered":"HUTA SZK\u0141A W MA\u0141KINI G\u00d3RNEJ \u201eROBOTNICZA JEDNO\u015a\u0106\u201d"},"content":{"rendered":"<p><strong><a href=\"http:\/\/info.sadowne.pl\/wp-content\/uploads\/2023\/11\/Brok150.jpg\" target=\"_blank\" rel=\"noopener\"><img loading=\"lazy\" decoding=\"async\" class=\"alignleft wp-image-28417 size-thumbnail\" src=\"http:\/\/info.sadowne.pl\/wp-content\/uploads\/2023\/11\/Brok150-180x130.jpg\" alt=\"\" width=\"180\" height=\"130\" \/><\/a>Huta, kt\u00f3ra nie wyprodukowa\u0142a cho\u0107by jednego przedmiotu wykonanego ze szk\u0142a.<\/strong><!--more--><\/p>\n<p>16 wrze\u015bnia 1928 roku zawi\u0105zano w Ma\u0142kini sp\u00f3\u0142dzielni\u0119 pod nazw\u0105: Chrze\u015bcija\u0144ska Sp\u00f3\u0142dzielcza Huta Szklana \u201eRobotnicza Jedno\u015b\u0107\u201d. Historia tej sp\u00f3\u0142dzielni i huty o tej samej nazwie to ma\u0142y wycinek dziej\u00f3w do\u015b\u0107 specyficznego nurtu ruchu sp\u00f3\u0142dzielczego w okresie II Rzeczypospolitej, jakimi by\u0142y sp\u00f3\u0142dzielnie produkcyjne. To tak\u017ce bez w\u0105tpienia najbardziej ekscytuj\u0105cy dla badacza urywek lokalnej historii, a jednocze\u015bnie mroczny epizod gospodarczy i do\u015b\u0107 szczeg\u00f3lne wydarzenie spo\u0142eczne w historii Ma\u0142kini G\u00f3rnej tego okresu, a z drugiej strony nierozerwalna cz\u0119\u015b\u0107 wielotorowej i bogatej historii ruchu sp\u00f3\u0142dzielczego w Ma\u0142kini.<\/p>\n<p>Sp\u00f3\u0142dzielnia pobudowa\u0142a b\u0142yskawicznie hut\u0119, kt\u00f3ra nigdy nie rozpocz\u0119\u0142a produkcji, natomiast kilkakrotnie zmienia\u0142a form\u0119 organizacyjn\u0105 i w\u0142a\u015bcicieli. Na koniec zosta\u0142a zburzona przez Niemc\u00f3w w czasie okupacji, by pos\u0142u\u017cy\u0107 za materia\u0142 do budowy kom\u00f3r gazowych w obozie zag\u0142ady w Treblince.<\/p>\n<p><strong>Wi\u0119cej na stronie <span style=\"color: #0000ff;\"><a style=\"color: #0000ff;\" href=\"https:\/\/madzelan.cba.pl\/huta-szkla-w-malkini-gornej-robotnicza-jednosc-huta-ktora-nie-wyprodukowala-chocby-jednego-przedmiotu-wykonanego-ze-szkla\/\" target=\"_blank\" rel=\"noopener\">https:\/\/madzelan.cba.pl\/huta-szkla-w-malkini-gornej-robotnicza-jednosc-huta-ktora-nie-wyprodukowala-chocby-jednego-przedmiotu-wykonanego-ze-szkla\/<\/a><\/span><\/strong><\/p>\n","protected":false},"excerpt":{"rendered":"<p>Huta, kt\u00f3ra nie wyprodukowa\u0142a cho\u0107by jednego przedmiotu wykonanego ze szk\u0142a.<\/p>\n","protected":false},"author":1,"featured_media":0,"comment_status":"closed","ping_status":"closed","sticky":false,"template":"","format":"standard","meta":{"footnotes":""},"categories":[5,3436,31],"tags":[3004,273,2956],"class_list":["post-28416","post","type-post","status-publish","format-standard","hentry","category-newsy","category-opowiesci-historie-legendy-brokowskie-i-nie-tylko","category-historia-gminy","tag-jerzy-madzelan","tag-malkinia-gorna","tag-opowiesci-historie-legendy-brokowskie-i-nie-tylko"],"views":1860,"_links":{"self":[{"href":"https:\/\/info.sadowne.pl\/index.php?rest_route=\/wp\/v2\/posts\/28416","targetHints":{"allow":["GET"]}}],"collection":[{"href":"https:\/\/info.sadowne.pl\/index.php?rest_route=\/wp\/v2\/posts"}],"about":[{"href":"https:\/\/info.sadowne.pl\/index.php?rest_route=\/wp\/v2\/types\/post"}],"author":[{"embeddable":true,"href":"https:\/\/info.sadowne.pl\/index.php?rest_route=\/wp\/v2\/users\/1"}],"replies":[{"embeddable":true,"href":"https:\/\/info.sadowne.pl\/index.php?rest_route=%2Fwp%2Fv2%2Fcomments&post=28416"}],"version-history":[{"count":1,"href":"https:\/\/info.sadowne.pl\/index.php?rest_route=\/wp\/v2\/posts\/28416\/revisions"}],"predecessor-version":[{"id":28418,"href":"https:\/\/info.sadowne.pl\/index.php?rest_route=\/wp\/v2\/posts\/28416\/revisions\/28418"}],"wp:attachment":[{"href":"https:\/\/info.sadowne.pl\/index.php?rest_route=%2Fwp%2Fv2%2Fmedia&parent=28416"}],"wp:term":[{"taxonomy":"category","embeddable":true,"href":"https:\/\/info.sadowne.pl\/index.php?rest_route=%2Fwp%2Fv2%2Fcategories&post=28416"},{"taxonomy":"post_tag","embeddable":true,"href":"https:\/\/info.sadowne.pl\/index.php?rest_route=%2Fwp%2Fv2%2Ftags&post=28416"}],"curies":[{"name":"wp","href":"https:\/\/api.w.org\/{rel}","templated":true}]}}