{"id":28423,"date":"2023-11-09T19:38:05","date_gmt":"2023-11-09T18:38:05","guid":{"rendered":"http:\/\/info.sadowne.pl\/?p=28423"},"modified":"2023-11-09T19:38:05","modified_gmt":"2023-11-09T18:38:05","slug":"nowy-kosciol-w-porebie","status":"publish","type":"post","link":"https:\/\/info.sadowne.pl\/?p=28423","title":{"rendered":"Nowy ko\u015bci\u00f3\u0142 w Por\u0119bie,"},"content":{"rendered":"<p><strong><a href=\"http:\/\/info.sadowne.pl\/wp-content\/uploads\/2023\/11\/Brok151.jpg\" target=\"_blank\" rel=\"noopener\"><img loading=\"lazy\" decoding=\"async\" class=\"alignleft wp-image-28424 size-thumbnail\" src=\"http:\/\/info.sadowne.pl\/wp-content\/uploads\/2023\/11\/Brok151-180x130.jpg\" alt=\"\" width=\"180\" height=\"130\" \/><\/a>\u2026sentymentalny J. Wycech pisze znad Buga, zima przysz\u0142a wcze\u015bnie do Nura, cudowne rozmno\u017cenie \u0142\u0105k i p\u00f3l w Puszczy, \u015bmier\u0107 pod ko\u0142ami autobusu w Ostrowi, a pod Ostrowi\u0105 rozb\u00f3j na drodze.<\/strong><!--more--><\/p>\n<p>W Por\u0119bie po\u015bwi\u0119cono kamie\u0144 w\u0119gielny pod budow\u0119 nowej \u015bwi\u0105tyni.<\/p>\n<p>Cytujemy list, kt\u00f3rego autorem jest J. Wycech. Podejrzewamy, \u017ce to ten sam J. Wycech z Wilczog\u0105b, kt\u00f3rego episto\u0142\u0119 zamieszczon\u0105 w roku 1883 w \u201eGazecie \u015awi\u0105tecznej\u201d publikowali\u015bmy ju\u017c na naszych \u0142amach. Tamten list by\u0142 rzeczowy i przyni\u00f3s\u0142 sporo informacji o \u017cyciu na lewym brzegu Buga. Tym razem pan Wycech da\u0142 si\u0119 uwie\u015b\u0107 muzom poezji, a my\u015bl jego ulecia\u0142a wysoko.<\/p>\n<p>Zima zawita\u0142a w okolice Nura, nim jeszcze wykopano z p\u00f3l wszystkie ziemniaki, a to przecie\u017c podstawa nadbu\u017ca\u0144skiej diety. Inwentarz zaskoczony atakiem mrozu wraca ze smutkiem z pastwisk do ob\u00f3r, natomiast uczniowie zmierzaj\u0105 z rado\u015bci\u0105 ku nowo pobudowanej szkole.<\/p>\n<p>W Puszczy \u017ale si\u0119 dzieje. Sko\u0144czy\u0142y si\u0119 dla Kurpi\u00f3w dobre czasy, gdy w\u0142adze przymyka\u0142y oko na skryte karczowanie bor\u00f3w pod \u0142\u0105ki i pola. Teraz, by dzieci wyposa\u017cy\u0107, trzeba gospodarstwa dzieli\u0107, a obdarowani nie okazuj\u0105 cho\u0107by i odrobiny wdzi\u0119czno\u015bci. Zrzucaj\u0105 \u201ez wozu rodzonych ojc\u00f3w swoich, chc\u0105cych si\u0119 z kim zabra\u0107 do ko\u015bcio\u0142a\u201d, no, chyba \u017ce zap\u0142ac\u0105 za przejazd tym wozem i konikiem, kt\u00f3re jeszcze niedawno do nich nale\u017ca\u0142y.<\/p>\n<p>Nie lepiej jest w Ostrowi. Ruch automobilowy tam taki, \u017ce przej\u015bcie przez ulic\u0119 to hazard ko\u0144cz\u0105cy si\u0119 czasami tragicznie. Pod Ostrowi\u0105 nie jest wcale bezpieczniej, bo zb\u00f3jcy rabuj\u0105 podr\u00f3\u017cnych na drogach.<\/p>\n<p><strong>Wi\u0119cej na stronie <span style=\"color: #0000ff;\"><a style=\"color: #0000ff;\" href=\"https:\/\/madzelan.cba.pl\/nowy-kosciol-w-porebie-sentymentalny-j-wycech-pisze-znad-buga-zima-przyszla-wczesnie-do-nura-cudowne-rozmnozenie-lak-i-pol-w-puszczy-smierc-pod-kolami-autobusu-w-ostrowi-a-pod-ostrowia-rozboj-na\/\" target=\"_blank\" rel=\"noopener\">https:\/\/madzelan.cba.pl\/nowy-kosciol-w-porebie-sentymentalny-j-wycech-pisze-znad-buga-zima-przyszla-wczesnie-do-nura-cudowne-rozmnozenie-lak-i-pol-w-puszczy-smierc-pod-kolami-autobusu-w-ostrowi-a-pod-ostrowia-rozboj-na\/<\/a><\/span><\/strong><\/p>\n","protected":false},"excerpt":{"rendered":"<p>\u2026sentymentalny J. Wycech pisze znad Buga, zima przysz\u0142a wcze\u015bnie do Nura, cudowne rozmno\u017cenie \u0142\u0105k i p\u00f3l w Puszczy, \u015bmier\u0107 pod ko\u0142ami autobusu w Ostrowi, a pod Ostrowi\u0105 rozb\u00f3j na drodze.<\/p>\n","protected":false},"author":1,"featured_media":0,"comment_status":"closed","ping_status":"closed","sticky":false,"template":"","format":"standard","meta":{"footnotes":""},"categories":[5,3436,31],"tags":[3004,2956],"class_list":["post-28423","post","type-post","status-publish","format-standard","hentry","category-newsy","category-opowiesci-historie-legendy-brokowskie-i-nie-tylko","category-historia-gminy","tag-jerzy-madzelan","tag-opowiesci-historie-legendy-brokowskie-i-nie-tylko"],"views":1706,"_links":{"self":[{"href":"https:\/\/info.sadowne.pl\/index.php?rest_route=\/wp\/v2\/posts\/28423","targetHints":{"allow":["GET"]}}],"collection":[{"href":"https:\/\/info.sadowne.pl\/index.php?rest_route=\/wp\/v2\/posts"}],"about":[{"href":"https:\/\/info.sadowne.pl\/index.php?rest_route=\/wp\/v2\/types\/post"}],"author":[{"embeddable":true,"href":"https:\/\/info.sadowne.pl\/index.php?rest_route=\/wp\/v2\/users\/1"}],"replies":[{"embeddable":true,"href":"https:\/\/info.sadowne.pl\/index.php?rest_route=%2Fwp%2Fv2%2Fcomments&post=28423"}],"version-history":[{"count":1,"href":"https:\/\/info.sadowne.pl\/index.php?rest_route=\/wp\/v2\/posts\/28423\/revisions"}],"predecessor-version":[{"id":28425,"href":"https:\/\/info.sadowne.pl\/index.php?rest_route=\/wp\/v2\/posts\/28423\/revisions\/28425"}],"wp:attachment":[{"href":"https:\/\/info.sadowne.pl\/index.php?rest_route=%2Fwp%2Fv2%2Fmedia&parent=28423"}],"wp:term":[{"taxonomy":"category","embeddable":true,"href":"https:\/\/info.sadowne.pl\/index.php?rest_route=%2Fwp%2Fv2%2Fcategories&post=28423"},{"taxonomy":"post_tag","embeddable":true,"href":"https:\/\/info.sadowne.pl\/index.php?rest_route=%2Fwp%2Fv2%2Ftags&post=28423"}],"curies":[{"name":"wp","href":"https:\/\/api.w.org\/{rel}","templated":true}]}}