{"id":28442,"date":"2023-11-20T16:30:05","date_gmt":"2023-11-20T15:30:05","guid":{"rendered":"http:\/\/info.sadowne.pl\/?p=28442"},"modified":"2023-11-20T16:30:05","modified_gmt":"2023-11-20T15:30:05","slug":"kronika-strazacka-13-19-11-2023","status":"publish","type":"post","link":"https:\/\/info.sadowne.pl\/?p=28442","title":{"rendered":"Kronika stra\u017cacka 13 \u2013 19.11.2023"},"content":{"rendered":"<p><strong><a href=\"http:\/\/info.sadowne.pl\/wp-content\/uploads\/2023\/06\/straz3-scaled.jpg\"><img loading=\"lazy\" decoding=\"async\" class=\"alignleft size-thumbnail wp-image-27687\" src=\"http:\/\/info.sadowne.pl\/wp-content\/uploads\/2023\/06\/straz3-180x130.jpg\" alt=\"\" width=\"180\" height=\"130\" \/><\/a>W<\/strong> <strong>okresie<\/strong> <strong>od<\/strong><strong> 13 do 19.11.2023 <\/strong><strong>na<\/strong> <strong>terenie<\/strong> <strong>powiatu<\/strong> <strong>w\u0119growskiego<\/strong> <strong>zanotowano: <\/strong><strong>45 <\/strong><strong>zdarze\u0144,<\/strong> <strong>przy<\/strong> <strong>kt\u00f3rych<\/strong> <strong>interweniowa\u0142y<\/strong> <strong>jednostki<\/strong> <strong>ochrony<\/strong> <strong>przeciwpo\u017carowej, w tym:<\/strong><strong> 2 po\u017cary, 42 miejscowe zagro\u017cenia i 1 alarm fa\u0142szywy.<\/strong><!--more--><\/p>\n<p><strong>14.11.2023 \u2013 Gaj\u00f3wka Wschodnia, gm. Stoczek \u2013 dachowanie samochodu osobowego.<\/strong><strong>\u00a0\u00a0\u00a0\u00a0\u00a0\u00a0\u00a0\u00a0\u00a0\u00a0\u00a0 <\/strong><\/p>\n<p>Po doje\u017adzie na miejsce zast\u0119pu OSP Stoczek, stra\u017cacy stwierdzili, \u017ce pojazd marki VW znajduje si\u0119 na dachu w rowie, w ca\u0142o\u015bci poza drog\u0105 na jednym pobliskich drzew widoczne \u015blady uderzenia pojazdu. Samochodem tym podr\u00f3\u017cowa\u0142y dwie osoby, kt\u00f3re samodzielnie wydosta\u0142y si\u0119 z pojazdu. Na miejsce zdarzenia przyby\u0142a karetka ZRM, kt\u00f3rej ratownicy zaj\u0119li si\u0119 uczestnikami zdarzenia. Dzia\u0142ania zast\u0119p\u00f3w polega\u0142y na zabezpieczeniu miejsca zdarzenia oraz pomocy Policji w kierowaniu ruchem drogowym. Miejsce zdarzenia przekazano protoko\u0142em Policji, na tym dzia\u0142ania zako\u0144czono.<\/p>\n<p>W DZIA\u0141ANIACH RATOWNICZYCH UDZIA\u0141 BRA\u0141O: 2 zast\u0119py 8 ratownik\u00f3w<strong> \/<\/strong>JRG PSP W\u0119gr\u00f3w oraz OSP Stoczek\/<\/p>\n<p><strong>15.11.2023 \u2013\u00a0 Pniewnik, gm. Korytnica \u2013 zderzenie 2 samochod\u00f3w osobowych.<\/strong><strong>\u00a0<\/strong><\/p>\n<p>Po przybyciu na miejsce zdarzenia zast\u0119p\u00f3w z OSP Korytnica, stra\u017cacy stwierdzili, \u017ce na DW637 (za Pniewnikiem w stron\u0119 Warszawy) dosz\u0142o do zdarzenia drogowego z udzia\u0142em 2 samochod\u00f3w osobowych (jeden sta\u0142 na pasie ruchu w stron\u0119 Warszawy, a drugi znajdowa\u0142 si\u0119 poza drog\u0105 na dachu). Osoby podr\u00f3\u017cuj\u0105ce same powychodzi\u0142y z pojazd\u00f3w. Na miejscu ju\u017c by\u0142 ZRM, kt\u00f3ry zajmowa\u0142 si\u0119 czynno\u015bciami medycznymi wobec 2 os\u00f3b, droga by\u0142a cz\u0119\u015bciowo przejezdna. Dzia\u0142ania zast\u0119p\u00f3w polega\u0142y na zabezpieczeniu i oznaczeniu miejsca zdarzenia, od\u0142\u0105czeniu klem akumulator\u00f3w i zabezpieczeniu ruchu drogowego oraz pomocy ZRM. 2 osoby ZRM odtransportowa\u0142 do szpitala.<\/p>\n<p>W DZIA\u0141ANIACH RATOWNICZYCH UDZIA\u0141 BRA\u0141O: 4 zast\u0119py, 20 ratownik\u00f3w.<\/p>\n<p><strong>16.11.2023 \u2013 Polk\u00f3w Saga\u0142y, gm. Gr\u0119bk\u00f3w \u2013 zderzenie z udzia\u0142em samochodu osobowego z samochodem ci\u0119\u017carowym.<\/strong><\/p>\n<p>Przyby\u0142e na miejsce zast\u0119py OSP i PSP zabezpieczy\u0142y i o\u015bwietli\u0142y miejsce zdarzenia.\u00a0 Na pro\u015bb\u0119 Policji zadysponowano kolejne dwa zast\u0119py OSP w celu zorganizowania objazdu DW 697. Na miejscu zdarzenia stra\u017cacy stwierdzili, \u017ce pojazd ci\u0119\u017carowy nie przewozi\u0142 towaru stwarzaj\u0105cego zagro\u017cenie. Dzia\u0142ania zast\u0119p\u00f3w polega\u0142y na zabezpieczeniu oraz o\u015bwietleniu miejsca zdarzenia. Miejsce zdarzenia zosta\u0142o przekazane pisemnie Policji. Zast\u0119p SLRT powr\u00f3ci\u0142 do bazy. Na miejscu pozosta\u0142y zast\u0119py OSP Gr\u0119bk\u00f3w oraz OSP Polk\u00f3w Saga\u0142y w celu zabezpieczenia miejsca zdarzenia do czasu usuni\u0119cia pojazdu. Po usuni\u0119ciu pojazdu, sprz\u0105tni\u0119to drog\u0119 i przywr\u00f3cono ruch drogowy.<\/p>\n<p>W DZIA\u0141ANIACH RATOWNICZYCH UDZIA\u0141 BRA\u0141O: 5 zast\u0119p\u00f3w, 25 ratownik\u00f3w<\/p>\n<p><strong>18.11.2023 \u2013 Twarogi, gm. \u0141och\u00f3w \u2013 <\/strong><strong>udostepnienie agregatu pr\u0105dotw\u00f3rczego<\/strong><strong>.<\/strong><\/p>\n<p>Do SK Komendanta Powiatowego PSP w W\u0119growie wp\u0142yn\u0119\u0142o zg\u0142oszenie o konieczno\u015bci zasilania agregatem pr\u0105dotw\u00f3rczym koncentratora tlenu, do kt\u00f3rego jest pod\u0142\u0105czony m\u0119\u017cczyzna. Na miejsce zadysponowano OSP z agregatem pr\u0105dotw\u00f3rczym oraz ZRM. W czasie sprawiania agregatu pr\u0105dotw\u00f3rczego, ZRM podj\u0105\u0142 decyzj\u0119 o zabraniu pacjenta do szpitala (ze wzgl\u0119du na d\u0142ugi czas do przywr\u00f3cenia zasilania energii elektrycznej). Dzia\u0142ania zast\u0119pu zosta\u0142y zako\u0144czone.<strong>\u00a0<\/strong><\/p>\n<p>W DZIA\u0141ANIACH RATOWNICZYCH UDZIA\u0141 BRA\u0141O: 1 zast\u0119p, 6 ratownik\u00f3w.<\/p>\n<p><strong>18.11.2023 \u2013 Chojeczno Sybilaki, gm. Gr\u0119bk\u00f3w \u2013 po\u017car oboro-stodo\u0142y.<\/strong><strong>\u00a0<\/strong><\/p>\n<p>Do zdarzenia zadysponowano zast\u0119p JRG PSP W\u0119gr\u00f3w oraz okoliczne zast\u0119py OSP w liczbie 6 (w tym dwa zast\u0119py OSP spoza powiatu &#8211; OSP Kotu\u0144, OSP Broszk\u00f3w poprzez MSK Siedlce). Po przyje\u017adzie na miejsce zdarzenia stra\u017cacy stwierdzili, \u017ce dosz\u0142o do po\u017caru budynku gospodarczego oboro \u2013 stodo\u0142y. Inwentarz zosta\u0142 wyprowadzony wcze\u015bniej. Pocz\u0105tkowe dzia\u0142ania zast\u0119pu by\u0142y skupione na zabezpieczeniu miejsca zdarzenia oraz obronie cz\u0119\u015bci budynku, kt\u00f3ra nie zosta\u0142a obj\u0119ta po\u017carem. Podano jeden pr\u0105d wody w obronie. Kolejne zast\u0119py przyje\u017cd\u017caj\u0105ce na miejsce zdarzenia wspar\u0142y dzia\u0142ania, podano jeszcze dwa pr\u0105dy wody w natarciu na po\u017car. Dzia\u0142ania zast\u0119p\u00f3w doprowadzi\u0142y do lokalizacji po\u017caru. Po ugaszeniu ostatnich zarzewi ognia i przelaniu pogorzeliska dzia\u0142ania zosta\u0142y zako\u0144czone.<\/p>\n<p>W DZIA\u0141ANIACH RATOWNICZYCH UDZIA\u0141 BRA\u0141O: 7 zast\u0119p\u00f3w, 40 ratownik\u00f3w.<\/p>\n<p>W dniach 18-19 listopada na terenie powiatu w\u0119growskiego, po obfitych opadach \u015bniegu, zanotowano 30 zdarze\u0144, przy kt\u00f3rych interweniowa\u0142y jednostki ochrony przeciwpo\u017carowej. Dzia\u0142ania polega\u0142y na usuwaniu i zabezpieczaniu: po\u0142amanych drzewa, konar\u00f3w, zerwanych linii energetycznych i teleinformatycznych. Jednostki r\u00f3wnie\u017c interweniowa\u0142y przy 3 zdarzeniach z pro\u015bb\u0105 o udostepnienie agregatu pr\u0105dotw\u00f3rczego do potrzymania aparatury medycznej w budynkach prywatnych pozbawionych zasilania energetycznego w d\u0142u\u017cszym okresie czasu.<\/p>\n<p><strong>KP PSP W\u0119gr\u00f3w<\/strong><\/p>\n","protected":false},"excerpt":{"rendered":"<p>W okresie od 13 do 19.11.2023 na terenie powiatu w\u0119growskiego zanotowano: 45 zdarze\u0144, przy kt\u00f3rych interweniowa\u0142y jednostki ochrony przeciwpo\u017carowej, w tym: 2 po\u017cary, 42 miejscowe zagro\u017cenia i 1 alarm fa\u0142szywy.<\/p>\n","protected":false},"author":1,"featured_media":0,"comment_status":"closed","ping_status":"closed","sticky":false,"template":"","format":"standard","meta":{"footnotes":""},"categories":[5,4,267],"tags":[491,643],"class_list":["post-28442","post","type-post","status-publish","format-standard","hentry","category-newsy","category-policja-straz-pozarna-pogotowie-ratunkowe","category-straz-pozarna-policja-straz-pozarna-pogotowie-ratunkowe","tag-komenda-powiatowa-panstwowej-strazy-pozarnej-w-wegrowie","tag-kronika-strazacka"],"views":1525,"_links":{"self":[{"href":"https:\/\/info.sadowne.pl\/index.php?rest_route=\/wp\/v2\/posts\/28442","targetHints":{"allow":["GET"]}}],"collection":[{"href":"https:\/\/info.sadowne.pl\/index.php?rest_route=\/wp\/v2\/posts"}],"about":[{"href":"https:\/\/info.sadowne.pl\/index.php?rest_route=\/wp\/v2\/types\/post"}],"author":[{"embeddable":true,"href":"https:\/\/info.sadowne.pl\/index.php?rest_route=\/wp\/v2\/users\/1"}],"replies":[{"embeddable":true,"href":"https:\/\/info.sadowne.pl\/index.php?rest_route=%2Fwp%2Fv2%2Fcomments&post=28442"}],"version-history":[{"count":1,"href":"https:\/\/info.sadowne.pl\/index.php?rest_route=\/wp\/v2\/posts\/28442\/revisions"}],"predecessor-version":[{"id":28443,"href":"https:\/\/info.sadowne.pl\/index.php?rest_route=\/wp\/v2\/posts\/28442\/revisions\/28443"}],"wp:attachment":[{"href":"https:\/\/info.sadowne.pl\/index.php?rest_route=%2Fwp%2Fv2%2Fmedia&parent=28442"}],"wp:term":[{"taxonomy":"category","embeddable":true,"href":"https:\/\/info.sadowne.pl\/index.php?rest_route=%2Fwp%2Fv2%2Fcategories&post=28442"},{"taxonomy":"post_tag","embeddable":true,"href":"https:\/\/info.sadowne.pl\/index.php?rest_route=%2Fwp%2Fv2%2Ftags&post=28442"}],"curies":[{"name":"wp","href":"https:\/\/api.w.org\/{rel}","templated":true}]}}