{"id":28444,"date":"2023-11-20T16:56:58","date_gmt":"2023-11-20T15:56:58","guid":{"rendered":"http:\/\/info.sadowne.pl\/?p=28444"},"modified":"2023-11-20T16:56:58","modified_gmt":"2023-11-20T15:56:58","slug":"wez-udzial-w-akcji-gops-sadowne-dzieci-czekaja-na-prezenty","status":"publish","type":"post","link":"https:\/\/info.sadowne.pl\/?p=28444","title":{"rendered":"We\u017a udzia\u0142 w akcji GOPS Sadowne! Dzieci czekaj\u0105 na prezenty!"},"content":{"rendered":"<p><strong><a href=\"http:\/\/info.sadowne.pl\/wp-content\/uploads\/2023\/11\/2023.11.20.1.jpg\"><img loading=\"lazy\" decoding=\"async\" class=\"alignleft size-thumbnail wp-image-28445\" src=\"http:\/\/info.sadowne.pl\/wp-content\/uploads\/2023\/11\/2023.11.20.1-180x130.jpg\" alt=\"\" width=\"180\" height=\"130\" \/><\/a>Gminny O\u015brodek Pomocy Spo\u0142ecznej w Sadownem organizuje w tym roku specjalny projekt \u015bwi\u0105teczny \u201eZosta\u0144 \u015awi\u0119tym Miko\u0142ajem\u201d. <\/strong><!--more--><\/p>\n<p>Ide\u0105 akcji jest spe\u0142nienie dzieci\u0119cych marze\u0144 o prezentach oraz zach\u0119cenie spo\u0142ecze\u0144stwa lokalnego do dobroczynno\u015bci. W ramach projektu dzieci korzystaj\u0105ce z pomocy tutejszego o\u015brodka z pomoc\u0105 rodzic\u00f3w pisz\u0105 listy do \u015awi\u0119tego Miko\u0142aja, nast\u0119pnie listy te zostan\u0105 opublikowane na stronie Facebook GOPS Sadowne.<\/p>\n<p>Aby wzi\u0105\u0107 udzia\u0142 w akcji nale\u017cy wybra\u0107 list, kt\u00f3ry poruszy\u0142 nasze serce i zostawi\u0107 pod nim komentarz, \u017ce chcemy spe\u0142ni\u0107 marzenie opisane przez dziecko. Gotowe paczki oznaczone numerem wybranego listu nale\u017cy dostarczy\u0107 do Gminnego O\u015brodka Pomocy Spo\u0142ecznej w Sadownem do dnia 11 grudnia 2023 r. Nast\u0119pnie, jeszcze przed \u015bwi\u0119tami, prezenty zostan\u0105 dostarczone do dzieci przez pracownik\u00f3w GOPS.<\/p>\n<p><span style=\"color: #ff0000;\"><strong>Zach\u0119camy serdecznie do w\u0142\u0105czenia si\u0119 w akcj\u0119!<\/strong><\/span><\/p>\n<p><strong>Wejd\u017a na Facebook Gminnego O\u015brodka Pomocy Spo\u0142ecznej w Sadownem &#8211; \u00a0<span style=\"color: #0000ff;\"><a style=\"color: #0000ff;\" href=\"https:\/\/www.facebook.com\/profile.php?id=100083053644194\" target=\"_blank\" rel=\"noopener\">https:\/\/www.facebook.com\/profile.php?id=100083053644194<\/a><\/span><\/strong><\/p>\n<p><a href=\"http:\/\/info.sadowne.pl\/wp-content\/uploads\/2023\/11\/2023.11.20.1.jpg\"><img loading=\"lazy\" decoding=\"async\" class=\"aligncenter size-full wp-image-28445\" src=\"http:\/\/info.sadowne.pl\/wp-content\/uploads\/2023\/11\/2023.11.20.1.jpg\" alt=\"\" width=\"604\" height=\"854\" srcset=\"https:\/\/info.sadowne.pl\/wp-content\/uploads\/2023\/11\/2023.11.20.1.jpg 604w, https:\/\/info.sadowne.pl\/wp-content\/uploads\/2023\/11\/2023.11.20.1-212x300.jpg 212w\" sizes=\"auto, (max-width: 604px) 100vw, 604px\" \/><\/a><\/p>\n","protected":false},"excerpt":{"rendered":"<p>Gminny O\u015brodek Pomocy Spo\u0142ecznej w Sadownem organizuje w tym roku specjalny projekt \u015bwi\u0105teczny \u201eZosta\u0144 \u015awi\u0119tym Miko\u0142ajem\u201d.<\/p>\n","protected":false},"author":1,"featured_media":0,"comment_status":"closed","ping_status":"closed","sticky":false,"template":"","format":"standard","meta":{"footnotes":""},"categories":[5,41],"tags":[1881,4053,1676],"class_list":["post-28444","post","type-post","status-publish","format-standard","hentry","category-newsy","category-wiesci-gminne","tag-gminny-osrodek-pomocy-spolecznej-w-sadownem","tag-projekt-swiateczny-zostan-swietym-mikolajem","tag-swiateczna-paczka"],"views":1814,"_links":{"self":[{"href":"https:\/\/info.sadowne.pl\/index.php?rest_route=\/wp\/v2\/posts\/28444","targetHints":{"allow":["GET"]}}],"collection":[{"href":"https:\/\/info.sadowne.pl\/index.php?rest_route=\/wp\/v2\/posts"}],"about":[{"href":"https:\/\/info.sadowne.pl\/index.php?rest_route=\/wp\/v2\/types\/post"}],"author":[{"embeddable":true,"href":"https:\/\/info.sadowne.pl\/index.php?rest_route=\/wp\/v2\/users\/1"}],"replies":[{"embeddable":true,"href":"https:\/\/info.sadowne.pl\/index.php?rest_route=%2Fwp%2Fv2%2Fcomments&post=28444"}],"version-history":[{"count":1,"href":"https:\/\/info.sadowne.pl\/index.php?rest_route=\/wp\/v2\/posts\/28444\/revisions"}],"predecessor-version":[{"id":28446,"href":"https:\/\/info.sadowne.pl\/index.php?rest_route=\/wp\/v2\/posts\/28444\/revisions\/28446"}],"wp:attachment":[{"href":"https:\/\/info.sadowne.pl\/index.php?rest_route=%2Fwp%2Fv2%2Fmedia&parent=28444"}],"wp:term":[{"taxonomy":"category","embeddable":true,"href":"https:\/\/info.sadowne.pl\/index.php?rest_route=%2Fwp%2Fv2%2Fcategories&post=28444"},{"taxonomy":"post_tag","embeddable":true,"href":"https:\/\/info.sadowne.pl\/index.php?rest_route=%2Fwp%2Fv2%2Ftags&post=28444"}],"curies":[{"name":"wp","href":"https:\/\/api.w.org\/{rel}","templated":true}]}}