{"id":28450,"date":"2023-11-23T14:56:44","date_gmt":"2023-11-23T13:56:44","guid":{"rendered":"http:\/\/info.sadowne.pl\/?p=28450"},"modified":"2023-11-23T14:56:44","modified_gmt":"2023-11-23T13:56:44","slug":"straz-ogniowa-jest-juz-w-ostrowi","status":"publish","type":"post","link":"https:\/\/info.sadowne.pl\/?p=28450","title":{"rendered":"Stra\u017c ogniowa jest ju\u017c w Ostrowi,"},"content":{"rendered":"<p><strong><a href=\"http:\/\/info.sadowne.pl\/wp-content\/uploads\/2023\/11\/Brok153.jpg\" target=\"_blank\" rel=\"noopener\"><img loading=\"lazy\" decoding=\"async\" class=\"alignleft wp-image-28451 size-thumbnail\" src=\"http:\/\/info.sadowne.pl\/wp-content\/uploads\/2023\/11\/Brok153-180x130.jpg\" alt=\"\" width=\"180\" height=\"130\" \/><\/a>\u2026ale szko\u0142y nie ma w Zaszkowie, wisielec w Paproci, dobroczy\u0144cy zostawiaj\u0105 skarb i znikaj\u0105 w Ma\u0142kini, Kurpie stroj\u0105 si\u0119 po \u015blachecku.<\/strong><!--more--><\/p>\n<p>Dzielni mieszka\u0144cy Ostrowi, widz\u0105c, jak wielkie straty czerwony kur im wyrz\u0105dza, gdy nie ma komu gasi\u0107 albo gdy na ratunek wszyscy ofiarnie si\u0119 rzucaj\u0105, lecz nie ma w tym ni \u0142adu, ni porz\u0105dku, rozpocz\u0119li u w\u0142adz starania o zgod\u0119 na utworzenie stra\u017cy ogniowej. Pozwolenie uzyskali, a stra\u017c w\u0142a\u015bnie powsta\u0142a.<\/p>\n<p>Ostatnio odwiedzili\u015bmy zachodnie kresy obszaru naszych regionalnych zainteresowa\u0144, po czym zdali\u015bmy relacj\u0119 o wydarzeniach nad Liwcem. Dzisiaj za\u015b zawitamy do Zaszkowa, po\u0142o\u017conego na przeciwleg\u0142ych, bo wschodnich kra\u0144cach naszego mikrokosmosu. Roztacza si\u0119 stamt\u0105d pi\u0119kny widok na rzek\u0119 Nurzec, ale my nie mamy czasu na kontemplacj\u0119 krajobrazu, gdy\u017c zajmujemy si\u0119 codziennymi bol\u0105czkami odwiedzanych spo\u0142eczno\u015bci. W miejscowo\u015bci tej ju\u017c nie pij\u0105 trunk\u00f3w wyskokowych, co samo w sobie wydaje si\u0119 sensacj\u0105. Znaczy si\u0119, jak dok\u0142adniej podrapa\u0107, to niekt\u00f3rzy pij\u0105, ale czyni\u0105 to w zaciszu domowym, zatem jest to ich prywatna sprawa. Otwartego pija\u0144stwa jednak nie ma, wi\u0119c rzecz jasna nie ma te\u017c z\u0142odziejstwa. Bieda jest tylko ze szko\u0142\u0105, bo cho\u0107 to wie\u015b niema\u0142a, to na utrzymanie takiej pe\u0142nej i oficjalnej nie sta\u0107 gospodarzy.<\/p>\n<p>W wiosce Papro\u0107 wyrobnik si\u0119 obwiesi\u0142 i mo\u017ce da\u0142oby si\u0119 nieszcz\u0119snego uratowa\u0107, ale nikt z pomoc\u0105 nie pospieszy\u0142, bo wszyscy si\u0119 bali, \u017ce b\u0119d\u0105 ci\u0105gani po posterunkach i s\u0105dach. W innym miejscu furman nie chcia\u0142 si\u0119 zatrzyma\u0107 i podej\u015b\u0107 do le\u017c\u0105cego przy drodze, by sprawdzi\u0107, czy ten\u017ce nie potrzebuje ratunku. Sta\u0142o si\u0119 tak, pomimo i\u017c pasa\u017cerowie tego\u017c furmana, a konkretnie s\u0119dzia i doktor, ludzie sk\u0105din\u0105d na ludzk\u0105 krzywd\u0119 wra\u017cliwi, bardzo na to nalegali. A mo\u017ce by tak te wa\u017cne persony z bryczki zesz\u0142y i same si\u0119 do le\u017c\u0105cego pofatygowa\u0142y, zamiast wytyka\u0107 wozakowi ciemnot\u0119 i znieczulic\u0119?<\/p>\n<p><strong>Wi\u0119cej na stronie <span style=\"color: #0000ff;\"><a style=\"color: #0000ff;\" href=\"https:\/\/madzelan.cba.pl\/straz-ogniowa-jest-juz-w-ostrowi-ale-szkoly-nie-ma-w-zaszkowie-wisielec-w-paproci-dobroczyncy-zostawiaja-skarb-i-znikaja-w-malkini-kurpie-stroja-sie-po-slachecku\/\" target=\"_blank\" rel=\"noopener\">https:\/\/madzelan.cba.pl\/straz-ogniowa-jest-juz-w-ostrowi-ale-szkoly-nie-ma-w-zaszkowie-wisielec-w-paproci-dobroczyncy-zostawiaja-skarb-i-znikaja-w-malkini-kurpie-stroja-sie-po-slachecku\/<\/a><\/span><\/strong><\/p>\n","protected":false},"excerpt":{"rendered":"<p>\u2026ale szko\u0142y nie ma w Zaszkowie, wisielec w Paproci, dobroczy\u0144cy zostawiaj\u0105 skarb i znikaj\u0105 w Ma\u0142kini, Kurpie stroj\u0105 si\u0119 po \u015blachecku.<\/p>\n","protected":false},"author":1,"featured_media":0,"comment_status":"closed","ping_status":"closed","sticky":false,"template":"","format":"standard","meta":{"footnotes":""},"categories":[5,3436,31],"tags":[101,3004,2956],"class_list":["post-28450","post","type-post","status-publish","format-standard","hentry","category-newsy","category-opowiesci-historie-legendy-brokowskie-i-nie-tylko","category-historia-gminy","tag-historia-gminy-sadowne","tag-jerzy-madzelan","tag-opowiesci-historie-legendy-brokowskie-i-nie-tylko"],"views":1780,"_links":{"self":[{"href":"https:\/\/info.sadowne.pl\/index.php?rest_route=\/wp\/v2\/posts\/28450","targetHints":{"allow":["GET"]}}],"collection":[{"href":"https:\/\/info.sadowne.pl\/index.php?rest_route=\/wp\/v2\/posts"}],"about":[{"href":"https:\/\/info.sadowne.pl\/index.php?rest_route=\/wp\/v2\/types\/post"}],"author":[{"embeddable":true,"href":"https:\/\/info.sadowne.pl\/index.php?rest_route=\/wp\/v2\/users\/1"}],"replies":[{"embeddable":true,"href":"https:\/\/info.sadowne.pl\/index.php?rest_route=%2Fwp%2Fv2%2Fcomments&post=28450"}],"version-history":[{"count":1,"href":"https:\/\/info.sadowne.pl\/index.php?rest_route=\/wp\/v2\/posts\/28450\/revisions"}],"predecessor-version":[{"id":28452,"href":"https:\/\/info.sadowne.pl\/index.php?rest_route=\/wp\/v2\/posts\/28450\/revisions\/28452"}],"wp:attachment":[{"href":"https:\/\/info.sadowne.pl\/index.php?rest_route=%2Fwp%2Fv2%2Fmedia&parent=28450"}],"wp:term":[{"taxonomy":"category","embeddable":true,"href":"https:\/\/info.sadowne.pl\/index.php?rest_route=%2Fwp%2Fv2%2Fcategories&post=28450"},{"taxonomy":"post_tag","embeddable":true,"href":"https:\/\/info.sadowne.pl\/index.php?rest_route=%2Fwp%2Fv2%2Ftags&post=28450"}],"curies":[{"name":"wp","href":"https:\/\/api.w.org\/{rel}","templated":true}]}}