{"id":28520,"date":"2023-12-12T17:28:58","date_gmt":"2023-12-12T16:28:58","guid":{"rendered":"http:\/\/info.sadowne.pl\/?p=28520"},"modified":"2023-12-12T17:28:58","modified_gmt":"2023-12-12T16:28:58","slug":"spotkanie-wigilijne-pn-wszyscy-razem-przy-wigilijnym-stole","status":"publish","type":"post","link":"https:\/\/info.sadowne.pl\/?p=28520","title":{"rendered":"SPOTKANIE WIGILIJNE PN. WSZYSCY RAZEM PRZY WIGILIJNYM STOLE"},"content":{"rendered":"<p><strong><a href=\"http:\/\/info.sadowne.pl\/wp-content\/uploads\/2023\/12\/2023.12.12.1.jpg\" target=\"_blank\" rel=\"noopener\"><img loading=\"lazy\" decoding=\"async\" class=\"alignleft wp-image-28521 size-thumbnail\" src=\"http:\/\/info.sadowne.pl\/wp-content\/uploads\/2023\/12\/2023.12.12.1-180x130.jpg\" alt=\"\" width=\"180\" height=\"130\" \/><\/a>10 grudnia 2023 r. w hali sportowej w Sadownem zorganizowali\u015bmy spotkanie wigilijne pn. <em>Wszyscy razem przy wigilijnym stole<\/em>&#8211; konkurs na najlepsz\u0105 potraw\u0119 wigilijn\u0105. <\/strong><!--more--><\/p>\n<p>Wydarzenie organizowane przez Gminny O\u015brodek Kultury w Sadownem, W\u00f3jta Gminy Sadowne Waldemara Cyrana w partnerstwie z Samorz\u0105dem Wojew\u00f3dztwa Mazowieckiego.\u00a0 W organizacj\u0119 ca\u0142ego przedsi\u0119wzi\u0119cia w\u0142\u0105czy\u0142y si\u0119 Ko\u0142a Gospody\u0144 Wiejskich, GBP w Sadownem, Sadowe\u0144ski Klub Seniora, SP w Sadownem. W sprawach logistycznych pomagali pracownicy ZGK w Sadownem.<\/p>\n<p>Do konkursu kulinarnego przyst\u0105pi\u0142o 9 KGW z terenu gminy Sadowne. W menu potrawy wigilijne. KGW mog\u0142o zyska\u0107 dodatkowe punkty za aran\u017cacj\u0119 sto\u0142u. Organizator powo\u0142a\u0142 komisj\u0119 w sk\u0142adzie p. Anna Rukat, p. Ma\u0142gorzata Zy\u015bk, p. Barbara Klimek, p. Marcin Gr\u0119da. Przed komisj\u0105 zosta\u0142o postawione trudne zadanie.<\/p>\n<p>Oficjalnie nasz\u0105 wigili\u0119 \u015brodowiskow\u0105 rozpocz\u0105\u0142 w\u00f3jt gminy Sadowne Waldemar Cyran witaj\u0105c wszystkich przyby\u0142ych. Nast\u0119pnie zabra\u0142a g\u0142os p. El\u017cbieta Lanc cz\u0142onek Zarz\u0105du Wojew\u00f3dztwa Mazowieckiego reprezentuj\u0105c partnera wydarzenia. W oficjalnym przywitaniu g\u0142os zabra\u0142 r\u00f3wnie\u017c p. Marek Renik wicestarosta Powiatu W\u0119growskiego.<\/p>\n<p>Po kr\u00f3tkim przywitaniu uczestnicy wys\u0142uchali i obejrzeli wyst\u0119p Zespo\u0142u \u015apiewaczego <em>Sadowianki <\/em>z anio\u0142kami oraz p. Moniki Doktorskiej. Repertuar artyst\u00f3w oczywi\u015bcie \u015bwi\u0105teczny. Tak wprowadzeni w nastr\u00f3j magii \u015bwiat zebrani rozpocz\u0119li tradycyjn\u0105 wigilie obfituj\u0105ca w \u017cyczenia i potrawy wigilijne<\/p>\n<p>Przez ca\u0142y ten czas komisja konkursowa pracowa\u0142a, aby na koniec przedstawi\u0107 laureat\u00f3w konkursu.<\/p>\n<p>Noty w konkursie dla KGW z terenu gminy Sadownem na najlepsz\u0105 potraw\u0119 wigilijn\u0105 i aran\u017cacj\u0119 sto\u0142u wigilijnego. W konkursie wzi\u0119\u0142o udzia\u0142 9 na 10 KGW dzia\u0142aj\u0105cych na terenie gminy.<\/p>\n<p>I miejsce &#8211; KGW w Morzyczynie W\u0142\u00f3ki<\/p>\n<p>II miejsce &#8211; KGW w P\u0142atkownicy<\/p>\n<p>III miejsce &#8211; KGW w Zarzetce<\/p>\n<p>Laureaci otrzymali dyplomy oraz warto\u015bciowe i praktyczne nagrody.<\/p>\n<p>KGW w Sadownem, KGW w Sojk\u00f3wku, KGW w Oci\u0119tem, KGW \u201eZalesianeczki\u201d w Zalesiu, KGW \u201eNadburzanki\u201d w Ra\u017cnach, KGW \u201eZ\u0142ota Ro\u017ca\u201d w Krupi\u0144skiem otrzyma\u0142y nagrody za udzia\u0142.<\/p>\n<p>Przepisy nagrodzonych potraw opublikujemy niebawem, mo\u017ce zostan\u0105 wykorzystane przez gospodynie domowe w swoim \u015bwi\u0105tecznym menu.<\/p>\n<p>Organizatorzy dzi\u0119kuj\u0105 bardzo KGW za udzia\u0142 w konkursie. Wszystkim uczestnikom i ich rodzinom sk\u0142adamy najserdeczniejsze \u017cyczenia \u015bwi\u0105teczne.<\/p>\n<p><strong>Zdj\u0119cia na stronie <span style=\"color: #0000ff;\"><a style=\"color: #0000ff;\" href=\"https:\/\/gok.sadowne.pl\/aktualnosc-84-spotkanie_wigilijne_pn_wszyscy_razem.html\" target=\"_blank\" rel=\"noopener\">https:\/\/gok.sadowne.pl\/aktualnosc-84-spotkanie_wigilijne_pn_wszyscy_razem.html<\/a><\/span><\/strong><\/p>\n<p><strong>\u0179r\u00f3d\u0142o:<\/strong> <a href=\"http:\/\/www.gok.sadowne.pl\" target=\"_blank\" rel=\"noopener\">www.gok.sadowne.pl<\/a><\/p>\n","protected":false},"excerpt":{"rendered":"<p>10 grudnia 2023 r. w hali sportowej w Sadownem zorganizowali\u015bmy spotkanie wigilijne pn. Wszyscy razem przy wigilijnym stole&#8211; konkurs na najlepsz\u0105 potraw\u0119 wigilijn\u0105.<\/p>\n","protected":false},"author":1,"featured_media":0,"comment_status":"closed","ping_status":"closed","sticky":false,"template":"","format":"standard","meta":{"footnotes":""},"categories":[5,4062,41],"tags":[1827,169,3043,4064,4063],"class_list":["post-28520","post","type-post","status-publish","format-standard","hentry","category-newsy","category-kola-gospodyn-wiejskich","category-wiesci-gminne","tag-gmina-sadowne","tag-gminny-osrodek-kultury-w-sadownem","tag-samorzad-wojewodztwa-mazowieckiego","tag-wigilia-gminna-w-sadownem","tag-wszyscy-razem-przy-wigilijnym-stole"],"views":2432,"_links":{"self":[{"href":"https:\/\/info.sadowne.pl\/index.php?rest_route=\/wp\/v2\/posts\/28520","targetHints":{"allow":["GET"]}}],"collection":[{"href":"https:\/\/info.sadowne.pl\/index.php?rest_route=\/wp\/v2\/posts"}],"about":[{"href":"https:\/\/info.sadowne.pl\/index.php?rest_route=\/wp\/v2\/types\/post"}],"author":[{"embeddable":true,"href":"https:\/\/info.sadowne.pl\/index.php?rest_route=\/wp\/v2\/users\/1"}],"replies":[{"embeddable":true,"href":"https:\/\/info.sadowne.pl\/index.php?rest_route=%2Fwp%2Fv2%2Fcomments&post=28520"}],"version-history":[{"count":1,"href":"https:\/\/info.sadowne.pl\/index.php?rest_route=\/wp\/v2\/posts\/28520\/revisions"}],"predecessor-version":[{"id":28522,"href":"https:\/\/info.sadowne.pl\/index.php?rest_route=\/wp\/v2\/posts\/28520\/revisions\/28522"}],"wp:attachment":[{"href":"https:\/\/info.sadowne.pl\/index.php?rest_route=%2Fwp%2Fv2%2Fmedia&parent=28520"}],"wp:term":[{"taxonomy":"category","embeddable":true,"href":"https:\/\/info.sadowne.pl\/index.php?rest_route=%2Fwp%2Fv2%2Fcategories&post=28520"},{"taxonomy":"post_tag","embeddable":true,"href":"https:\/\/info.sadowne.pl\/index.php?rest_route=%2Fwp%2Fv2%2Ftags&post=28520"}],"curies":[{"name":"wp","href":"https:\/\/api.w.org\/{rel}","templated":true}]}}