{"id":28560,"date":"2023-12-21T17:59:25","date_gmt":"2023-12-21T16:59:25","guid":{"rendered":"http:\/\/info.sadowne.pl\/?p=28560"},"modified":"2023-12-21T17:59:25","modified_gmt":"2023-12-21T16:59:25","slug":"dobrze-sie-dzieje-w-ostrowskim-powiecie","status":"publish","type":"post","link":"https:\/\/info.sadowne.pl\/?p=28560","title":{"rendered":"Dobrze si\u0119 dzieje w ostrowskim powiecie,"},"content":{"rendered":"<p><strong><a href=\"http:\/\/info.sadowne.pl\/wp-content\/uploads\/2023\/12\/Brok157.jpg\" target=\"_blank\" rel=\"noopener\"><img loading=\"lazy\" decoding=\"async\" class=\"alignleft wp-image-28561 size-thumbnail\" src=\"http:\/\/info.sadowne.pl\/wp-content\/uploads\/2023\/12\/Brok157-180x130.jpg\" alt=\"\" width=\"180\" height=\"130\" \/><\/a>\u2026lincz w Jadowie, wystrojonym po \u015blachecku Kurpiom \u017cyje si\u0119 w Ameryce dostatnio i przyjemnie, napad na szosie ostrowsko-\u0142om\u017cy\u0144skiej i drako\u0144skie wyroki dla zb\u00f3jc\u00f3w.<\/strong><!--more--><\/p>\n<p>W powiecie ostrowskim tak dobrze si\u0119 dzieje, i\u017c notka o tych wielce pozytywnych wydarzeniach podsumowana jest s\u0142owami: \u201eDaj Bo\u017ce, \u017ceby\u015bmy ze wszystkich okolic kraju i coraz to wi\u0119cej podobnych wiadomo\u015bci otrzymywa\u0107 mogli\u201d. Bo jest si\u0119 czym chwali\u0107. W Rusko\u0142\u0119ce otworzy\u0142 podwoje doskonale zaopatrzony sklepik chrze\u015bcija\u0144ski, W Ostrowi niejaki pan \u0141. stworzy\u0142 ogr\u00f3d tak pi\u0119kny, i\u017c wzbudza zachwyt i za wz\u00f3r s\u0142u\u017cy. Natomiast w Andrzejewie, w\u00f3jt Brzozowski, prze\u0142amuj\u0105c op\u00f3r znacznej grupy tamtejszych mieszka\u0144c\u00f3w, kt\u00f3rzy b\u0142otne, uliczne k\u0105piele przek\u0142adali nad wygod\u0119 podr\u00f3\u017cowania, zdo\u0142a\u0142 wybrukowa\u0107 ulice. To kolejna udana inwestycja w\u00f3jta, a w drodze s\u0105 nast\u0119pne. Do tak pi\u0119knie odnowionego miasteczka zawita\u0142 dostojny go\u015b\u0107, a mianowicie Siemion Niko\u0142ajewicz baron von Korf, gubernator \u0142om\u017cy\u0144ski (1897-1906), a p\u00f3\u017aniej warszawski (1906-1914). Wizyta tego ciesz\u0105cego si\u0119 sympati\u0105 sporej cz\u0119\u015bci polskiej arystokracji dygnitarza przebieg\u0142a i zako\u0144czy\u0142a si\u0119 w mi\u0142ej atmosferze, czego nie mo\u017cna powiedzie\u0107 o wizycie, jak\u0105 Korf z\u0142o\u017cy\u0142 pi\u0119\u0107 lat p\u00f3\u017aniej w maj\u0105tku Lutos\u0142awskich w Drozdowie. W drodze powrotnej dokonano na gubernatora zamachu, ale kula u\u015bmierci\u0142a tylko czapk\u0119 gubernatora, a on sam uszed\u0142 bez szwanku.<\/p>\n<p>Seria dobrych informacji przyprawi\u0142a cz\u0142onk\u00f3w redakcji o dr\u017cenie palc\u00f3w, powiek oraz niesmak w ustach. To podobno dow\u00f3d, i\u017c stajemy si\u0119 rasowymi dziennikarzami. Dobre wiadomo\u015bci, to przecie\u017c \u017cadne wiadomo\u015bci, a kilka po kolei, to wprost czarna dziennikarska rozpacz. \u017bycie \u017curnalisty traci urok i sens, gdy przez kilka minut nie poinformuje publiczno\u015bci o morderstwie. Pocz\u0119li\u015bmy gor\u0105czkowo szuka\u0107 jakie\u015b wie\u015bci, je\u015bli nie o zab\u00f3jstwie, to przynajmniej o maltretowaniu rodziny lub o wy\u0142owieniu topielca.\u00a0 Pierwsza, na kt\u00f3r\u0105 natrafili\u015bmy, dotyczy\u0142a kradzie\u017cy i samos\u0105du w Jadowie. To ju\u017c za Liwcem, a zatem poza tradycyjn\u0105 granic\u0105 naszych zainteresowa\u0144, ale prosimy czytelnik\u00f3w o wyrozumia\u0142o\u015b\u0107, gdy\u017c zrobili\u015bmy to z dba\u0142o\u015bci o w\u0142asne zdrowie. Niepokoj\u0105ce objawy ust\u0105pi\u0142y, jakby r\u0119k\u0105 odj\u0105\u0142.<\/p>\n<p><strong>Wi\u0119cej na stronie <span style=\"color: #0000ff;\"><a style=\"color: #0000ff;\" href=\"https:\/\/madzelan.cba.pl\/dobrze-sie-dzieje-w-ostrowskim-powiecie-lincz-w-jadowie-wystrojonym-po-slachecku-kurpiom-zyje-sie-w-ameryce-dostatnio-i-przyjemnie-napad-na-szosie-ostrowsko-lomzynskiej-i-drakonskie-wyroki-dla-zboj\/\" target=\"_blank\" rel=\"noopener\">https:\/\/madzelan.cba.pl\/dobrze-sie-dzieje-w-ostrowskim-powiecie-lincz-w-jadowie-wystrojonym-po-slachecku-kurpiom-zyje-sie-w-ameryce-dostatnio-i-przyjemnie-napad-na-szosie-ostrowsko-lomzynskiej-i-drakonskie-wyroki-dla-zboj\/<\/a><\/span><\/strong><\/p>\n","protected":false},"excerpt":{"rendered":"<p>\u2026lincz w Jadowie, wystrojonym po \u015blachecku Kurpiom \u017cyje si\u0119 w Ameryce dostatnio i przyjemnie, napad na szosie ostrowsko-\u0142om\u017cy\u0144skiej i drako\u0144skie wyroki dla zb\u00f3jc\u00f3w.<\/p>\n","protected":false},"author":1,"featured_media":0,"comment_status":"closed","ping_status":"closed","sticky":false,"template":"","format":"standard","meta":{"footnotes":""},"categories":[5,3436,31],"tags":[3004,2956],"class_list":["post-28560","post","type-post","status-publish","format-standard","hentry","category-newsy","category-opowiesci-historie-legendy-brokowskie-i-nie-tylko","category-historia-gminy","tag-jerzy-madzelan","tag-opowiesci-historie-legendy-brokowskie-i-nie-tylko"],"views":1615,"_links":{"self":[{"href":"https:\/\/info.sadowne.pl\/index.php?rest_route=\/wp\/v2\/posts\/28560","targetHints":{"allow":["GET"]}}],"collection":[{"href":"https:\/\/info.sadowne.pl\/index.php?rest_route=\/wp\/v2\/posts"}],"about":[{"href":"https:\/\/info.sadowne.pl\/index.php?rest_route=\/wp\/v2\/types\/post"}],"author":[{"embeddable":true,"href":"https:\/\/info.sadowne.pl\/index.php?rest_route=\/wp\/v2\/users\/1"}],"replies":[{"embeddable":true,"href":"https:\/\/info.sadowne.pl\/index.php?rest_route=%2Fwp%2Fv2%2Fcomments&post=28560"}],"version-history":[{"count":1,"href":"https:\/\/info.sadowne.pl\/index.php?rest_route=\/wp\/v2\/posts\/28560\/revisions"}],"predecessor-version":[{"id":28562,"href":"https:\/\/info.sadowne.pl\/index.php?rest_route=\/wp\/v2\/posts\/28560\/revisions\/28562"}],"wp:attachment":[{"href":"https:\/\/info.sadowne.pl\/index.php?rest_route=%2Fwp%2Fv2%2Fmedia&parent=28560"}],"wp:term":[{"taxonomy":"category","embeddable":true,"href":"https:\/\/info.sadowne.pl\/index.php?rest_route=%2Fwp%2Fv2%2Fcategories&post=28560"},{"taxonomy":"post_tag","embeddable":true,"href":"https:\/\/info.sadowne.pl\/index.php?rest_route=%2Fwp%2Fv2%2Ftags&post=28560"}],"curies":[{"name":"wp","href":"https:\/\/api.w.org\/{rel}","templated":true}]}}