{"id":28577,"date":"2023-12-29T19:05:41","date_gmt":"2023-12-29T18:05:41","guid":{"rendered":"http:\/\/info.sadowne.pl\/?p=28577"},"modified":"2023-12-29T19:05:41","modified_gmt":"2023-12-29T18:05:41","slug":"za-bochen-chleba","status":"publish","type":"post","link":"https:\/\/info.sadowne.pl\/?p=28577","title":{"rendered":"\u201eZa Bochen Chleba\u201d"},"content":{"rendered":"<p><strong><a href=\"http:\/\/info.sadowne.pl\/wp-content\/uploads\/2023\/12\/2023.12.29.1.jpg\"><img loading=\"lazy\" decoding=\"async\" class=\"alignleft size-thumbnail wp-image-28578\" src=\"http:\/\/info.sadowne.pl\/wp-content\/uploads\/2023\/12\/2023.12.29.1-180x130.jpg\" alt=\"\" width=\"180\" height=\"130\" \/><\/a>Szanowni Pa\u0144stwo, mamy wielk\u0105 przyjemno\u015b\u0107 zaprosi\u0107 Pa\u0144stwa na pokaz premierowy filmu &#8222;Za Bochen Chleba&#8221; w re\u017c. Paw\u0142a Pierzchanowskiego oraz Karola Wojteczka.<\/strong><!--more--><\/p>\n<p><strong>Pokaz odb\u0119dzie si\u0119 13 stycznia o godz. 16:30 w remizie OSP przy ul. Ko\u015bciuszki 3 w Sadownem.<\/strong><\/p>\n<p>Film przedstawia histori\u0119 zbrodni na Mariannie, Leonie i Stefanie Lubkiewiczach zamordowanych 13 stycznia 1943 r. w Sadownem za przekazanie dw\u00f3ch bochenk\u00f3w chleba dw\u00f3m ukrywaj\u0105cym si\u0119 \u017cydowskim kobietom.<\/p>\n<p>W produkcji przypomniana zosta\u0142a r\u00f3wnie\u017c historia Lucyny Radziejowskiej spod Sadownego, wywiezionej do niemieckiego obozu zag\u0142ady Auschwitz za ukrywanie \u017cydowskiej kobiety i jej nastoletniego syna.<\/p>\n<p>Premiera filmu odb\u0119dzie si\u0119 w 81. rocznic\u0119 zbrodni dokonanej przez niemieck\u0105 \u017candarmeri\u0119 na rodzinie Pa\u0144stwa Lubkiewicz\u00f3w i ratowanych przez nich \u017cydowskich kobietach. W trakcie wydarzenia g\u0142os zabierze wnuczka p. Lubkiewicz\u00f3w, Gra\u017cyna Olton.<\/p>\n<p>Przez wzgl\u0105d na ograniczon\u0105 pojemno\u015b\u0107 sali prosimy o deklaracj\u0119 przybycia oraz ewentualn\u0105 informacj\u0119 o liczbie os\u00f3b w ramach deklaracji.<\/p>\n<p>Film dofinansowano ze \u015brodk\u00f3w Instytutu Dziedzictwa My\u015bli Narodowej im. Romana Dmowskiego i Ignacego Paderewskiego w ramach Funduszu Patriotycznego.<\/p>\n<p><strong>Zwiastun filmu:<\/strong><\/p>\n<p><strong><a href=\"https:\/\/youtu.be\/j1hlmbl0l4E\">https:\/\/youtu.be\/j1hlmbl0l4E<\/a><\/strong><\/p>\n<p><strong>Z wyrazami szacunku<\/strong><\/p>\n<p><strong>Karol Wojteczek<\/strong><\/p>\n<p><a href=\"http:\/\/info.sadowne.pl\/wp-content\/uploads\/2023\/12\/2023.12.29.1.jpg\"><img loading=\"lazy\" decoding=\"async\" class=\"aligncenter size-full wp-image-28578\" src=\"http:\/\/info.sadowne.pl\/wp-content\/uploads\/2023\/12\/2023.12.29.1.jpg\" alt=\"\" width=\"608\" height=\"434\" srcset=\"https:\/\/info.sadowne.pl\/wp-content\/uploads\/2023\/12\/2023.12.29.1.jpg 608w, https:\/\/info.sadowne.pl\/wp-content\/uploads\/2023\/12\/2023.12.29.1-300x214.jpg 300w\" sizes=\"auto, (max-width: 608px) 100vw, 608px\" \/><\/a><\/p>\n","protected":false},"excerpt":{"rendered":"<p>Szanowni Pa\u0144stwo, mamy wielk\u0105 przyjemno\u015b\u0107 zaprosi\u0107 Pa\u0144stwa na pokaz premierowy filmu &#8222;Za Bochen Chleba&#8221; w re\u017c. Paw\u0142a Pierzchanowskiego oraz Karola Wojteczka.<\/p>\n","protected":false},"author":1,"featured_media":0,"comment_status":"closed","ping_status":"closed","sticky":false,"template":"","format":"standard","meta":{"footnotes":""},"categories":[5,1],"tags":[4071,3727,4072,3039],"class_list":["post-28577","post","type-post","status-publish","format-standard","hentry","category-newsy","category-inne","tag-film-za-bochen-chleba","tag-karol-wojteczek","tag-pawel-pierzczhnowski","tag-rodzina-lubkiewiczow"],"views":2448,"_links":{"self":[{"href":"https:\/\/info.sadowne.pl\/index.php?rest_route=\/wp\/v2\/posts\/28577","targetHints":{"allow":["GET"]}}],"collection":[{"href":"https:\/\/info.sadowne.pl\/index.php?rest_route=\/wp\/v2\/posts"}],"about":[{"href":"https:\/\/info.sadowne.pl\/index.php?rest_route=\/wp\/v2\/types\/post"}],"author":[{"embeddable":true,"href":"https:\/\/info.sadowne.pl\/index.php?rest_route=\/wp\/v2\/users\/1"}],"replies":[{"embeddable":true,"href":"https:\/\/info.sadowne.pl\/index.php?rest_route=%2Fwp%2Fv2%2Fcomments&post=28577"}],"version-history":[{"count":1,"href":"https:\/\/info.sadowne.pl\/index.php?rest_route=\/wp\/v2\/posts\/28577\/revisions"}],"predecessor-version":[{"id":28579,"href":"https:\/\/info.sadowne.pl\/index.php?rest_route=\/wp\/v2\/posts\/28577\/revisions\/28579"}],"wp:attachment":[{"href":"https:\/\/info.sadowne.pl\/index.php?rest_route=%2Fwp%2Fv2%2Fmedia&parent=28577"}],"wp:term":[{"taxonomy":"category","embeddable":true,"href":"https:\/\/info.sadowne.pl\/index.php?rest_route=%2Fwp%2Fv2%2Fcategories&post=28577"},{"taxonomy":"post_tag","embeddable":true,"href":"https:\/\/info.sadowne.pl\/index.php?rest_route=%2Fwp%2Fv2%2Ftags&post=28577"}],"curies":[{"name":"wp","href":"https:\/\/api.w.org\/{rel}","templated":true}]}}