{"id":28580,"date":"2024-01-02T15:50:41","date_gmt":"2024-01-02T14:50:41","guid":{"rendered":"http:\/\/info.sadowne.pl\/?p=28580"},"modified":"2024-01-02T15:50:41","modified_gmt":"2024-01-02T14:50:41","slug":"kronika-strazacka-25-31-12-2023","status":"publish","type":"post","link":"https:\/\/info.sadowne.pl\/?p=28580","title":{"rendered":"Kronika stra\u017cacka 25 &#8211; 31.12.2023"},"content":{"rendered":"<p><strong><a href=\"http:\/\/info.sadowne.pl\/wp-content\/uploads\/2023\/06\/straz3-scaled.jpg\"><img loading=\"lazy\" decoding=\"async\" class=\"alignleft size-thumbnail wp-image-27687\" src=\"http:\/\/info.sadowne.pl\/wp-content\/uploads\/2023\/06\/straz3-180x130.jpg\" alt=\"\" width=\"180\" height=\"130\" \/><\/a>W<\/strong><strong> okresie<\/strong><strong> od<\/strong><strong> \u00a025 &#8211; 31.12.2023 roku na<\/strong><strong> terenie<\/strong><strong> powiatu<\/strong><strong> w\u0119growskiego<\/strong><strong> zanotowano: <\/strong><strong>20 zdarze\u0144,<\/strong><strong> przy<\/strong><strong> kt\u00f3rych<\/strong><strong> interweniowa\u0142y<\/strong><strong> jednostki<\/strong><strong> ochrony<\/strong><strong> przeciwpo\u017carowej, w tym:<\/strong> <strong>2 po\u017cary, 14 miejscowych zagro\u017ce\u0144 i 4 alarmy fa\u0142szywe.<\/strong><!--more--><\/p>\n<p><strong>25.12.2023 \u2013 \u00a0Ostr\u00f3wek gm. \u0141och\u00f3w \u2013 Budynek wielorodzinny &#8211; komin.<\/strong><\/p>\n<p>DO SKKP wp\u0142yn\u0119\u0142a formatka CPR &#8211; po\u017car Ostr\u00f3wek z opisem: ,,OGIEN Z KOMINA OLEJOWEGO Z BLOKU 3 PIETROWEGO&#8221;. SK zadysponowa\u0142 OSP Ostr\u00f3wek i JRG GCBA5\/32 oraz po analizie zg\u0142oszenia kolejne s\u0105siednie jednostki OSP (w tym SH-18) i z dy\u017curu Oficera Operacyjnego KP PSP w W\u0119growie. Po przybyciu na miejsce zdarzenia zast\u0119pu OSP Ostr\u00f3wek, KDR po rozpoznaniu nie stwierdzi\u0142 oznak po\u017caru.\u00a0 Od okolicznych mieszka\u0144c\u00f3w uzyskano informacj\u0119, \u017ce widoczny by\u0142 ogie\u0144 z komina (ze stali kwasoodpornej) znajduj\u0105cego si\u0119 na zewn\u0105trz \u015bciany wielorodzinnego budynku mieszkalnego. W budynku na parterze znajdowa\u0142a si\u0119 kot\u0142ownia z piecem na olej opa\u0142owy, zbiorniki z olejem znajdowa\u0142y si\u0119 w magazynie oleju w s\u0105siednim pomieszczeniu. Nie stwierdzono wizualnie wadliwego dzia\u0142ania pieca. Dzia\u0142ania zast\u0119pu OSP polega\u0142y na sprawdzeniu kot\u0142owni i pieca w budynku i obserwacji komina. Nie stwierdzono oznak po\u017caru, nie zachodzi\u0142a potrzeba ewakuacji mieszka\u0144c\u00f3w. Na miejsce przyby\u0142y kolejne jednostki OSP, kt\u00f3re wspar\u0142y dzia\u0142ania oraz oficer operacyjny KP PSP w W\u0119growie (przej\u0119cie KDR) oraz zast\u0119p JRG W\u0119gr\u00f3w GCBA5\/32. Sprawdzono kot\u0142owni\u0119 i komin kamer\u0105 termowizyjn\u0105 (nie stwierdzaj\u0105c podwy\u017cszonej temperatury). Ponadto sprawdzono pomieszczenie kot\u0142owni na obecno\u015b\u0107 tlenku w\u0119gla miernikiem MX4 nie stwierdzaj\u0105c jego obecno\u015bci. Po przekazaniu miejsca zdarzenia u\u017cytkownikowi obiektu, dzia\u0142ania zast\u0119p\u00f3w zako\u0144czono. W DZIA\u0141ANIACH RATOWNICZYCH UDZIA\u0141 BRA\u0141O: 5 zast\u0119p\u00f3w, 25 ratownik\u00f3w.<strong>\u00a0<\/strong><\/p>\n<p><strong>26.12.2023 \u2013 \u0141och\u00f3w, ul. My\u015bliwska &#8211; \u00a0Wypadek drogowy.<\/strong><\/p>\n<p>Do zdarzenia zadysponowane zosta\u0142y zast\u0119py JRG PSP W\u0119gr\u00f3w i s\u0105siednie OSP z KSRG. Po przybyciu na miejsce zdarzenia zast\u0119pu OSP \u0141och\u00f3w, stra\u017cacy stwierdzili, \u017ce jad\u0105cy drog\u0105 powiatow\u0105 samoch\u00f3d osobowy wypad\u0142 z drogi i znajduje si\u0119 w rowie. Na miejscu ju\u017c by\u0142 ZRM, kt\u00f3ry zajmowa\u0142 si\u0119 osob\u0105 jad\u0105c\u0105 pojazdem. Dzia\u0142ania zast\u0119pu polega\u0142y na zabezpieczeniu i oznaczeniu miejsca zdarzenia, od\u0142\u0105czeniu klem akumulatora, i pomocy Policji w zabezpieczeniu ruchu drogowego. Po odje\u017adzie z miejsca zdarzenia ZRM z osob\u0105 poszkodowan\u0105 do szpitala \u00a0zast\u0119py zako\u0144czy\u0142y dzia\u0142ania i wr\u00f3ci\u0142y do baz. W DZIA\u0141ANIACH RATOWNICZYCH UDZIA\u0141 BRA\u0141O: 2 zast\u0119py, 12 ratownik\u00f3w,<strong>\u00a0<\/strong><\/p>\n<p><strong>26.12.2023 \u2013 Wieliczna, gm. Stoczek \u00a0&#8211; \u00a0Wypadek drogowy.<\/strong><\/p>\n<p>Po dotarciu na miejsce zdarzenia pierwszego zast\u0119pu OSP i przeprowadzeniu rozpoznania, stra\u017cacy ustalili, \u017ce dosz\u0142o do dachowania samochodu osobowego &#8211; samoch\u00f3d znajduje si\u0119 poza pasem drogi na boku, a kieruj\u0105ca pojazdem znajduje si\u0119 w \u015brodku. Dzia\u0142ania przyby\u0142ych zast\u0119p\u00f3w polega\u0142y na zabezpieczeniu miejsca zdarzenia, ewakuacj\u0119 osoby znajduj\u0105cej si\u0119 w poje\u017adzie, przez okno od strony pasa\u017cera, udzieleniu kwalifikowanej pierwszej pomocy oraz od\u0142\u0105czeniu minusowej klemy akumulatora. Osob\u0119 poszkodowan\u0105 przekazano ZRM. W DZIA\u0141ANIACH RATOWNICZYCH UDZIA\u0141 BRA\u0141O: 4 zast\u0119py, 22 ratownik\u00f3w.<\/p>\n<p><strong>Stra\u017cacy r\u00f3wnie\u017c gasili kilka po\u017car\u00f3w sadzy w kominach \u00a0budynk\u00f3w mieszkalnych.<\/strong><\/p>\n<p><strong>KP PSP W\u0119gr\u00f3w<\/strong><\/p>\n<p>&nbsp;<\/p>\n","protected":false},"excerpt":{"rendered":"<p>W okresie od \u00a025 &#8211; 31.12.2023 roku na terenie powiatu w\u0119growskiego zanotowano: 20 zdarze\u0144, przy kt\u00f3rych interweniowa\u0142y jednostki ochrony przeciwpo\u017carowej, w tym: 2 po\u017cary, 14 miejscowych zagro\u017ce\u0144 i 4 alarmy fa\u0142szywe.<\/p>\n","protected":false},"author":1,"featured_media":0,"comment_status":"closed","ping_status":"closed","sticky":false,"template":"","format":"standard","meta":{"footnotes":""},"categories":[5,4,267],"tags":[491,643],"class_list":["post-28580","post","type-post","status-publish","format-standard","hentry","category-newsy","category-policja-straz-pozarna-pogotowie-ratunkowe","category-straz-pozarna-policja-straz-pozarna-pogotowie-ratunkowe","tag-komenda-powiatowa-panstwowej-strazy-pozarnej-w-wegrowie","tag-kronika-strazacka"],"views":1571,"_links":{"self":[{"href":"https:\/\/info.sadowne.pl\/index.php?rest_route=\/wp\/v2\/posts\/28580","targetHints":{"allow":["GET"]}}],"collection":[{"href":"https:\/\/info.sadowne.pl\/index.php?rest_route=\/wp\/v2\/posts"}],"about":[{"href":"https:\/\/info.sadowne.pl\/index.php?rest_route=\/wp\/v2\/types\/post"}],"author":[{"embeddable":true,"href":"https:\/\/info.sadowne.pl\/index.php?rest_route=\/wp\/v2\/users\/1"}],"replies":[{"embeddable":true,"href":"https:\/\/info.sadowne.pl\/index.php?rest_route=%2Fwp%2Fv2%2Fcomments&post=28580"}],"version-history":[{"count":1,"href":"https:\/\/info.sadowne.pl\/index.php?rest_route=\/wp\/v2\/posts\/28580\/revisions"}],"predecessor-version":[{"id":28581,"href":"https:\/\/info.sadowne.pl\/index.php?rest_route=\/wp\/v2\/posts\/28580\/revisions\/28581"}],"wp:attachment":[{"href":"https:\/\/info.sadowne.pl\/index.php?rest_route=%2Fwp%2Fv2%2Fmedia&parent=28580"}],"wp:term":[{"taxonomy":"category","embeddable":true,"href":"https:\/\/info.sadowne.pl\/index.php?rest_route=%2Fwp%2Fv2%2Fcategories&post=28580"},{"taxonomy":"post_tag","embeddable":true,"href":"https:\/\/info.sadowne.pl\/index.php?rest_route=%2Fwp%2Fv2%2Ftags&post=28580"}],"curies":[{"name":"wp","href":"https:\/\/api.w.org\/{rel}","templated":true}]}}