{"id":28593,"date":"2024-01-08T16:14:29","date_gmt":"2024-01-08T15:14:29","guid":{"rendered":"http:\/\/info.sadowne.pl\/?p=28593"},"modified":"2024-01-08T16:14:29","modified_gmt":"2024-01-08T15:14:29","slug":"kronika-strazacka-01-07-01-2024","status":"publish","type":"post","link":"https:\/\/info.sadowne.pl\/?p=28593","title":{"rendered":"Kronika stra\u017cacka 01 &#8211; 07.01.2024"},"content":{"rendered":"<p><strong><a href=\"http:\/\/info.sadowne.pl\/wp-content\/uploads\/2023\/06\/straz3-scaled.jpg\"><img loading=\"lazy\" decoding=\"async\" class=\"alignleft size-thumbnail wp-image-27687\" src=\"http:\/\/info.sadowne.pl\/wp-content\/uploads\/2023\/06\/straz3-180x130.jpg\" alt=\"\" width=\"180\" height=\"130\" \/><\/a>W<\/strong><strong> okresie<\/strong><strong> od<\/strong><strong> 01 &#8211; 07.01.2024 r.<\/strong><strong> na<\/strong><strong> terenie<\/strong><strong> powiatu<\/strong><strong> w\u0119growskiego<\/strong><strong> zanotowano: <\/strong><strong>27 zdarze\u0144,<\/strong><strong> przy<\/strong><strong> kt\u00f3rych<\/strong><strong> interweniowa\u0142y<\/strong><strong> jednostki<\/strong><strong> ochrony<\/strong><strong> przeciwpo\u017carowej, w tym:<\/strong><strong> 4 po\u017cary, 22 miejscowe zagro\u017cenia i 1 alarm fa\u0142szywy . <\/strong><!--more--><\/p>\n<p><strong>04.01.2024 \u2013 W\u0119gr\u00f3w, ul. Sko\u015bna \u2013 po\u017car poddasza w budynku mieszkalnym.<\/strong><\/p>\n<p>Po przybyciu na miejsce zdarzenia zast\u0119p\u00f3w JRG PSP i przeprowadzonym rozpoznaniu strazacy stwierdzili, \u017ce w parterowym, drewnianym budynku mieszkalnym dosz\u0142o do po\u017caru stropu, panuje du\u017ce zadymienie na parterze i poddaszu, brak os\u00f3b poszkodowanych. Dziania zast\u0119p\u00f3w polega\u0142y na zabezpieczeniu miejsca zdarzenia, od\u0142\u0105czeniu dop\u0142ywu energii elektrycznej w skrzynce rozdzielczej wewn\u0105trz budynku oraz podaniu jednego pr\u0105du wody w natarciu na po\u017car. Nast\u0119pnie przeprowadzono drobne prace rozbi\u00f3rkowe w celu dotarcia do zarzewi ognia. Po zlikwidowaniu po\u017caru budynek przewietrzono, sprawdzono miernikiem na obecno\u015b\u0107 tlenku w\u0119gla (nie stwierdzono) oraz sprawdzono kamer\u0105 termowizyjn\u0105. Na tym dzia\u0142ania zast\u0119p\u00f3w zako\u0144czono,<\/p>\n<p><strong>W DZIA\u0141ANIACH RATOWNICZYCH UDZIA\u0141 BRA\u0141O: 3 zast\u0119py, 8 ratownik\u00f3w.<\/strong><\/p>\n<p><strong>04.01.2024 \u2013 Wrotn\u00f3w, gm. Miedzna \u2013 zderzenie 2 samochod\u00f3w osobowych.<\/strong><\/p>\n<p>Po przybyciu stra\u017cacy stwierdzili, \u017ce dosz\u0142o do zdarzenia drogowego z udzia\u0142em dw\u00f3ch samochod\u00f3w osobowych. Czw\u00f3rka os\u00f3b poszkodowanych uczestnicz\u0105cych w zdarzeniu o w\u0142asnych si\u0142ach opu\u015bci\u0142o samoch\u00f3d, droga ca\u0142kowicie zablokowana. Dzia\u0142ania zast\u0119p\u00f3w polega\u0142y na zabezpieczeniu i oznakowaniu miejsca zdarzenia, od\u0142\u0105czono akumulator w poje\u017adzie, udzieleniu kwalifikowanej pomocy przedmedycznej osobom poszkodowanym. Po przybyciu na miejsce ZRM przekazano poszkodowanych. Dalsze dzia\u0142ania polega\u0142y na wsparciu w kierowaniu ruchem drogowym.<\/p>\n<p><strong>W DZIA\u0141ANIACH RATOWNICZYCH UDZIA\u0141 BRA\u0141O: 5 zast\u0119p\u00f3w, 21 ratownik\u00f3w.<\/strong><\/p>\n<p><strong>05.01.2024 \u2013 \u015anice, gm. Liw, DW 696 \u00a0\u2013 zderzenie dw\u00f3ch samochod\u00f3w osobowych.<\/strong><\/p>\n<p>W miejscowo\u015bci \u015anice dosz\u0142o do zderzenia dw\u00f3ch samochod\u00f3w osobowych na DW696. Wszystkie osoby wysz\u0142y o w\u0142asnych si\u0142ach z pojazd\u00f3w. Jedna osoba potrzebuj\u0105ca kwalifikowanej pomocy przedmedycznej. DW696 cz\u0119\u015bciowo zablokowana, pojazdy na bocznej drodze. Dzia\u0142ania zast\u0119p\u00f3w polega\u0142y na zabezpieczeniu miejsca zdarzenia, udzielono KPP (wsparcie psychiczne) kierowcy opel \u00a0nast\u0119pnie przekazano j\u0105 ZRM. Po przyje\u017adzie drugiego ZRM lekarz stwierdzi\u0142 konieczno\u015b\u0107 zabrania do szpitala drugiej osoby.<\/p>\n<p><strong>W DZIA\u0141ANIACH RATOWNICZYCH UDZIA\u0141 BRA\u0141O: 4 zast\u0119py, 14 ratownik\u00f3w.<\/strong><\/p>\n<p><strong>Pozosta\u0142e dzia\u0142ania polega\u0142y na wypompowywaniu wody (10 zdarze\u0144), po d\u0142ugotrwa\u0142ych opadach z zalanych piwnic i posesji oraz usuwaniu wiatro\u0142om\u00f3w (6 zdarze\u0144).<\/strong><\/p>\n<p><strong>KP PSP W\u0119gr\u00f3w<\/strong><\/p>\n","protected":false},"excerpt":{"rendered":"<p>W okresie od 01 &#8211; 07.01.2024 r. na terenie powiatu w\u0119growskiego zanotowano: 27 zdarze\u0144, przy kt\u00f3rych interweniowa\u0142y jednostki ochrony przeciwpo\u017carowej, w tym: 4 po\u017cary, 22 miejscowe zagro\u017cenia i 1 alarm fa\u0142szywy .<\/p>\n","protected":false},"author":1,"featured_media":0,"comment_status":"closed","ping_status":"closed","sticky":false,"template":"","format":"standard","meta":{"footnotes":""},"categories":[5,4,267],"tags":[491,643],"class_list":["post-28593","post","type-post","status-publish","format-standard","hentry","category-newsy","category-policja-straz-pozarna-pogotowie-ratunkowe","category-straz-pozarna-policja-straz-pozarna-pogotowie-ratunkowe","tag-komenda-powiatowa-panstwowej-strazy-pozarnej-w-wegrowie","tag-kronika-strazacka"],"views":1714,"_links":{"self":[{"href":"https:\/\/info.sadowne.pl\/index.php?rest_route=\/wp\/v2\/posts\/28593","targetHints":{"allow":["GET"]}}],"collection":[{"href":"https:\/\/info.sadowne.pl\/index.php?rest_route=\/wp\/v2\/posts"}],"about":[{"href":"https:\/\/info.sadowne.pl\/index.php?rest_route=\/wp\/v2\/types\/post"}],"author":[{"embeddable":true,"href":"https:\/\/info.sadowne.pl\/index.php?rest_route=\/wp\/v2\/users\/1"}],"replies":[{"embeddable":true,"href":"https:\/\/info.sadowne.pl\/index.php?rest_route=%2Fwp%2Fv2%2Fcomments&post=28593"}],"version-history":[{"count":1,"href":"https:\/\/info.sadowne.pl\/index.php?rest_route=\/wp\/v2\/posts\/28593\/revisions"}],"predecessor-version":[{"id":28594,"href":"https:\/\/info.sadowne.pl\/index.php?rest_route=\/wp\/v2\/posts\/28593\/revisions\/28594"}],"wp:attachment":[{"href":"https:\/\/info.sadowne.pl\/index.php?rest_route=%2Fwp%2Fv2%2Fmedia&parent=28593"}],"wp:term":[{"taxonomy":"category","embeddable":true,"href":"https:\/\/info.sadowne.pl\/index.php?rest_route=%2Fwp%2Fv2%2Fcategories&post=28593"},{"taxonomy":"post_tag","embeddable":true,"href":"https:\/\/info.sadowne.pl\/index.php?rest_route=%2Fwp%2Fv2%2Ftags&post=28593"}],"curies":[{"name":"wp","href":"https:\/\/api.w.org\/{rel}","templated":true}]}}