{"id":28595,"date":"2024-01-11T19:31:11","date_gmt":"2024-01-11T18:31:11","guid":{"rendered":"http:\/\/info.sadowne.pl\/?p=28595"},"modified":"2024-01-11T19:31:11","modified_gmt":"2024-01-11T18:31:11","slug":"akta-poglownego-z-lat-1662-1674-czesc-ii","status":"publish","type":"post","link":"https:\/\/info.sadowne.pl\/?p=28595","title":{"rendered":"AKTA POG\u0141\u00d3WNEGO Z LAT 1662-1674 \u2013 CZ\u0118\u015a\u0106 II"},"content":{"rendered":"<p><strong><a href=\"http:\/\/info.sadowne.pl\/wp-content\/uploads\/2024\/01\/Brok160.jpg\" target=\"_blank\" rel=\"noopener\"><img loading=\"lazy\" decoding=\"async\" class=\"alignleft wp-image-28596 size-thumbnail\" src=\"http:\/\/info.sadowne.pl\/wp-content\/uploads\/2024\/01\/Brok160-180x130.jpg\" alt=\"\" width=\"180\" height=\"130\" \/><\/a>PARAFIE: KOSOWO, MIEDZNA, PROSTY\u0143, STOCZEK, BRA\u0143SZCZYK, D\u0141UGOSIOD\u0141O.<\/strong><!--more--><\/p>\n<p>W opublikowanym przed czterema tygodniami opracowaniu zamieszczono regestry os\u00f3b obci\u0105\u017conych podatkiem pog\u0142\u00f3wnym w latach 1673 i 1674 w parafiach Brok, Sadowne i Zar\u0119by Ko\u015bcielne. Regestry poprzedzono obszernym wst\u0119pem wyja\u015bniaj\u0105cym natur\u0119 tej daniny oraz spos\u00f3b kalkulacji kwot obci\u0105\u017caj\u0105cych osoby o r\u00f3\u017cnym statusie spo\u0142ecznym. Czytelnik\u00f3w pragn\u0105cych zapozna\u0107 si\u0119 z tymi informacjami zapraszam do przejrzenia zamieszczonego na tej samej stronie internetowej opracowania Akta pog\u0142\u00f3wnego z lat 1662-1674. Cz\u0119\u015b\u0107 I.<\/p>\n<p>Wymienione w tamtym opracowaniu parafie le\u017ca\u0142y w opisywanych czasach w ziemi nurskiej wojew\u00f3dztwa mazowieckiego. W niniejszym zamieszczono wiadomo\u015bci tak\u017ce o p\u0142atnikach pog\u0142\u00f3wnego zamieszka\u0142ych w ziemi drohickiej wojew\u00f3dztwa podlaskiego, w parafiach Kos\u00f3w, Miedzna i Prosty\u0144. Dla parafii wojew\u00f3dztwa podlaskiego przetrwa\u0142y dokumenty tycz\u0105ce poboru pog\u0142\u00f3wnego w roku 1662. One tak\u017ce nosz\u0105 miano regestr\u00f3w, ale nie s\u0105 to spisy przygotowane wy\u0142\u0105cznie dla potrzeb poboru daniny, ale raczej rachunki poborowe. Dla ka\u017cdej miejscowo\u015bci uwzgl\u0119dniono percpet\u0119, czyli faktyczne wp\u0142ywy z daniny oraz \u2013 je\u015bli taka by\u0142a \u2013 retent\u0119, czyli zaleg\u0142o\u015bci. Jak na stan dotkni\u0119tego straszliwymi kl\u0119skami kraju, to owych zw\u0142ok w p\u0142atno\u015bciach nie by\u0142o nazbyt du\u017co. Zaleg\u0142o\u015bci dotyczy\u0142y nie tylko pog\u0142\u00f3wnego, ale wszystkich ustanawianych w\u00f3wczas podatk\u00f3w. W roku 1658 braki w wybieraniu przeznaczonej na utrzymanie sta\u0142ego wojska kwarty wynosi\u0142y w wojew\u00f3dztwie mazowieckim \u2013 72,7%. Tamtego poboru dokonywano praktycznie na pogorzeliskach. W tym opracowaniu \u015bwiadectwem dokonanych przez naje\u017ad\u017ac\u00f3w zniszcze\u0144 i nast\u0119puj\u0105cych po nich fal epidemii jest cho\u0107by przypadek wiosek Kie\u0142czew i Kutaski (ob. Poniatowo). W roku 1662 nie znaleziono tam nikogo kwalifikuj\u0105cego si\u0119 do obci\u0105\u017cenia podatkiem. Te same wioski \u015bwiadcz\u0105 tak\u017ce o post\u0119puj\u0105cej z wolna odbudowie. W roku 1674 stoi ju\u017c w Kie\u0142czewie dw\u00f3r z ca\u0142kiem liczn\u0105 czeladzi\u0105, na wsi za\u015b obci\u0105\u017cono pog\u0142\u00f3wnym 67 os\u00f3b. W Kutaskach s\u0105 nawet dwa dwory, cho\u0107 znacznie mniej poddanych. W rachunkach z roku 1662 nie wspomniano tak\u017ce o wiosce Nowa Wie\u015b w parafii kosowskiej, ale akta nie zawieraj\u0105 wyja\u015bnienia, z jakiej to si\u0119 sta\u0142o przyczyny.<\/p>\n<p><strong>Wi\u0119cej na stronie <span style=\"color: #0000ff;\"><a style=\"color: #0000ff;\" href=\"https:\/\/madzelan.cba.pl\/akta-poglownego-z-lat-1662-1674-czesc-ii-parafie-kosowo-miedzna-prostyn-stoczek-branszczyk-dlugosiodlo\/\" target=\"_blank\" rel=\"noopener\">https:\/\/madzelan.cba.pl\/akta-poglownego-z-lat-1662-1674-czesc-ii-parafie-kosowo-miedzna-prostyn-stoczek-branszczyk-dlugosiodlo\/<\/a><\/span><\/strong><\/p>\n","protected":false},"excerpt":{"rendered":"<p>PARAFIE: KOSOWO, MIEDZNA, PROSTY\u0143, STOCZEK, BRA\u0143SZCZYK, D\u0141UGOSIOD\u0141O.<\/p>\n","protected":false},"author":1,"featured_media":0,"comment_status":"closed","ping_status":"closed","sticky":false,"template":"","format":"standard","meta":{"footnotes":""},"categories":[5,3436,31],"tags":[3004,2956],"class_list":["post-28595","post","type-post","status-publish","format-standard","hentry","category-newsy","category-opowiesci-historie-legendy-brokowskie-i-nie-tylko","category-historia-gminy","tag-jerzy-madzelan","tag-opowiesci-historie-legendy-brokowskie-i-nie-tylko"],"views":1708,"_links":{"self":[{"href":"https:\/\/info.sadowne.pl\/index.php?rest_route=\/wp\/v2\/posts\/28595","targetHints":{"allow":["GET"]}}],"collection":[{"href":"https:\/\/info.sadowne.pl\/index.php?rest_route=\/wp\/v2\/posts"}],"about":[{"href":"https:\/\/info.sadowne.pl\/index.php?rest_route=\/wp\/v2\/types\/post"}],"author":[{"embeddable":true,"href":"https:\/\/info.sadowne.pl\/index.php?rest_route=\/wp\/v2\/users\/1"}],"replies":[{"embeddable":true,"href":"https:\/\/info.sadowne.pl\/index.php?rest_route=%2Fwp%2Fv2%2Fcomments&post=28595"}],"version-history":[{"count":1,"href":"https:\/\/info.sadowne.pl\/index.php?rest_route=\/wp\/v2\/posts\/28595\/revisions"}],"predecessor-version":[{"id":28597,"href":"https:\/\/info.sadowne.pl\/index.php?rest_route=\/wp\/v2\/posts\/28595\/revisions\/28597"}],"wp:attachment":[{"href":"https:\/\/info.sadowne.pl\/index.php?rest_route=%2Fwp%2Fv2%2Fmedia&parent=28595"}],"wp:term":[{"taxonomy":"category","embeddable":true,"href":"https:\/\/info.sadowne.pl\/index.php?rest_route=%2Fwp%2Fv2%2Fcategories&post=28595"},{"taxonomy":"post_tag","embeddable":true,"href":"https:\/\/info.sadowne.pl\/index.php?rest_route=%2Fwp%2Fv2%2Ftags&post=28595"}],"curies":[{"name":"wp","href":"https:\/\/api.w.org\/{rel}","templated":true}]}}