{"id":28598,"date":"2024-01-11T19:55:30","date_gmt":"2024-01-11T18:55:30","guid":{"rendered":"http:\/\/info.sadowne.pl\/?p=28598"},"modified":"2024-01-11T19:55:30","modified_gmt":"2024-01-11T18:55:30","slug":"k-s-wicher-sadowne-2023","status":"publish","type":"post","link":"https:\/\/info.sadowne.pl\/?p=28598","title":{"rendered":"K.S. \u201eWICHER\u201d Sadowne 2023"},"content":{"rendered":"<p><strong><a href=\"http:\/\/info.sadowne.pl\/wp-content\/uploads\/2013\/01\/wichersadowne.jpg\"><img loading=\"lazy\" decoding=\"async\" class=\"alignleft size-full wp-image-839\" src=\"http:\/\/info.sadowne.pl\/wp-content\/uploads\/2013\/01\/wichersadowne.jpg\" alt=\"\" width=\"150\" height=\"150\" \/><\/a>\u2013 rzut okiem mo\u017ce nie do ko\u0144ca obiektywnym.<\/strong><!--more--><\/p>\n<p>Sp\u00f3jrzcie na kr\u00f3tkie sprawozdanie z dzia\u0142alno\u015bci Klubu Sportowego \u201eWICHER\u201d Sadowne za 2023 r. Sprawozdanie jest wynikiem udzia\u0142u w zebraniu cz\u0142onk\u00f3w, zawodnik\u00f3w i sympatyk\u00f3w Klubu, jakie mia\u0142o miejsce 6 stycznia 2024 r. w Sadownem. Relacja oparta zosta\u0142a g\u0142\u00f3wnie o dane uzyskane od Prezesa i Wiceprezesa Klubu (Pan\u00f3w: Emila Filipiaka i Sebastiana Kowalczyka).<\/p>\n<p>Najpierw liczby, a te robi\u0105 wra\u017cenie:<\/p>\n<p>a) pi\u0142ka no\u017cna:<\/p>\n<p>&#8211; 36 mecz\u00f3w, w tym 18 w Sadownem dru\u017cyn Senior\u00f3w w rozgrywkach klas \u201eA\u201d i \u201eB\u201d (\u201eB\u201d tylko runda wiosenna) OZPN Siedlce,<\/p>\n<p>&#8211; 20 mecz\u00f3w, w tym 10 w Sadownem dru\u017cyny Trampkarzy w rozgrywkach Ligi U-14 OZPN Siedlce,<\/p>\n<p>&#8211; 20 mecz\u00f3w, w tym 10 w Sadownem dru\u017cyny M\u0142odzik\u00f3w w rozgrywkach Ligi U-12 OZPN Siedlce,<\/p>\n<p>&#8211; 20 mecz\u00f3w, w tym 10 w Sadownem dru\u017cyny Orlik\u00f3w w rozgrywkach Ligi U-10 OZPN Siedlce,<\/p>\n<p>&#8211; 20 mecz\u00f3w, w tym 10 w Sadownem dru\u017cyny \u017bak\u00f3w w rozgrywkach Ligi U-9 OZPN Siedlce,<\/p>\n<p>&#8211; rozegranie oko\u0142o 20 turniej\u00f3w przez pi\u0142karzy dru\u017cyn \u017bak\u00f3w i Skrzat\u00f3w w ramach Szk\u00f3\u0142ki Pi\u0142karskiej,<\/p>\n<p>&#8211; rozegranie oko\u0142o 30 sparing\u00f3w przez dru\u017cyny Senior\u00f3w i M\u0142odzie\u017cowe,<\/p>\n<p>b) pi\u0142ka siatkowa:<\/p>\n<p>&#8211; rozegranie 30. mecz\u00f3w dru\u017cyny Siatkarzy w ramach BS Amatorskiej Ligi Pi\u0142ki Siatkowej\u00a0 prowadzonej przez MOSiR Ostr\u00f3w Maz.,<\/p>\n<p>c) biegi terenowe:<\/p>\n<p>&#8211; wsp\u00f3\u0142organizacja bieg\u00f3w i marsz\u00f3w NW w ramach X biegu ku czci b\u0142. Edwarda Grzyma\u0142y w Sadownem oraz IX Nadbu\u017ca\u0144skiej Sz\u00f3stki w Ra\u017cnach,<\/p>\n<p>d) inne przedsi\u0119wzi\u0119cia:<\/p>\n<p>&#8211; organizacja 3. wyjazd\u00f3w na mecze pi\u0142karskiej reprezentacji Polski,<\/p>\n<p>&#8211; organizacja 3. wyjazd\u00f3w na mecze pi\u0142karskie rozgrywane przez dru\u017cyn\u0119 Legii Warszawa,<\/p>\n<p>&#8211; organizacja 2. wyjazd\u00f3w na mecze pi\u0142karskie rozgrywane przez dru\u017cyn\u0119 Jagielloni Bia\u0142ystok,<\/p>\n<p>&#8211; organizacja obozu sportowego na Mazurach \u2013 Ryn 2023,<\/p>\n<p>&#8211; organizacja ferii zimowych dla zawodnik\u00f3w Klubu,<\/p>\n<p>&#8211; pomoc w organizacji imprez i wydarze\u0144 gminnych.<\/p>\n<p>W prowadzonych przez Klub zaj\u0119ciach i rozgrywkach, w ramach dru\u017cyn pi\u0142karskich i siatkarskiej wzi\u0119\u0142o udzia\u0142 nie mniej ni\u017c 120. sportowc\u00f3w, w tym cz\u0119\u015b\u0107 z okolicznych gmin: Stoczka, Broku, Ma\u0142kini G\u00f3rnej, \u0141ochowa i Miedznej. A im wszystkich dopingowa\u0142o setki kibic\u00f3w, z kt\u00f3rych cz\u0119\u015b\u0107 pod\u0105\u017ca\u0142a za dru\u017cynami na mecze na odleg\u0142e boiska.<\/p>\n<p>Nie musz\u0119 dodawa\u0107, \u017ce udzia\u0142 w sta\u0142ych rozgrywkach, turniejach czy sparingach wymaga\u0142 setek trening\u00f3w, a jako gospodarz \u201eWicher\u201d musia\u0142 zapewni\u0107 m.in. przygotowanie obiekt\u00f3w, zapewni\u0107 diety s\u0119dziom, pocz\u0119stunek uczestnikom, bezpiecze\u0144stwo, opiek\u0119 i pomoc medyczn\u0105.<\/p>\n<p>Nie by\u0142oby to wszystko mo\u017cliwe, gdyby nie pomoc i przychylno\u015b\u0107 m.in. ze strony Pana W\u00f3jta Gminy Sadowne, Pa\u0144 Dyrektorek Szko\u0142y Podstawowej w Sadownem i Pani Dyrektor GOK-u oraz Kierownika ZGK, a tak\u017ce spo\u0142ecznego zaanga\u017cowania w\u0142adz klubowych. S\u0142owa podzi\u0119kowania nale\u017cy te\u017c skierowa\u0107 m.in. do Urz\u0119du Marsza\u0142kowskiego, Nadle\u015bnictwa \u0141och\u00f3w, a tak\u017ce Pan\u00f3w: Roberta Zawadzkiego \u2013 sklep \u201eRobert\u201d, Tomasza Gajewskiego \u2013 \u201eMr\u00f3wka\u201d czy Bogdana Skwarczy\u0144skiego \u2013 \u201eSad-Pol\u201d, kt\u00f3rzy jako w\u0142a\u015bciciele firm dzia\u0142aj\u0105cych na terenie Gminy Sadowne cz\u0119\u015b\u0107 przedsi\u0119wzi\u0119\u0107 Klubu sponsorowali.<\/p>\n<p>Dru\u017cyna pi\u0142ki siatkowej w zasadzie dba sama o siebie i funkcjonuje dzi\u0119ki wsparciu sponsora: firmy SAD-POL.<\/p>\n<p>Dzia\u0142alno\u015b\u0107 dru\u017cyn dzieci\u0119cych jest mo\u017cliwa niemal wy\u0142\u0105cznie dzi\u0119ki wnoszonym przez rodzic\u00f3w dzieci wp\u0142atom, a bardzo niskie wynagrodzenia trener\u00f3w s\u0105 g\u0142\u00f3wnym powodem nietworzenia nowych sekcji czy dru\u017cyn pi\u0142karskich innym rocznikom oraz zaprzestania prowadzenia dru\u017cyny Skrzat\u00f3w i klasy \u201eB\u201d.<\/p>\n<p>Klub boryka si\u0119 z problemami finansowymi i organizacyjnymi. Ze strony Gminy Sadowne wsparcie na w\/w dzia\u0142alno\u015b\u0107 wynosi 45.000 z\u0142. rocznie.<\/p>\n<p>W toku dyskusji szczeg\u00f3lnie cenne by\u0142y propozycje znacz\u0105cej poprawy kondycji finansowej Klubu, a co za tym idzie i jego rozwoju, kt\u00f3re przedstawi\u0142 Pan Kamil Koro\u015b.<\/p>\n<p>W niedalekiej przysz\u0142o\u015bci ma zosta\u0107 zwo\u0142ane Walne Zebranie cz\u0142onk\u00f3w \u201eWichra\u201d i wyb\u00f3r w\u0142adz na kolejn\u0105 kadencj\u0119.<\/p>\n<p><strong>Tekst: RW<\/strong><\/p>\n","protected":false},"excerpt":{"rendered":"<p>\u2013 rzut okiem mo\u017ce nie do ko\u0144ca obiektywnym.<\/p>\n","protected":false},"author":1,"featured_media":0,"comment_status":"closed","ping_status":"closed","sticky":false,"template":"","format":"standard","meta":{"footnotes":""},"categories":[5,6,2136,7],"tags":[4073,1161],"class_list":["post-28598","post","type-post","status-publish","format-standard","hentry","category-newsy","category-kultura-rozrywka-edukacja","category-pilka-nozna","category-sport","tag-dzialalnosc-ks-wicher-sadowne-w-2023-roku","tag-klub-sportowy-wicher-sadowne"],"views":2480,"_links":{"self":[{"href":"https:\/\/info.sadowne.pl\/index.php?rest_route=\/wp\/v2\/posts\/28598","targetHints":{"allow":["GET"]}}],"collection":[{"href":"https:\/\/info.sadowne.pl\/index.php?rest_route=\/wp\/v2\/posts"}],"about":[{"href":"https:\/\/info.sadowne.pl\/index.php?rest_route=\/wp\/v2\/types\/post"}],"author":[{"embeddable":true,"href":"https:\/\/info.sadowne.pl\/index.php?rest_route=\/wp\/v2\/users\/1"}],"replies":[{"embeddable":true,"href":"https:\/\/info.sadowne.pl\/index.php?rest_route=%2Fwp%2Fv2%2Fcomments&post=28598"}],"version-history":[{"count":1,"href":"https:\/\/info.sadowne.pl\/index.php?rest_route=\/wp\/v2\/posts\/28598\/revisions"}],"predecessor-version":[{"id":28599,"href":"https:\/\/info.sadowne.pl\/index.php?rest_route=\/wp\/v2\/posts\/28598\/revisions\/28599"}],"wp:attachment":[{"href":"https:\/\/info.sadowne.pl\/index.php?rest_route=%2Fwp%2Fv2%2Fmedia&parent=28598"}],"wp:term":[{"taxonomy":"category","embeddable":true,"href":"https:\/\/info.sadowne.pl\/index.php?rest_route=%2Fwp%2Fv2%2Fcategories&post=28598"},{"taxonomy":"post_tag","embeddable":true,"href":"https:\/\/info.sadowne.pl\/index.php?rest_route=%2Fwp%2Fv2%2Ftags&post=28598"}],"curies":[{"name":"wp","href":"https:\/\/api.w.org\/{rel}","templated":true}]}}