{"id":28612,"date":"2024-01-24T12:13:22","date_gmt":"2024-01-24T11:13:22","guid":{"rendered":"http:\/\/info.sadowne.pl\/?p=28612"},"modified":"2024-01-24T12:13:22","modified_gmt":"2024-01-24T11:13:22","slug":"ferie-bez-balu-niemozliwe","status":"publish","type":"post","link":"https:\/\/info.sadowne.pl\/?p=28612","title":{"rendered":"Ferie bez balu? Niemo\u017cliwe!"},"content":{"rendered":"<p><a href=\"http:\/\/info.sadowne.pl\/wp-content\/uploads\/2024\/01\/2024.01.24.1.jpg\" target=\"_blank\" rel=\"noopener\"><img loading=\"lazy\" decoding=\"async\" class=\"alignleft wp-image-28613 size-thumbnail\" src=\"http:\/\/info.sadowne.pl\/wp-content\/uploads\/2024\/01\/2024.01.24.1-180x130.jpg\" alt=\"\" width=\"180\" height=\"130\" \/><\/a><\/p>\n<p><strong>23 stycznia 2024, w drugim tygodniu ferii zimowych, w Sadownem odby\u0142 si\u0119 bal karnawa\u0142owy dla dzieci.<\/strong><!--more--><\/p>\n<p>Organizatorami balu, jak co roku, by\u0142 Urz\u0105d Gminy w Sadownem, Gminny O\u015brodek Kultury w Sadownem i Gminna Komisja Rozwi\u0105zywania Problem\u00f3w Alkoholowych w Sadownem.<\/p>\n<p>Z zaproszenia organizator\u00f3w skorzysta\u0142o kilkudziesi\u0119ciu najm\u0142odszych obywateli gminy Sadowne. Stawili si\u0119 oni wraz ze swoimi opiekunami w sadowie\u0144skiej remizie stra\u017cackiej, gdzie czeka\u0142y na nich Super Ciocie \u2013 Animatorki do zada\u0144 specjalnych z \u0141ochowa (wi\u0119cej na ich temat na stronie <span style=\"color: #0000ff;\"><a style=\"color: #0000ff;\" href=\"https:\/\/www.facebook.com\/profile.php?id=100091254327003\" target=\"_blank\" rel=\"noopener\"><strong>https:\/\/www.facebook.com\/profile.php?id=100091254327003<\/strong><\/a><\/span>).<\/p>\n<p>A na jakie atrakcje mog\u0142y liczy\u0107 dzieciaki? Ot\u00f3\u017c, m.in. mog\u0142y zaprezentowa\u0107 si\u0119 na foto\u015bciance, pomalowa\u0107 sobie twarz w stylu karnawa\u0142owym, wzi\u0105\u0107 udzia\u0142 w licznych grach, zabawach i konkursach. Podczas balu uczestnik\u00f3w bacznym okiem obserwowa\u0142a komisja, kt\u00f3ra mia\u0142a za zadanie wy\u0142onienie dziecka w najciekawszym stroju karnawa\u0142owym. Chocia\u017c wszyscy mieli wspania\u0142e stroje, to wyr\u00f3\u017cnienia i nagrody uzyska\u0142o tylko 20-tu \u201eprzebiera\u0144c\u00f3w\u201d. Brawa dla dzieci i rodzic\u00f3w za przygotowanie stroj\u00f3w wzorowanych na ulubionych bohaterach!<\/p>\n<p>Podczas intensywnych zabaw, kt\u00f3re prowadzi\u0142y Super Ciocie: Ola, Natalka i Ewa, zapewne dzieciaki straci\u0142y du\u017co kalorii, dlatego te\u017c o ich uzupe\u0142nienie zadba\u0142y Ciocie i Wujkowie z Gminnego O\u015brodka Kultury w Sadownem, przygotowuj\u0105c stosowny do imprezy pocz\u0119stunek regeneracyjny. Nie mog\u0142o tu zabrakn\u0105\u0107 p\u0105czk\u00f3w, popcornu, ciasteczek i napoj\u00f3w.<\/p>\n<p>A na koniec jeszcze gry sportowe, kt\u00f3re by\u0142y dope\u0142nieniem wspaniale rozpocz\u0119tego balu i kolejnego dnia z serii \u201eFerie z GOK-iem\u201d.<\/p>\n<p>Wielkie dzi\u0119ki dla organizator\u00f3w, kt\u00f3rzy stan\u0119li na wysoko\u015bci zadania, o czym \u015bwiadczy\u0142y u\u015bmiechni\u0119te budzie dzieciak\u00f3w oraz ich opiekun\u00f3w.<\/p>\n<p><span style=\"color: #0000ff;\"><a style=\"color: #0000ff;\" href=\"https:\/\/photos.app.goo.gl\/N5hc3N3QwGidfV6eA\" target=\"_blank\" rel=\"noopener\"><strong>Zdj\u0119cia w galerii Google&gt;&gt;&gt;<\/strong><\/a><\/span><\/p>\n<p><iframe loading=\"lazy\" title=\"YouTube video player\" src=\"https:\/\/www.youtube.com\/embed\/r2_6UFtUb1E?si=SHd6QNJZux6ZZJDR\" width=\"560\" height=\"315\" frameborder=\"0\" allowfullscreen=\"allowfullscreen\"><\/iframe><\/p>\n<p><strong>Tekst\/foto: S\u0142awek Chyli\u0144ski<\/strong><\/p>\n","protected":false},"excerpt":{"rendered":"<p>23 stycznia 2024, w drugim tygodniu ferii zimowych, w Sadownem odby\u0142 si\u0119 bal karnawa\u0142owy dla dzieci.<\/p>\n","protected":false},"author":1,"featured_media":0,"comment_status":"closed","ping_status":"closed","sticky":false,"template":"","format":"standard","meta":{"footnotes":""},"categories":[5,91,6],"tags":[2347,4077,4076,125,169,4075],"class_list":["post-28612","post","type-post","status-publish","format-standard","hentry","category-newsy","category-gminny-osrodek-kultury","category-kultura-rozrywka-edukacja","tag-bal-karnawalowy-dla-dzieci-w-sadownem","tag-ferie-2024","tag-ferie-z-gok-iem","tag-gminna-komisja-rozwiazywania-problemow-alkoholowych-w-sadownem","tag-gminny-osrodek-kultury-w-sadownem","tag-super-ciocie"],"views":2170,"_links":{"self":[{"href":"https:\/\/info.sadowne.pl\/index.php?rest_route=\/wp\/v2\/posts\/28612","targetHints":{"allow":["GET"]}}],"collection":[{"href":"https:\/\/info.sadowne.pl\/index.php?rest_route=\/wp\/v2\/posts"}],"about":[{"href":"https:\/\/info.sadowne.pl\/index.php?rest_route=\/wp\/v2\/types\/post"}],"author":[{"embeddable":true,"href":"https:\/\/info.sadowne.pl\/index.php?rest_route=\/wp\/v2\/users\/1"}],"replies":[{"embeddable":true,"href":"https:\/\/info.sadowne.pl\/index.php?rest_route=%2Fwp%2Fv2%2Fcomments&post=28612"}],"version-history":[{"count":1,"href":"https:\/\/info.sadowne.pl\/index.php?rest_route=\/wp\/v2\/posts\/28612\/revisions"}],"predecessor-version":[{"id":28614,"href":"https:\/\/info.sadowne.pl\/index.php?rest_route=\/wp\/v2\/posts\/28612\/revisions\/28614"}],"wp:attachment":[{"href":"https:\/\/info.sadowne.pl\/index.php?rest_route=%2Fwp%2Fv2%2Fmedia&parent=28612"}],"wp:term":[{"taxonomy":"category","embeddable":true,"href":"https:\/\/info.sadowne.pl\/index.php?rest_route=%2Fwp%2Fv2%2Fcategories&post=28612"},{"taxonomy":"post_tag","embeddable":true,"href":"https:\/\/info.sadowne.pl\/index.php?rest_route=%2Fwp%2Fv2%2Ftags&post=28612"}],"curies":[{"name":"wp","href":"https:\/\/api.w.org\/{rel}","templated":true}]}}