{"id":28618,"date":"2024-02-02T13:42:48","date_gmt":"2024-02-02T12:42:48","guid":{"rendered":"http:\/\/info.sadowne.pl\/?p=28618"},"modified":"2024-02-02T13:42:48","modified_gmt":"2024-02-02T12:42:48","slug":"chlopcy-nie-chca-spiewac-w-chorze-w-ostrowi","status":"publish","type":"post","link":"https:\/\/info.sadowne.pl\/?p=28618","title":{"rendered":"Ch\u0142opcy nie chc\u0105 \u015bpiewa\u0107 w ch\u00f3rze w Ostrowi,"},"content":{"rendered":"<p><strong><a href=\"http:\/\/info.sadowne.pl\/wp-content\/uploads\/2024\/02\/Brok162.jpg\" target=\"_blank\" rel=\"noopener\"><img loading=\"lazy\" decoding=\"async\" class=\"alignleft wp-image-28619 size-thumbnail\" src=\"http:\/\/info.sadowne.pl\/wp-content\/uploads\/2024\/02\/Brok162-180x130.jpg\" alt=\"\" width=\"180\" height=\"130\" \/><\/a>\u2026wikary rozja\u015bnia g\u0142owy nurskich parafian, aplikowanie paska w Puszczy, nie chc\u0105 serwitut\u00f3w w Rytelach, zab\u00f3jstwo w Bra\u0144szczyku.<\/strong><!--more--><\/p>\n<p>Z Ostrowi dochodz\u0105 prawie same dobre wiadomo\u015bci, bo z pomoc\u0105 parafian proboszcz utrzymuje ko\u015bci\u00f3\u0142 w pi\u0119knym stanie, a i cmentarz jest we wzorowym porz\u0105dku, tyle \u017ce ch\u0142opaczyska nie chc\u0105 w ch\u00f3rze \u015bpiewa\u0107, a dzwonnica bliska jest zawalenia. Wszystkiemu da si\u0119 jednak zaradzi\u0107, gdy\u017c parafianki i parafianie rubli nie \u017ca\u0142uj\u0105, a w miejsce drewnianego, da si\u0119 mo\u017ce postawi\u0107 ko\u015bci\u00f3\u0142 murowany.<\/p>\n<p>Parafianie z Nura p\u0142akali rzewnymi \u0142zami, gdy im odebrano wspania\u0142ego ksi\u0119dza, ale okaza\u0142o si\u0119, \u017ce ten nowy wcale gorszy nie jest i wszystkie si\u0142y swym owieczkom po\u015bwi\u0119ca.<\/p>\n<p>\u017begnamy si\u0119 z epopej\u0105 Dominika Staszewskiego dotycz\u0105c\u0105 \u017cycia tajemniczego, puszcza\u0144skiego ludu zwanego Kurpiami. Kto przebrn\u0105\u0142 przez kilkadziesi\u0105t odcink\u00f3w serialu, mo\u017ce \u015bmia\u0142o mieni\u0107 si\u0119 \u201ekurpiologiem\u201d, a swoj\u0105 wiedz\u0119 przeku\u0107 na brz\u0119cz\u0105c\u0105 monet\u0119 poprzez uczestnictwo w telewizyjnych zgadywankach tycz\u0105cych Puszcz Zielonej i Bia\u0142ej.<\/p>\n<p>W obliczu zagro\u017cenia niepodleg\u0142o\u015bci sejm uleg\u0142 w ko\u0144cu \u017c\u0105daniom partii ch\u0142opskich i w lipcu 1920 przyj\u0105\u0142 ustaw\u0119 o reformie rolnej. Parcelacji mia\u0142y podlega\u0107 maj\u0105tki o powierzchni wi\u0119kszej ni\u017c 180 ha w Polsce centralnej i 400 ha w wojew\u00f3dztwach wschodnich. Przepisy o przymusowej parcelacji z niepe\u0142nym odszkodowaniem okaza\u0142y si\u0119 jednak niezgodne z Konstytucj\u0105 z 1921 r. Now\u0105 ustaw\u0119 o reformie rolnej uchwalono w roku 1925. Powa\u017cn\u0105 przeszkod\u0105 we wdro\u017ceniu jej w \u017cycie by\u0142y m.in. serwituty, czyli uprawnienia w\u0142o\u015bcian do korzystania dajmy na to z pa\u0144skich pastwisk czy u\u017cytk\u00f3w le\u015bnych. Dzisiaj, podobne uprawnienia zw\u0105 si\u0119 s\u0142u\u017cebno\u015bciami i s\u0105 zapisywane w ksi\u0119gach wieczystych. Parcelowane dobra nale\u017ca\u0142o z serwitutowych obci\u0105\u017ce\u0144 oczy\u015bci\u0107, a tym, kt\u00f3rzy z serwitut\u00f3w czerpali korzy\u015bci, strat\u0119 zrekompensowa\u0107. W przeciwnym razie dosz\u0142oby do trudnego do wyobra\u017cenia ba\u0142aganu i nieko\u0144cz\u0105cych si\u0119 spor\u00f3w s\u0105dowych. W jednych miejscach sz\u0142o to g\u0142adko, w innych mniej sprawnie, a by\u0142y te\u017c takie, gdzie stosowne urz\u0119dy nie radzi\u0142y z sobie problemem w og\u00f3le. W nadbu\u017ca\u0144skich Rytelach mieli\u015bmy do czynienia z tym ostatnim przypadkiem.<\/p>\n<p>W nie a\u017c tak znowu odleg\u0142ych czasach wiejska czy ma\u0142omiasteczkowa zabawa nie mog\u0142a by\u0107 uznana za udan\u0105, gdy nie zako\u0144czy\u0142a si\u0119 jakim\u015b krymina\u0142kiem. W Bra\u0144szczyku nieco przesadzono, bo od uderzenia t\u0119pym narz\u0119dziem w g\u0142ow\u0119 zgin\u0105\u0142 tam cz\u0142owiek.<\/p>\n<p><strong>Wi\u0119cej na stronie <span style=\"color: #0000ff;\"><a style=\"color: #0000ff;\" href=\"https:\/\/madzelan.cba.pl\/chlopcy-nie-chca-spiewac-w-chorze-w-ostrowi-wikary-rozjasnia-glowy-nurskich-parafian-aplikowanie-paska-w-puszczy-nie-chca-serwitutow-w-rytelach-zabojstwo-w-branszczyku\/\" target=\"_blank\" rel=\"noopener\">https:\/\/madzelan.cba.pl\/chlopcy-nie-chca-spiewac-w-chorze-w-ostrowi-wikary-rozjasnia-glowy-nurskich-parafian-aplikowanie-paska-w-puszczy-nie-chca-serwitutow-w-rytelach-zabojstwo-w-branszczyku\/<\/a><\/span><\/strong><\/p>\n","protected":false},"excerpt":{"rendered":"<p>\u2026wikary rozja\u015bnia g\u0142owy nurskich parafian, aplikowanie paska w Puszczy, nie chc\u0105 serwitut\u00f3w w Rytelach, zab\u00f3jstwo w Bra\u0144szczyku.<\/p>\n","protected":false},"author":1,"featured_media":0,"comment_status":"closed","ping_status":"closed","sticky":false,"template":"","format":"standard","meta":{"footnotes":""},"categories":[5,3436,31],"tags":[3004,2956],"class_list":["post-28618","post","type-post","status-publish","format-standard","hentry","category-newsy","category-opowiesci-historie-legendy-brokowskie-i-nie-tylko","category-historia-gminy","tag-jerzy-madzelan","tag-opowiesci-historie-legendy-brokowskie-i-nie-tylko"],"views":1720,"_links":{"self":[{"href":"https:\/\/info.sadowne.pl\/index.php?rest_route=\/wp\/v2\/posts\/28618","targetHints":{"allow":["GET"]}}],"collection":[{"href":"https:\/\/info.sadowne.pl\/index.php?rest_route=\/wp\/v2\/posts"}],"about":[{"href":"https:\/\/info.sadowne.pl\/index.php?rest_route=\/wp\/v2\/types\/post"}],"author":[{"embeddable":true,"href":"https:\/\/info.sadowne.pl\/index.php?rest_route=\/wp\/v2\/users\/1"}],"replies":[{"embeddable":true,"href":"https:\/\/info.sadowne.pl\/index.php?rest_route=%2Fwp%2Fv2%2Fcomments&post=28618"}],"version-history":[{"count":1,"href":"https:\/\/info.sadowne.pl\/index.php?rest_route=\/wp\/v2\/posts\/28618\/revisions"}],"predecessor-version":[{"id":28620,"href":"https:\/\/info.sadowne.pl\/index.php?rest_route=\/wp\/v2\/posts\/28618\/revisions\/28620"}],"wp:attachment":[{"href":"https:\/\/info.sadowne.pl\/index.php?rest_route=%2Fwp%2Fv2%2Fmedia&parent=28618"}],"wp:term":[{"taxonomy":"category","embeddable":true,"href":"https:\/\/info.sadowne.pl\/index.php?rest_route=%2Fwp%2Fv2%2Fcategories&post=28618"},{"taxonomy":"post_tag","embeddable":true,"href":"https:\/\/info.sadowne.pl\/index.php?rest_route=%2Fwp%2Fv2%2Ftags&post=28618"}],"curies":[{"name":"wp","href":"https:\/\/api.w.org\/{rel}","templated":true}]}}